

{"id":8768,"date":"2022-03-23T10:25:19","date_gmt":"2022-03-23T09:25:19","guid":{"rendered":"http:\/\/www.oc.com.tn\/?p=8768"},"modified":"2022-03-23T10:25:24","modified_gmt":"2022-03-23T09:25:24","slug":"prix-de-vente-de-lorge-importe-3","status":"publish","type":"post","link":"https:\/\/www.oc.com.tn\/fr\/prix-de-vente-de-lorge-importe-3\/","title":{"rendered":"Prix de vente de l\u2019orge import\u00e9"},"content":{"rendered":"\n<p>L\u2019Office des c\u00e9r\u00e9ales annonce que le prix de vente de l\u2019orge import\u00e9e<br>aux Usines de fabrication de Chorba, de Caf\u00e9 et les Eleveurs de<br>chevaux est fix\u00e9 \u00e0 compter de la date du 21 mars 2022 comme suit :<br><strong>115,932 D\/quintal sans compter le prix du sac.<\/strong><br>Et, ce \u00e0 partir des silos autoris\u00e9s de l\u2019Office des c\u00e9r\u00e9ales et selon les<br>proc\u00e9dures en vigueur.<\/p>\n\n\n\n<p><strong><a href=\"http:\/\/www.oc.com.tn\/wp-content\/uploads\/2022\/02\/VENTE_ORGE_IMPORTEE_FR.pdf\" target=\"_blank\" rel=\"noreferrer noopener\">T\u00e9l\u00e9char<\/a><a href=\"http:\/\/www.oc.com.tn\/wp-content\/uploads\/2022\/03\/VENTE-ORGE-IMPORTE.pdf\" target=\"_blank\" rel=\"noreferrer noopener\">ger la publication<\/a><\/strong>&nbsp;<\/p>\n\n\n\n<p><\/p>\n\n\n\n<p><\/p>\n\n\n\n<p><\/p>\n","protected":false},"excerpt":{"rendered":"<p>L\u2019Office des c\u00e9r\u00e9ales annonce que le prix de vente de l\u2019orge import\u00e9eaux Usines de fabrication de Chorba, de Caf\u00e9 et les Eleveurs dechevaux est fix\u00e9 \u00e0 compter de la date du 21 mars 2022 comme suit :115,932 D\/quintal sans compter le prix du sac.Et, ce \u00e0 partir des silos autoris\u00e9s de l\u2019Office des c\u00e9r\u00e9ales et [&hellip;]<\/p>\n","protected":false},"author":5,"featured_media":0,"comment_status":"closed","ping_status":"open","sticky":false,"template":"","format":"standard","meta":{"_monsterinsights_skip_tracking":false,"_monsterinsights_sitenote_active":false,"_monsterinsights_sitenote_note":"","_monsterinsights_sitenote_category":0,"footnotes":""},"categories":[80],"tags":[],"class_list":["post-8768","post","type-post","status-publish","format-standard","hentry","category-avis-et-annonces"],"yoast_head":"<!-- This site is optimized with the Yoast SEO plugin v25.5 - https:\/\/yoast.com\/wordpress\/plugins\/seo\/ -->\n<title>Prix de vente de l\u2019orge import\u00e9 - Office des C\u00e9r\u00e9ales - Tunisie<\/title>\n<meta name=\"description\" content=\"Office des C\u00e9r\u00e9ales\" \/>\n<meta name=\"robots\" content=\"index, follow, max-snippet:-1, max-image-preview:large, max-video-preview:-1\" \/>\n<link rel=\"canonical\" href=\"https:\/\/www.oc.com.tn\/fr\/prix-de-vente-de-lorge-importe-3\/\" \/>\n<meta property=\"og:locale\" content=\"fr_FR\" \/>\n<meta property=\"og:type\" content=\"article\" \/>\n<meta property=\"og:title\" content=\"Prix de vente de l\u2019orge import\u00e9 - Office des C\u00e9r\u00e9ales - Tunisie\" \/>\n<meta property=\"og:description\" content=\"Office des C\u00e9r\u00e9ales\" \/>\n<meta property=\"og:url\" content=\"https:\/\/www.oc.com.tn\/fr\/prix-de-vente-de-lorge-importe-3\/\" \/>\n<meta property=\"og:site_name\" content=\"Office des C\u00e9r\u00e9ales - Tunisie\" \/>\n<meta property=\"article:publisher\" content=\"https:\/\/www.facebook.com\/profile.php?id=100069933501880\" \/>\n<meta property=\"article:published_time\" content=\"2022-03-23T09:25:19+00:00\" \/>\n<meta property=\"article:modified_time\" content=\"2022-03-23T09:25:24+00:00\" \/>\n<meta name=\"author\" content=\"tender\" \/>\n<meta name=\"twitter:card\" content=\"summary_large_image\" \/>\n<meta name=\"twitter:label1\" content=\"\u00c9crit par\" \/>\n\t<meta name=\"twitter:data1\" content=\"tender\" \/>\n\t<meta name=\"twitter:label2\" content=\"Dur\u00e9e de lecture estim\u00e9e\" \/>\n\t<meta name=\"twitter:data2\" content=\"1 minute\" \/>\n<script type=\"application\/ld+json\" class=\"yoast-schema-graph\">{\"@context\":\"https:\/\/schema.org\",\"@graph\":[{\"@type\":\"Article\",\"@id\":\"https:\/\/www.oc.com.tn\/fr\/prix-de-vente-de-lorge-importe-3\/#article\",\"isPartOf\":{\"@id\":\"https:\/\/www.oc.com.tn\/fr\/prix-de-vente-de-lorge-importe-3\/\"},\"author\":{\"name\":\"tender\",\"@id\":\"https:\/\/www.oc.com.tn\/fr\/#\/schema\/person\/7d67e98c12dbea10942a0f7988e7f7ac\"},\"headline\":\"Prix de vente de l\u2019orge import\u00e9\",\"datePublished\":\"2022-03-23T09:25:19+00:00\",\"dateModified\":\"2022-03-23T09:25:24+00:00\",\"mainEntityOfPage\":{\"@id\":\"https:\/\/www.oc.com.tn\/fr\/prix-de-vente-de-lorge-importe-3\/\"},\"wordCount\":80,\"publisher\":{\"@id\":\"https:\/\/www.oc.com.tn\/fr\/#organization\"},\"articleSection\":[\"Avis et Annonces\"],\"inLanguage\":\"fr-FR\"},{\"@type\":\"WebPage\",\"@id\":\"https:\/\/www.oc.com.tn\/fr\/prix-de-vente-de-lorge-importe-3\/\",\"url\":\"https:\/\/www.oc.com.tn\/fr\/prix-de-vente-de-lorge-importe-3\/\",\"name\":\"Prix de vente de l\u2019orge import\u00e9 - Office des C\u00e9r\u00e9ales - Tunisie\",\"isPartOf\":{\"@id\":\"https:\/\/www.oc.com.tn\/fr\/#website\"},\"datePublished\":\"2022-03-23T09:25:19+00:00\",\"dateModified\":\"2022-03-23T09:25:24+00:00\",\"description\":\"Office des C\u00e9r\u00e9ales\",\"breadcrumb\":{\"@id\":\"https:\/\/www.oc.com.tn\/fr\/prix-de-vente-de-lorge-importe-3\/#breadcrumb\"},\"inLanguage\":\"fr-FR\",\"potentialAction\":[{\"@type\":\"ReadAction\",\"target\":[\"https:\/\/www.oc.com.tn\/fr\/prix-de-vente-de-lorge-importe-3\/\"]}]},{\"@type\":\"BreadcrumbList\",\"@id\":\"https:\/\/www.oc.com.tn\/fr\/prix-de-vente-de-lorge-importe-3\/#breadcrumb\",\"itemListElement\":[{\"@type\":\"ListItem\",\"position\":1,\"name\":\"Accueil\",\"item\":\"https:\/\/www.oc.com.tn\/fr\/\"},{\"@type\":\"ListItem\",\"position\":2,\"name\":\"Prix de vente de l\u2019orge import\u00e9\"}]},{\"@type\":\"WebSite\",\"@id\":\"https:\/\/www.oc.com.tn\/fr\/#website\",\"url\":\"https:\/\/www.oc.com.tn\/fr\/\",\"name\":\"Office des C\u00e9r\u00e9ales - Tunisie\",\"description\":\"Office des C\u00e9r\u00e9ales - Tunisie\",\"publisher\":{\"@id\":\"https:\/\/www.oc.com.tn\/fr\/#organization\"},\"alternateName\":\"Office des C\u00e9r\u00e9ales - Tunisie\",\"potentialAction\":[{\"@type\":\"SearchAction\",\"target\":{\"@type\":\"EntryPoint\",\"urlTemplate\":\"https:\/\/www.oc.com.tn\/fr\/?s={search_term_string}\"},\"query-input\":{\"@type\":\"PropertyValueSpecification\",\"valueRequired\":true,\"valueName\":\"search_term_string\"}}],\"inLanguage\":\"fr-FR\"},{\"@type\":\"Organization\",\"@id\":\"https:\/\/www.oc.com.tn\/fr\/#organization\",\"name\":\"Office des C\u00e9r\u00e9ales - Tunisie\",\"url\":\"https:\/\/www.oc.com.tn\/fr\/\",\"logo\":{\"@type\":\"ImageObject\",\"inLanguage\":\"fr-FR\",\"@id\":\"https:\/\/www.oc.com.tn\/fr\/#\/schema\/logo\/image\/\",\"url\":\"https:\/\/www.oc.com.tn\/wp-content\/uploads\/2020\/07\/Logo.png\",\"contentUrl\":\"https:\/\/www.oc.com.tn\/wp-content\/uploads\/2020\/07\/Logo.png\",\"width\":47,\"height\":74,\"caption\":\"Office des C\u00e9r\u00e9ales - Tunisie\"},\"image\":{\"@id\":\"https:\/\/www.oc.com.tn\/fr\/#\/schema\/logo\/image\/\"},\"sameAs\":[\"https:\/\/www.facebook.com\/profile.php?id=100069933501880\"]},{\"@type\":\"Person\",\"@id\":\"https:\/\/www.oc.com.tn\/fr\/#\/schema\/person\/7d67e98c12dbea10942a0f7988e7f7ac\",\"name\":\"tender\",\"image\":{\"@type\":\"ImageObject\",\"inLanguage\":\"fr-FR\",\"@id\":\"https:\/\/www.oc.com.tn\/fr\/#\/schema\/person\/image\/\",\"url\":\"https:\/\/secure.gravatar.com\/avatar\/61d83a4ac29a23ca8e4f6724b2138881ea510fe08034853f92679db97b103b3d?s=96&d=mm&r=g\",\"contentUrl\":\"https:\/\/secure.gravatar.com\/avatar\/61d83a4ac29a23ca8e4f6724b2138881ea510fe08034853f92679db97b103b3d?s=96&d=mm&r=g\",\"caption\":\"tender\"},\"url\":\"https:\/\/www.oc.com.tn\/fr\/author\/tender\/\"}]}<\/script>\n<!-- \/ Yoast SEO plugin. -->","yoast_head_json":{"title":"Prix de vente de l\u2019orge import\u00e9 - Office des C\u00e9r\u00e9ales - Tunisie","description":"Office des C\u00e9r\u00e9ales","robots":{"index":"index","follow":"follow","max-snippet":"max-snippet:-1","max-image-preview":"max-image-preview:large","max-video-preview":"max-video-preview:-1"},"canonical":"https:\/\/www.oc.com.tn\/fr\/prix-de-vente-de-lorge-importe-3\/","og_locale":"fr_FR","og_type":"article","og_title":"Prix de vente de l\u2019orge import\u00e9 - Office des C\u00e9r\u00e9ales - Tunisie","og_description":"Office des C\u00e9r\u00e9ales","og_url":"https:\/\/www.oc.com.tn\/fr\/prix-de-vente-de-lorge-importe-3\/","og_site_name":"Office des C\u00e9r\u00e9ales - Tunisie","article_publisher":"https:\/\/www.facebook.com\/profile.php?id=100069933501880","article_published_time":"2022-03-23T09:25:19+00:00","article_modified_time":"2022-03-23T09:25:24+00:00","author":"tender","twitter_card":"summary_large_image","twitter_misc":{"\u00c9crit par":"tender","Dur\u00e9e de lecture estim\u00e9e":"1 minute"},"schema":{"@context":"https:\/\/schema.org","@graph":[{"@type":"Article","@id":"https:\/\/www.oc.com.tn\/fr\/prix-de-vente-de-lorge-importe-3\/#article","isPartOf":{"@id":"https:\/\/www.oc.com.tn\/fr\/prix-de-vente-de-lorge-importe-3\/"},"author":{"name":"tender","@id":"https:\/\/www.oc.com.tn\/fr\/#\/schema\/person\/7d67e98c12dbea10942a0f7988e7f7ac"},"headline":"Prix de vente de l\u2019orge import\u00e9","datePublished":"2022-03-23T09:25:19+00:00","dateModified":"2022-03-23T09:25:24+00:00","mainEntityOfPage":{"@id":"https:\/\/www.oc.com.tn\/fr\/prix-de-vente-de-lorge-importe-3\/"},"wordCount":80,"publisher":{"@id":"https:\/\/www.oc.com.tn\/fr\/#organization"},"articleSection":["Avis et Annonces"],"inLanguage":"fr-FR"},{"@type":"WebPage","@id":"https:\/\/www.oc.com.tn\/fr\/prix-de-vente-de-lorge-importe-3\/","url":"https:\/\/www.oc.com.tn\/fr\/prix-de-vente-de-lorge-importe-3\/","name":"Prix de vente de l\u2019orge import\u00e9 - Office des C\u00e9r\u00e9ales - Tunisie","isPartOf":{"@id":"https:\/\/www.oc.com.tn\/fr\/#website"},"datePublished":"2022-03-23T09:25:19+00:00","dateModified":"2022-03-23T09:25:24+00:00","description":"Office des C\u00e9r\u00e9ales","breadcrumb":{"@id":"https:\/\/www.oc.com.tn\/fr\/prix-de-vente-de-lorge-importe-3\/#breadcrumb"},"inLanguage":"fr-FR","potentialAction":[{"@type":"ReadAction","target":["https:\/\/www.oc.com.tn\/fr\/prix-de-vente-de-lorge-importe-3\/"]}]},{"@type":"BreadcrumbList","@id":"https:\/\/www.oc.com.tn\/fr\/prix-de-vente-de-lorge-importe-3\/#breadcrumb","itemListElement":[{"@type":"ListItem","position":1,"name":"Accueil","item":"https:\/\/www.oc.com.tn\/fr\/"},{"@type":"ListItem","position":2,"name":"Prix de vente de l\u2019orge import\u00e9"}]},{"@type":"WebSite","@id":"https:\/\/www.oc.com.tn\/fr\/#website","url":"https:\/\/www.oc.com.tn\/fr\/","name":"Office des C\u00e9r\u00e9ales - Tunisie","description":"Office des C\u00e9r\u00e9ales - Tunisie","publisher":{"@id":"https:\/\/www.oc.com.tn\/fr\/#organization"},"alternateName":"Office des C\u00e9r\u00e9ales - Tunisie","potentialAction":[{"@type":"SearchAction","target":{"@type":"EntryPoint","urlTemplate":"https:\/\/www.oc.com.tn\/fr\/?s={search_term_string}"},"query-input":{"@type":"PropertyValueSpecification","valueRequired":true,"valueName":"search_term_string"}}],"inLanguage":"fr-FR"},{"@type":"Organization","@id":"https:\/\/www.oc.com.tn\/fr\/#organization","name":"Office des C\u00e9r\u00e9ales - Tunisie","url":"https:\/\/www.oc.com.tn\/fr\/","logo":{"@type":"ImageObject","inLanguage":"fr-FR","@id":"https:\/\/www.oc.com.tn\/fr\/#\/schema\/logo\/image\/","url":"https:\/\/www.oc.com.tn\/wp-content\/uploads\/2020\/07\/Logo.png","contentUrl":"https:\/\/www.oc.com.tn\/wp-content\/uploads\/2020\/07\/Logo.png","width":47,"height":74,"caption":"Office des C\u00e9r\u00e9ales - Tunisie"},"image":{"@id":"https:\/\/www.oc.com.tn\/fr\/#\/schema\/logo\/image\/"},"sameAs":["https:\/\/www.facebook.com\/profile.php?id=100069933501880"]},{"@type":"Person","@id":"https:\/\/www.oc.com.tn\/fr\/#\/schema\/person\/7d67e98c12dbea10942a0f7988e7f7ac","name":"tender","image":{"@type":"ImageObject","inLanguage":"fr-FR","@id":"https:\/\/www.oc.com.tn\/fr\/#\/schema\/person\/image\/","url":"https:\/\/secure.gravatar.com\/avatar\/61d83a4ac29a23ca8e4f6724b2138881ea510fe08034853f92679db97b103b3d?s=96&d=mm&r=g","contentUrl":"https:\/\/secure.gravatar.com\/avatar\/61d83a4ac29a23ca8e4f6724b2138881ea510fe08034853f92679db97b103b3d?s=96&d=mm&r=g","caption":"tender"},"url":"https:\/\/www.oc.com.tn\/fr\/author\/tender\/"}]}},"_links":{"self":[{"href":"https:\/\/www.oc.com.tn\/fr\/wp-json\/wp\/v2\/posts\/8768","targetHints":{"allow":["GET"]}}],"collection":[{"href":"https:\/\/www.oc.com.tn\/fr\/wp-json\/wp\/v2\/posts"}],"about":[{"href":"https:\/\/www.oc.com.tn\/fr\/wp-json\/wp\/v2\/types\/post"}],"author":[{"embeddable":true,"href":"https:\/\/www.oc.com.tn\/fr\/wp-json\/wp\/v2\/users\/5"}],"replies":[{"embeddable":true,"href":"https:\/\/www.oc.com.tn\/fr\/wp-json\/wp\/v2\/comments?post=8768"}],"version-history":[{"count":5,"href":"https:\/\/www.oc.com.tn\/fr\/wp-json\/wp\/v2\/posts\/8768\/revisions"}],"predecessor-version":[{"id":8778,"href":"https:\/\/www.oc.com.tn\/fr\/wp-json\/wp\/v2\/posts\/8768\/revisions\/8778"}],"wp:attachment":[{"href":"https:\/\/www.oc.com.tn\/fr\/wp-json\/wp\/v2\/media?parent=8768"}],"wp:term":[{"taxonomy":"category","embeddable":true,"href":"https:\/\/www.oc.com.tn\/fr\/wp-json\/wp\/v2\/categories?post=8768"},{"taxonomy":"post_tag","embeddable":true,"href":"https:\/\/www.oc.com.tn\/fr\/wp-json\/wp\/v2\/tags?post=8768"}],"curies":[{"name":"wp","href":"https:\/\/api.w.org\/{rel}","templated":true}]}}