

{"id":8721,"date":"2022-03-17T14:21:33","date_gmt":"2022-03-17T13:21:33","guid":{"rendered":"http:\/\/www.oc.com.tn\/?p=8721"},"modified":"2022-03-17T16:04:35","modified_gmt":"2022-03-17T15:04:35","slug":"comite-des-directeurs-elargi","status":"publish","type":"post","link":"https:\/\/www.oc.com.tn\/fr\/comite-des-directeurs-elargi\/","title":{"rendered":"Comit\u00e9 des Directeurs Elargi"},"content":{"rendered":"\n<p>Le Comit\u00e9 des Directeurs \u00e9largi de l&#8217;Office des c\u00e9r\u00e9ales a tenu sa premi\u00e8re r\u00e9union au titre de l\u2019ann\u00e9e 2022, le 16 mars courant \u00e0 l&#8217;Institut National P\u00e9dagogique et de Formation Continue Agricole \u00e0 Sidi Thabet (INPFCA) et ce, en pr\u00e9sence des Directeurs Centraux et r\u00e9gionaux et des Chefs de circonscriptions R\u00e9gionales.<\/p>\n\n\n\n<p>Pendant cette r\u00e9union l\u2019int\u00e9r\u00eat a \u00e9t\u00e9 port\u00e9 essentiellement sur les pr\u00e9paratifs relatifs \u00e0 la campagne de collecte 2022 et \u00e0 l\u2019approvisionnement du pays en c\u00e9r\u00e9ales. Le comit\u00e9 a eu aussi l\u2019occasion de traiter de plusieurs rapports dont notamment ceux relatifs aux travaux du comit\u00e9 charg\u00e9 des affaires fonci\u00e8res de l\u2019Office et du comit\u00e9 charg\u00e9 du contr\u00f4le des centres de collectes au cours de la campagne 2021. L\u2019ordre du jour a \u00e9t\u00e9 consacr\u00e9 aussi pour d\u00e9battre de quelques points d\u2019ordre organisationnels (proc\u00e9dures, tenue de documents comptables\u2026).<\/p>\n\n\n\n<figure class=\"wp-block-image size-full\"><img fetchpriority=\"high\" decoding=\"async\" width=\"943\" height=\"424\" src=\"http:\/\/www.oc.com.tn\/wp-content\/uploads\/2022\/03\/1f.png\" alt=\"\" class=\"wp-image-8724\" srcset=\"https:\/\/www.oc.com.tn\/wp-content\/uploads\/2022\/03\/1f.png 943w, https:\/\/www.oc.com.tn\/wp-content\/uploads\/2022\/03\/1f-300x135.png 300w, https:\/\/www.oc.com.tn\/wp-content\/uploads\/2022\/03\/1f-768x345.png 768w, https:\/\/www.oc.com.tn\/wp-content\/uploads\/2022\/03\/1f-730x328.png 730w\" sizes=\"(max-width: 943px) 100vw, 943px\" \/><\/figure>\n\n\n\n<figure class=\"wp-block-image size-full\"><img decoding=\"async\" width=\"943\" height=\"424\" data-src=\"http:\/\/www.oc.com.tn\/wp-content\/uploads\/2022\/03\/2f.png\" alt=\"\" class=\"wp-image-8727 lazyload\" data-srcset=\"https:\/\/www.oc.com.tn\/wp-content\/uploads\/2022\/03\/2f.png 943w, https:\/\/www.oc.com.tn\/wp-content\/uploads\/2022\/03\/2f-300x135.png 300w, https:\/\/www.oc.com.tn\/wp-content\/uploads\/2022\/03\/2f-768x345.png 768w, https:\/\/www.oc.com.tn\/wp-content\/uploads\/2022\/03\/2f-730x328.png 730w\" data-sizes=\"(max-width: 943px) 100vw, 943px\" src=\"data:image\/svg+xml;base64,PHN2ZyB3aWR0aD0iMSIgaGVpZ2h0PSIxIiB4bWxucz0iaHR0cDovL3d3dy53My5vcmcvMjAwMC9zdmciPjwvc3ZnPg==\" style=\"--smush-placeholder-width: 943px; --smush-placeholder-aspect-ratio: 943\/424;\" \/><\/figure>\n\n\n\n<figure class=\"wp-block-image size-full\"><img decoding=\"async\" width=\"943\" height=\"424\" data-src=\"http:\/\/www.oc.com.tn\/wp-content\/uploads\/2022\/03\/3f.png\" alt=\"\" class=\"wp-image-8730 lazyload\" data-srcset=\"https:\/\/www.oc.com.tn\/wp-content\/uploads\/2022\/03\/3f.png 943w, https:\/\/www.oc.com.tn\/wp-content\/uploads\/2022\/03\/3f-300x135.png 300w, https:\/\/www.oc.com.tn\/wp-content\/uploads\/2022\/03\/3f-768x345.png 768w, https:\/\/www.oc.com.tn\/wp-content\/uploads\/2022\/03\/3f-730x328.png 730w\" data-sizes=\"(max-width: 943px) 100vw, 943px\" src=\"data:image\/svg+xml;base64,PHN2ZyB3aWR0aD0iMSIgaGVpZ2h0PSIxIiB4bWxucz0iaHR0cDovL3d3dy53My5vcmcvMjAwMC9zdmciPjwvc3ZnPg==\" style=\"--smush-placeholder-width: 943px; --smush-placeholder-aspect-ratio: 943\/424;\" \/><\/figure>\n","protected":false},"excerpt":{"rendered":"<p>Le Comit\u00e9 des Directeurs \u00e9largi de l&#8217;Office des c\u00e9r\u00e9ales a tenu sa premi\u00e8re r\u00e9union au titre de l\u2019ann\u00e9e 2022, le 16 mars courant \u00e0 l&#8217;Institut National P\u00e9dagogique et de Formation Continue Agricole \u00e0 Sidi Thabet (INPFCA) et ce, en pr\u00e9sence des Directeurs Centraux et r\u00e9gionaux et des Chefs de circonscriptions R\u00e9gionales. Pendant cette r\u00e9union l\u2019int\u00e9r\u00eat [&hellip;]<\/p>\n","protected":false},"author":1,"featured_media":8756,"comment_status":"closed","ping_status":"open","sticky":false,"template":"","format":"standard","meta":{"_monsterinsights_skip_tracking":false,"_monsterinsights_sitenote_active":false,"_monsterinsights_sitenote_note":"","_monsterinsights_sitenote_category":0,"footnotes":""},"categories":[98],"tags":[],"class_list":["post-8721","post","type-post","status-publish","format-standard","has-post-thumbnail","hentry","category-actualites"],"yoast_head":"<!-- This site is optimized with the Yoast SEO plugin v25.5 - https:\/\/yoast.com\/wordpress\/plugins\/seo\/ -->\n<title>Comit\u00e9 des Directeurs Elargi - Office des C\u00e9r\u00e9ales - Tunisie<\/title>\n<meta name=\"description\" content=\"Office des C\u00e9r\u00e9ales\" \/>\n<meta name=\"robots\" content=\"index, follow, max-snippet:-1, max-image-preview:large, max-video-preview:-1\" \/>\n<link rel=\"canonical\" href=\"https:\/\/www.oc.com.tn\/fr\/comite-des-directeurs-elargi\/\" \/>\n<meta property=\"og:locale\" content=\"fr_FR\" \/>\n<meta property=\"og:type\" content=\"article\" \/>\n<meta property=\"og:title\" content=\"Comit\u00e9 des Directeurs Elargi - Office des C\u00e9r\u00e9ales - Tunisie\" \/>\n<meta property=\"og:description\" content=\"Office des C\u00e9r\u00e9ales\" \/>\n<meta property=\"og:url\" content=\"https:\/\/www.oc.com.tn\/fr\/comite-des-directeurs-elargi\/\" \/>\n<meta property=\"og:site_name\" content=\"Office des C\u00e9r\u00e9ales - Tunisie\" \/>\n<meta property=\"article:publisher\" content=\"https:\/\/www.facebook.com\/profile.php?id=100069933501880\" \/>\n<meta property=\"article:published_time\" content=\"2022-03-17T13:21:33+00:00\" \/>\n<meta property=\"article:modified_time\" content=\"2022-03-17T15:04:35+00:00\" \/>\n<meta property=\"og:image\" content=\"https:\/\/www.oc.com.tn\/wp-content\/uploads\/2022\/03\/1a-1.png\" \/>\n\t<meta property=\"og:image:width\" content=\"943\" \/>\n\t<meta property=\"og:image:height\" content=\"424\" \/>\n\t<meta property=\"og:image:type\" content=\"image\/png\" \/>\n<meta name=\"author\" content=\"admin\" \/>\n<meta name=\"twitter:card\" content=\"summary_large_image\" \/>\n<meta name=\"twitter:label1\" content=\"\u00c9crit par\" \/>\n\t<meta name=\"twitter:data1\" content=\"admin\" \/>\n\t<meta name=\"twitter:label2\" content=\"Dur\u00e9e de lecture estim\u00e9e\" \/>\n\t<meta name=\"twitter:data2\" content=\"2 minutes\" \/>\n<script type=\"application\/ld+json\" class=\"yoast-schema-graph\">{\"@context\":\"https:\/\/schema.org\",\"@graph\":[{\"@type\":\"Article\",\"@id\":\"https:\/\/www.oc.com.tn\/fr\/comite-des-directeurs-elargi\/#article\",\"isPartOf\":{\"@id\":\"https:\/\/www.oc.com.tn\/fr\/comite-des-directeurs-elargi\/\"},\"author\":{\"name\":\"admin\",\"@id\":\"https:\/\/www.oc.com.tn\/fr\/#\/schema\/person\/768d712056151bcf1673fea30d58b995\"},\"headline\":\"Comit\u00e9 des Directeurs Elargi\",\"datePublished\":\"2022-03-17T13:21:33+00:00\",\"dateModified\":\"2022-03-17T15:04:35+00:00\",\"mainEntityOfPage\":{\"@id\":\"https:\/\/www.oc.com.tn\/fr\/comite-des-directeurs-elargi\/\"},\"wordCount\":158,\"publisher\":{\"@id\":\"https:\/\/www.oc.com.tn\/fr\/#organization\"},\"image\":{\"@id\":\"https:\/\/www.oc.com.tn\/fr\/comite-des-directeurs-elargi\/#primaryimage\"},\"thumbnailUrl\":\"https:\/\/www.oc.com.tn\/wp-content\/uploads\/2022\/03\/1a-1.png\",\"articleSection\":[\"Actualit\u00e9s\"],\"inLanguage\":\"fr-FR\"},{\"@type\":\"WebPage\",\"@id\":\"https:\/\/www.oc.com.tn\/fr\/comite-des-directeurs-elargi\/\",\"url\":\"https:\/\/www.oc.com.tn\/fr\/comite-des-directeurs-elargi\/\",\"name\":\"Comit\u00e9 des Directeurs Elargi - Office des C\u00e9r\u00e9ales - Tunisie\",\"isPartOf\":{\"@id\":\"https:\/\/www.oc.com.tn\/fr\/#website\"},\"primaryImageOfPage\":{\"@id\":\"https:\/\/www.oc.com.tn\/fr\/comite-des-directeurs-elargi\/#primaryimage\"},\"image\":{\"@id\":\"https:\/\/www.oc.com.tn\/fr\/comite-des-directeurs-elargi\/#primaryimage\"},\"thumbnailUrl\":\"https:\/\/www.oc.com.tn\/wp-content\/uploads\/2022\/03\/1a-1.png\",\"datePublished\":\"2022-03-17T13:21:33+00:00\",\"dateModified\":\"2022-03-17T15:04:35+00:00\",\"description\":\"Office des C\u00e9r\u00e9ales\",\"breadcrumb\":{\"@id\":\"https:\/\/www.oc.com.tn\/fr\/comite-des-directeurs-elargi\/#breadcrumb\"},\"inLanguage\":\"fr-FR\",\"potentialAction\":[{\"@type\":\"ReadAction\",\"target\":[\"https:\/\/www.oc.com.tn\/fr\/comite-des-directeurs-elargi\/\"]}]},{\"@type\":\"ImageObject\",\"inLanguage\":\"fr-FR\",\"@id\":\"https:\/\/www.oc.com.tn\/fr\/comite-des-directeurs-elargi\/#primaryimage\",\"url\":\"https:\/\/www.oc.com.tn\/wp-content\/uploads\/2022\/03\/1a-1.png\",\"contentUrl\":\"https:\/\/www.oc.com.tn\/wp-content\/uploads\/2022\/03\/1a-1.png\",\"width\":943,\"height\":424},{\"@type\":\"BreadcrumbList\",\"@id\":\"https:\/\/www.oc.com.tn\/fr\/comite-des-directeurs-elargi\/#breadcrumb\",\"itemListElement\":[{\"@type\":\"ListItem\",\"position\":1,\"name\":\"Accueil\",\"item\":\"https:\/\/www.oc.com.tn\/fr\/\"},{\"@type\":\"ListItem\",\"position\":2,\"name\":\"Comit\u00e9 des Directeurs Elargi\"}]},{\"@type\":\"WebSite\",\"@id\":\"https:\/\/www.oc.com.tn\/fr\/#website\",\"url\":\"https:\/\/www.oc.com.tn\/fr\/\",\"name\":\"Office des C\u00e9r\u00e9ales - Tunisie\",\"description\":\"Office des C\u00e9r\u00e9ales - Tunisie\",\"publisher\":{\"@id\":\"https:\/\/www.oc.com.tn\/fr\/#organization\"},\"alternateName\":\"Office des C\u00e9r\u00e9ales - Tunisie\",\"potentialAction\":[{\"@type\":\"SearchAction\",\"target\":{\"@type\":\"EntryPoint\",\"urlTemplate\":\"https:\/\/www.oc.com.tn\/fr\/?s={search_term_string}\"},\"query-input\":{\"@type\":\"PropertyValueSpecification\",\"valueRequired\":true,\"valueName\":\"search_term_string\"}}],\"inLanguage\":\"fr-FR\"},{\"@type\":\"Organization\",\"@id\":\"https:\/\/www.oc.com.tn\/fr\/#organization\",\"name\":\"Office des C\u00e9r\u00e9ales - Tunisie\",\"url\":\"https:\/\/www.oc.com.tn\/fr\/\",\"logo\":{\"@type\":\"ImageObject\",\"inLanguage\":\"fr-FR\",\"@id\":\"https:\/\/www.oc.com.tn\/fr\/#\/schema\/logo\/image\/\",\"url\":\"https:\/\/www.oc.com.tn\/wp-content\/uploads\/2020\/07\/Logo.png\",\"contentUrl\":\"https:\/\/www.oc.com.tn\/wp-content\/uploads\/2020\/07\/Logo.png\",\"width\":47,\"height\":74,\"caption\":\"Office des C\u00e9r\u00e9ales - Tunisie\"},\"image\":{\"@id\":\"https:\/\/www.oc.com.tn\/fr\/#\/schema\/logo\/image\/\"},\"sameAs\":[\"https:\/\/www.facebook.com\/profile.php?id=100069933501880\"]},{\"@type\":\"Person\",\"@id\":\"https:\/\/www.oc.com.tn\/fr\/#\/schema\/person\/768d712056151bcf1673fea30d58b995\",\"name\":\"admin\",\"image\":{\"@type\":\"ImageObject\",\"inLanguage\":\"fr-FR\",\"@id\":\"https:\/\/www.oc.com.tn\/fr\/#\/schema\/person\/image\/\",\"url\":\"https:\/\/secure.gravatar.com\/avatar\/913c1bfcf4e8248c3db121a857b2f3ea401a3da66d6755a432ba1eb4a5e027d9?s=96&d=mm&r=g\",\"contentUrl\":\"https:\/\/secure.gravatar.com\/avatar\/913c1bfcf4e8248c3db121a857b2f3ea401a3da66d6755a432ba1eb4a5e027d9?s=96&d=mm&r=g\",\"caption\":\"admin\"},\"sameAs\":[\"http:\/\/www.oc.com.tn\"],\"url\":\"https:\/\/www.oc.com.tn\/fr\/author\/admin\/\"}]}<\/script>\n<!-- \/ Yoast SEO plugin. -->","yoast_head_json":{"title":"Comit\u00e9 des Directeurs Elargi - Office des C\u00e9r\u00e9ales - Tunisie","description":"Office des C\u00e9r\u00e9ales","robots":{"index":"index","follow":"follow","max-snippet":"max-snippet:-1","max-image-preview":"max-image-preview:large","max-video-preview":"max-video-preview:-1"},"canonical":"https:\/\/www.oc.com.tn\/fr\/comite-des-directeurs-elargi\/","og_locale":"fr_FR","og_type":"article","og_title":"Comit\u00e9 des Directeurs Elargi - Office des C\u00e9r\u00e9ales - Tunisie","og_description":"Office des C\u00e9r\u00e9ales","og_url":"https:\/\/www.oc.com.tn\/fr\/comite-des-directeurs-elargi\/","og_site_name":"Office des C\u00e9r\u00e9ales - Tunisie","article_publisher":"https:\/\/www.facebook.com\/profile.php?id=100069933501880","article_published_time":"2022-03-17T13:21:33+00:00","article_modified_time":"2022-03-17T15:04:35+00:00","og_image":[{"width":943,"height":424,"url":"https:\/\/www.oc.com.tn\/wp-content\/uploads\/2022\/03\/1a-1.png","type":"image\/png"}],"author":"admin","twitter_card":"summary_large_image","twitter_misc":{"\u00c9crit par":"admin","Dur\u00e9e de lecture estim\u00e9e":"2 minutes"},"schema":{"@context":"https:\/\/schema.org","@graph":[{"@type":"Article","@id":"https:\/\/www.oc.com.tn\/fr\/comite-des-directeurs-elargi\/#article","isPartOf":{"@id":"https:\/\/www.oc.com.tn\/fr\/comite-des-directeurs-elargi\/"},"author":{"name":"admin","@id":"https:\/\/www.oc.com.tn\/fr\/#\/schema\/person\/768d712056151bcf1673fea30d58b995"},"headline":"Comit\u00e9 des Directeurs Elargi","datePublished":"2022-03-17T13:21:33+00:00","dateModified":"2022-03-17T15:04:35+00:00","mainEntityOfPage":{"@id":"https:\/\/www.oc.com.tn\/fr\/comite-des-directeurs-elargi\/"},"wordCount":158,"publisher":{"@id":"https:\/\/www.oc.com.tn\/fr\/#organization"},"image":{"@id":"https:\/\/www.oc.com.tn\/fr\/comite-des-directeurs-elargi\/#primaryimage"},"thumbnailUrl":"https:\/\/www.oc.com.tn\/wp-content\/uploads\/2022\/03\/1a-1.png","articleSection":["Actualit\u00e9s"],"inLanguage":"fr-FR"},{"@type":"WebPage","@id":"https:\/\/www.oc.com.tn\/fr\/comite-des-directeurs-elargi\/","url":"https:\/\/www.oc.com.tn\/fr\/comite-des-directeurs-elargi\/","name":"Comit\u00e9 des Directeurs Elargi - Office des C\u00e9r\u00e9ales - Tunisie","isPartOf":{"@id":"https:\/\/www.oc.com.tn\/fr\/#website"},"primaryImageOfPage":{"@id":"https:\/\/www.oc.com.tn\/fr\/comite-des-directeurs-elargi\/#primaryimage"},"image":{"@id":"https:\/\/www.oc.com.tn\/fr\/comite-des-directeurs-elargi\/#primaryimage"},"thumbnailUrl":"https:\/\/www.oc.com.tn\/wp-content\/uploads\/2022\/03\/1a-1.png","datePublished":"2022-03-17T13:21:33+00:00","dateModified":"2022-03-17T15:04:35+00:00","description":"Office des C\u00e9r\u00e9ales","breadcrumb":{"@id":"https:\/\/www.oc.com.tn\/fr\/comite-des-directeurs-elargi\/#breadcrumb"},"inLanguage":"fr-FR","potentialAction":[{"@type":"ReadAction","target":["https:\/\/www.oc.com.tn\/fr\/comite-des-directeurs-elargi\/"]}]},{"@type":"ImageObject","inLanguage":"fr-FR","@id":"https:\/\/www.oc.com.tn\/fr\/comite-des-directeurs-elargi\/#primaryimage","url":"https:\/\/www.oc.com.tn\/wp-content\/uploads\/2022\/03\/1a-1.png","contentUrl":"https:\/\/www.oc.com.tn\/wp-content\/uploads\/2022\/03\/1a-1.png","width":943,"height":424},{"@type":"BreadcrumbList","@id":"https:\/\/www.oc.com.tn\/fr\/comite-des-directeurs-elargi\/#breadcrumb","itemListElement":[{"@type":"ListItem","position":1,"name":"Accueil","item":"https:\/\/www.oc.com.tn\/fr\/"},{"@type":"ListItem","position":2,"name":"Comit\u00e9 des Directeurs Elargi"}]},{"@type":"WebSite","@id":"https:\/\/www.oc.com.tn\/fr\/#website","url":"https:\/\/www.oc.com.tn\/fr\/","name":"Office des C\u00e9r\u00e9ales - Tunisie","description":"Office des C\u00e9r\u00e9ales - Tunisie","publisher":{"@id":"https:\/\/www.oc.com.tn\/fr\/#organization"},"alternateName":"Office des C\u00e9r\u00e9ales - Tunisie","potentialAction":[{"@type":"SearchAction","target":{"@type":"EntryPoint","urlTemplate":"https:\/\/www.oc.com.tn\/fr\/?s={search_term_string}"},"query-input":{"@type":"PropertyValueSpecification","valueRequired":true,"valueName":"search_term_string"}}],"inLanguage":"fr-FR"},{"@type":"Organization","@id":"https:\/\/www.oc.com.tn\/fr\/#organization","name":"Office des C\u00e9r\u00e9ales - Tunisie","url":"https:\/\/www.oc.com.tn\/fr\/","logo":{"@type":"ImageObject","inLanguage":"fr-FR","@id":"https:\/\/www.oc.com.tn\/fr\/#\/schema\/logo\/image\/","url":"https:\/\/www.oc.com.tn\/wp-content\/uploads\/2020\/07\/Logo.png","contentUrl":"https:\/\/www.oc.com.tn\/wp-content\/uploads\/2020\/07\/Logo.png","width":47,"height":74,"caption":"Office des C\u00e9r\u00e9ales - Tunisie"},"image":{"@id":"https:\/\/www.oc.com.tn\/fr\/#\/schema\/logo\/image\/"},"sameAs":["https:\/\/www.facebook.com\/profile.php?id=100069933501880"]},{"@type":"Person","@id":"https:\/\/www.oc.com.tn\/fr\/#\/schema\/person\/768d712056151bcf1673fea30d58b995","name":"admin","image":{"@type":"ImageObject","inLanguage":"fr-FR","@id":"https:\/\/www.oc.com.tn\/fr\/#\/schema\/person\/image\/","url":"https:\/\/secure.gravatar.com\/avatar\/913c1bfcf4e8248c3db121a857b2f3ea401a3da66d6755a432ba1eb4a5e027d9?s=96&d=mm&r=g","contentUrl":"https:\/\/secure.gravatar.com\/avatar\/913c1bfcf4e8248c3db121a857b2f3ea401a3da66d6755a432ba1eb4a5e027d9?s=96&d=mm&r=g","caption":"admin"},"sameAs":["http:\/\/www.oc.com.tn"],"url":"https:\/\/www.oc.com.tn\/fr\/author\/admin\/"}]}},"_links":{"self":[{"href":"https:\/\/www.oc.com.tn\/fr\/wp-json\/wp\/v2\/posts\/8721","targetHints":{"allow":["GET"]}}],"collection":[{"href":"https:\/\/www.oc.com.tn\/fr\/wp-json\/wp\/v2\/posts"}],"about":[{"href":"https:\/\/www.oc.com.tn\/fr\/wp-json\/wp\/v2\/types\/post"}],"author":[{"embeddable":true,"href":"https:\/\/www.oc.com.tn\/fr\/wp-json\/wp\/v2\/users\/1"}],"replies":[{"embeddable":true,"href":"https:\/\/www.oc.com.tn\/fr\/wp-json\/wp\/v2\/comments?post=8721"}],"version-history":[{"count":2,"href":"https:\/\/www.oc.com.tn\/fr\/wp-json\/wp\/v2\/posts\/8721\/revisions"}],"predecessor-version":[{"id":8733,"href":"https:\/\/www.oc.com.tn\/fr\/wp-json\/wp\/v2\/posts\/8721\/revisions\/8733"}],"wp:featuredmedia":[{"embeddable":true,"href":"https:\/\/www.oc.com.tn\/fr\/wp-json\/wp\/v2\/media\/8756"}],"wp:attachment":[{"href":"https:\/\/www.oc.com.tn\/fr\/wp-json\/wp\/v2\/media?parent=8721"}],"wp:term":[{"taxonomy":"category","embeddable":true,"href":"https:\/\/www.oc.com.tn\/fr\/wp-json\/wp\/v2\/categories?post=8721"},{"taxonomy":"post_tag","embeddable":true,"href":"https:\/\/www.oc.com.tn\/fr\/wp-json\/wp\/v2\/tags?post=8721"}],"curies":[{"name":"wp","href":"https:\/\/api.w.org\/{rel}","templated":true}]}}