

{"id":7900,"date":"2021-12-03T11:49:57","date_gmt":"2021-12-03T10:49:57","guid":{"rendered":"http:\/\/www.oc.com.tn\/?p=7900"},"modified":"2021-12-03T17:49:19","modified_gmt":"2021-12-03T16:49:19","slug":"situation-des-laboratoires-dagreage-des-cereales","status":"publish","type":"post","link":"https:\/\/www.oc.com.tn\/fr\/situation-des-laboratoires-dagreage-des-cereales\/","title":{"rendered":"Situation des laboratoires d\u2019agr\u00e9age des c\u00e9r\u00e9ales"},"content":{"rendered":"<p>Sous la supervision du Pr\u00e9sident Directeur G\u00e9n\u00e9ral de l\u2019Office des c\u00e9r\u00e9ales Monsieur B\u00e9chir KTHIRI, une r\u00e9union de travail s\u2019est tenue le mardi 30 novembre 2021 pour examiner la situation des laboratoires d\u2019agr\u00e9age des c\u00e9r\u00e9ales, et ce, en pr\u00e9sence des chefs de laboratoires et des cadres relevant de la direction du d\u00e9veloppement et de la qualit\u00e9.<\/p>\n<p>Au cours de la r\u00e9union plusieurs points ont \u00e9t\u00e9 abord\u00e9s et notamment :<\/p>\n<ul>\n<li>&#8211; L&#8217;activit\u00e9 et la situation des laboratoires.<\/li>\n<li>&#8211; Les projets r\u00e9alis\u00e9s et programm\u00e9s pour d\u00e9velopper les m\u00e9thodes de contr\u00f4le et de stockage des c\u00e9r\u00e9ales.<\/li>\n<li>&#8211; Les proc\u00e9dures techniques pour donner plus de transparence dans les transactions commerciales.<\/li>\n<\/ul>\n<p><img decoding=\"async\" data-src=\"http:\/\/www.oc.com.tn\/wp-content\/uploads\/2021\/12\/annonce_2021_12_01_1.jpg\" src=\"data:image\/svg+xml;base64,PHN2ZyB3aWR0aD0iMSIgaGVpZ2h0PSIxIiB4bWxucz0iaHR0cDovL3d3dy53My5vcmcvMjAwMC9zdmciPjwvc3ZnPg==\" class=\"lazyload\"><\/p>\n<p><img decoding=\"async\" data-src=\"http:\/\/www.oc.com.tn\/wp-content\/uploads\/2021\/12\/annonce_2021_12_01_2.jpg\" src=\"data:image\/svg+xml;base64,PHN2ZyB3aWR0aD0iMSIgaGVpZ2h0PSIxIiB4bWxucz0iaHR0cDovL3d3dy53My5vcmcvMjAwMC9zdmciPjwvc3ZnPg==\" class=\"lazyload\"><\/p>\n\n\n<p><\/p>\n","protected":false},"excerpt":{"rendered":"<p>Sous la supervision du Pr\u00e9sident Directeur G\u00e9n\u00e9ral de l\u2019Office des c\u00e9r\u00e9ales Monsieur B\u00e9chir KTHIRI, une r\u00e9union de travail s\u2019est tenue le mardi 30 novembre 2021 pour examiner la situation des laboratoires d\u2019agr\u00e9age des c\u00e9r\u00e9ales, et ce, en pr\u00e9sence des chefs de laboratoires et des cadres relevant de la direction du d\u00e9veloppement et de la qualit\u00e9. [&hellip;]<\/p>\n","protected":false},"author":1,"featured_media":7912,"comment_status":"closed","ping_status":"open","sticky":false,"template":"","format":"standard","meta":{"_monsterinsights_skip_tracking":false,"_monsterinsights_sitenote_active":false,"_monsterinsights_sitenote_note":"","_monsterinsights_sitenote_category":0,"footnotes":""},"categories":[98],"tags":[],"class_list":["post-7900","post","type-post","status-publish","format-standard","has-post-thumbnail","hentry","category-actualites"],"yoast_head":"<!-- This site is optimized with the Yoast SEO plugin v25.5 - https:\/\/yoast.com\/wordpress\/plugins\/seo\/ -->\n<title>Situation des laboratoires d\u2019agr\u00e9age des c\u00e9r\u00e9ales - Office des C\u00e9r\u00e9ales - Tunisie<\/title>\n<meta name=\"description\" content=\"Office des C\u00e9r\u00e9ales\" \/>\n<meta name=\"robots\" content=\"index, follow, max-snippet:-1, max-image-preview:large, max-video-preview:-1\" \/>\n<link rel=\"canonical\" href=\"https:\/\/www.oc.com.tn\/fr\/situation-des-laboratoires-dagreage-des-cereales\/\" \/>\n<meta property=\"og:locale\" content=\"fr_FR\" \/>\n<meta property=\"og:type\" content=\"article\" \/>\n<meta property=\"og:title\" content=\"Situation des laboratoires d\u2019agr\u00e9age des c\u00e9r\u00e9ales - Office des C\u00e9r\u00e9ales - Tunisie\" \/>\n<meta property=\"og:description\" content=\"Office des C\u00e9r\u00e9ales\" \/>\n<meta property=\"og:url\" content=\"https:\/\/www.oc.com.tn\/fr\/situation-des-laboratoires-dagreage-des-cereales\/\" \/>\n<meta property=\"og:site_name\" content=\"Office des C\u00e9r\u00e9ales - Tunisie\" \/>\n<meta property=\"article:publisher\" content=\"https:\/\/www.facebook.com\/profile.php?id=100069933501880\" \/>\n<meta property=\"article:published_time\" content=\"2021-12-03T10:49:57+00:00\" \/>\n<meta property=\"article:modified_time\" content=\"2021-12-03T16:49:19+00:00\" \/>\n<meta property=\"og:image\" content=\"https:\/\/www.oc.com.tn\/wp-content\/uploads\/2021\/12\/annonce_2021_12_01_2-1.jpg\" \/>\n\t<meta property=\"og:image:width\" content=\"960\" \/>\n\t<meta property=\"og:image:height\" content=\"444\" \/>\n\t<meta property=\"og:image:type\" content=\"image\/jpeg\" \/>\n<meta name=\"author\" content=\"admin\" \/>\n<meta name=\"twitter:card\" content=\"summary_large_image\" \/>\n<meta name=\"twitter:label1\" content=\"\u00c9crit par\" \/>\n\t<meta name=\"twitter:data1\" content=\"admin\" \/>\n\t<meta name=\"twitter:label2\" content=\"Dur\u00e9e de lecture estim\u00e9e\" \/>\n\t<meta name=\"twitter:data2\" content=\"1 minute\" \/>\n<script type=\"application\/ld+json\" class=\"yoast-schema-graph\">{\"@context\":\"https:\/\/schema.org\",\"@graph\":[{\"@type\":\"Article\",\"@id\":\"https:\/\/www.oc.com.tn\/fr\/situation-des-laboratoires-dagreage-des-cereales\/#article\",\"isPartOf\":{\"@id\":\"https:\/\/www.oc.com.tn\/fr\/situation-des-laboratoires-dagreage-des-cereales\/\"},\"author\":{\"name\":\"admin\",\"@id\":\"https:\/\/www.oc.com.tn\/fr\/#\/schema\/person\/768d712056151bcf1673fea30d58b995\"},\"headline\":\"Situation des laboratoires d\u2019agr\u00e9age des c\u00e9r\u00e9ales\",\"datePublished\":\"2021-12-03T10:49:57+00:00\",\"dateModified\":\"2021-12-03T16:49:19+00:00\",\"mainEntityOfPage\":{\"@id\":\"https:\/\/www.oc.com.tn\/fr\/situation-des-laboratoires-dagreage-des-cereales\/\"},\"wordCount\":138,\"publisher\":{\"@id\":\"https:\/\/www.oc.com.tn\/fr\/#organization\"},\"image\":{\"@id\":\"https:\/\/www.oc.com.tn\/fr\/situation-des-laboratoires-dagreage-des-cereales\/#primaryimage\"},\"thumbnailUrl\":\"https:\/\/www.oc.com.tn\/wp-content\/uploads\/2021\/12\/annonce_2021_12_01_2-1.jpg\",\"articleSection\":[\"Actualit\u00e9s\"],\"inLanguage\":\"fr-FR\"},{\"@type\":\"WebPage\",\"@id\":\"https:\/\/www.oc.com.tn\/fr\/situation-des-laboratoires-dagreage-des-cereales\/\",\"url\":\"https:\/\/www.oc.com.tn\/fr\/situation-des-laboratoires-dagreage-des-cereales\/\",\"name\":\"Situation des laboratoires d\u2019agr\u00e9age des c\u00e9r\u00e9ales - Office des C\u00e9r\u00e9ales - Tunisie\",\"isPartOf\":{\"@id\":\"https:\/\/www.oc.com.tn\/fr\/#website\"},\"primaryImageOfPage\":{\"@id\":\"https:\/\/www.oc.com.tn\/fr\/situation-des-laboratoires-dagreage-des-cereales\/#primaryimage\"},\"image\":{\"@id\":\"https:\/\/www.oc.com.tn\/fr\/situation-des-laboratoires-dagreage-des-cereales\/#primaryimage\"},\"thumbnailUrl\":\"https:\/\/www.oc.com.tn\/wp-content\/uploads\/2021\/12\/annonce_2021_12_01_2-1.jpg\",\"datePublished\":\"2021-12-03T10:49:57+00:00\",\"dateModified\":\"2021-12-03T16:49:19+00:00\",\"description\":\"Office des C\u00e9r\u00e9ales\",\"breadcrumb\":{\"@id\":\"https:\/\/www.oc.com.tn\/fr\/situation-des-laboratoires-dagreage-des-cereales\/#breadcrumb\"},\"inLanguage\":\"fr-FR\",\"potentialAction\":[{\"@type\":\"ReadAction\",\"target\":[\"https:\/\/www.oc.com.tn\/fr\/situation-des-laboratoires-dagreage-des-cereales\/\"]}]},{\"@type\":\"ImageObject\",\"inLanguage\":\"fr-FR\",\"@id\":\"https:\/\/www.oc.com.tn\/fr\/situation-des-laboratoires-dagreage-des-cereales\/#primaryimage\",\"url\":\"https:\/\/www.oc.com.tn\/wp-content\/uploads\/2021\/12\/annonce_2021_12_01_2-1.jpg\",\"contentUrl\":\"https:\/\/www.oc.com.tn\/wp-content\/uploads\/2021\/12\/annonce_2021_12_01_2-1.jpg\",\"width\":960,\"height\":444},{\"@type\":\"BreadcrumbList\",\"@id\":\"https:\/\/www.oc.com.tn\/fr\/situation-des-laboratoires-dagreage-des-cereales\/#breadcrumb\",\"itemListElement\":[{\"@type\":\"ListItem\",\"position\":1,\"name\":\"Accueil\",\"item\":\"https:\/\/www.oc.com.tn\/fr\/\"},{\"@type\":\"ListItem\",\"position\":2,\"name\":\"Situation des laboratoires d\u2019agr\u00e9age des c\u00e9r\u00e9ales\"}]},{\"@type\":\"WebSite\",\"@id\":\"https:\/\/www.oc.com.tn\/fr\/#website\",\"url\":\"https:\/\/www.oc.com.tn\/fr\/\",\"name\":\"Office des C\u00e9r\u00e9ales - Tunisie\",\"description\":\"Office des C\u00e9r\u00e9ales - Tunisie\",\"publisher\":{\"@id\":\"https:\/\/www.oc.com.tn\/fr\/#organization\"},\"alternateName\":\"Office des C\u00e9r\u00e9ales - Tunisie\",\"potentialAction\":[{\"@type\":\"SearchAction\",\"target\":{\"@type\":\"EntryPoint\",\"urlTemplate\":\"https:\/\/www.oc.com.tn\/fr\/?s={search_term_string}\"},\"query-input\":{\"@type\":\"PropertyValueSpecification\",\"valueRequired\":true,\"valueName\":\"search_term_string\"}}],\"inLanguage\":\"fr-FR\"},{\"@type\":\"Organization\",\"@id\":\"https:\/\/www.oc.com.tn\/fr\/#organization\",\"name\":\"Office des C\u00e9r\u00e9ales - Tunisie\",\"url\":\"https:\/\/www.oc.com.tn\/fr\/\",\"logo\":{\"@type\":\"ImageObject\",\"inLanguage\":\"fr-FR\",\"@id\":\"https:\/\/www.oc.com.tn\/fr\/#\/schema\/logo\/image\/\",\"url\":\"https:\/\/www.oc.com.tn\/wp-content\/uploads\/2020\/07\/Logo.png\",\"contentUrl\":\"https:\/\/www.oc.com.tn\/wp-content\/uploads\/2020\/07\/Logo.png\",\"width\":47,\"height\":74,\"caption\":\"Office des C\u00e9r\u00e9ales - Tunisie\"},\"image\":{\"@id\":\"https:\/\/www.oc.com.tn\/fr\/#\/schema\/logo\/image\/\"},\"sameAs\":[\"https:\/\/www.facebook.com\/profile.php?id=100069933501880\"]},{\"@type\":\"Person\",\"@id\":\"https:\/\/www.oc.com.tn\/fr\/#\/schema\/person\/768d712056151bcf1673fea30d58b995\",\"name\":\"admin\",\"image\":{\"@type\":\"ImageObject\",\"inLanguage\":\"fr-FR\",\"@id\":\"https:\/\/www.oc.com.tn\/fr\/#\/schema\/person\/image\/\",\"url\":\"https:\/\/secure.gravatar.com\/avatar\/913c1bfcf4e8248c3db121a857b2f3ea401a3da66d6755a432ba1eb4a5e027d9?s=96&d=mm&r=g\",\"contentUrl\":\"https:\/\/secure.gravatar.com\/avatar\/913c1bfcf4e8248c3db121a857b2f3ea401a3da66d6755a432ba1eb4a5e027d9?s=96&d=mm&r=g\",\"caption\":\"admin\"},\"sameAs\":[\"http:\/\/www.oc.com.tn\"],\"url\":\"https:\/\/www.oc.com.tn\/fr\/author\/admin\/\"}]}<\/script>\n<!-- \/ Yoast SEO plugin. -->","yoast_head_json":{"title":"Situation des laboratoires d\u2019agr\u00e9age des c\u00e9r\u00e9ales - Office des C\u00e9r\u00e9ales - Tunisie","description":"Office des C\u00e9r\u00e9ales","robots":{"index":"index","follow":"follow","max-snippet":"max-snippet:-1","max-image-preview":"max-image-preview:large","max-video-preview":"max-video-preview:-1"},"canonical":"https:\/\/www.oc.com.tn\/fr\/situation-des-laboratoires-dagreage-des-cereales\/","og_locale":"fr_FR","og_type":"article","og_title":"Situation des laboratoires d\u2019agr\u00e9age des c\u00e9r\u00e9ales - Office des C\u00e9r\u00e9ales - Tunisie","og_description":"Office des C\u00e9r\u00e9ales","og_url":"https:\/\/www.oc.com.tn\/fr\/situation-des-laboratoires-dagreage-des-cereales\/","og_site_name":"Office des C\u00e9r\u00e9ales - Tunisie","article_publisher":"https:\/\/www.facebook.com\/profile.php?id=100069933501880","article_published_time":"2021-12-03T10:49:57+00:00","article_modified_time":"2021-12-03T16:49:19+00:00","og_image":[{"width":960,"height":444,"url":"https:\/\/www.oc.com.tn\/wp-content\/uploads\/2021\/12\/annonce_2021_12_01_2-1.jpg","type":"image\/jpeg"}],"author":"admin","twitter_card":"summary_large_image","twitter_misc":{"\u00c9crit par":"admin","Dur\u00e9e de lecture estim\u00e9e":"1 minute"},"schema":{"@context":"https:\/\/schema.org","@graph":[{"@type":"Article","@id":"https:\/\/www.oc.com.tn\/fr\/situation-des-laboratoires-dagreage-des-cereales\/#article","isPartOf":{"@id":"https:\/\/www.oc.com.tn\/fr\/situation-des-laboratoires-dagreage-des-cereales\/"},"author":{"name":"admin","@id":"https:\/\/www.oc.com.tn\/fr\/#\/schema\/person\/768d712056151bcf1673fea30d58b995"},"headline":"Situation des laboratoires d\u2019agr\u00e9age des c\u00e9r\u00e9ales","datePublished":"2021-12-03T10:49:57+00:00","dateModified":"2021-12-03T16:49:19+00:00","mainEntityOfPage":{"@id":"https:\/\/www.oc.com.tn\/fr\/situation-des-laboratoires-dagreage-des-cereales\/"},"wordCount":138,"publisher":{"@id":"https:\/\/www.oc.com.tn\/fr\/#organization"},"image":{"@id":"https:\/\/www.oc.com.tn\/fr\/situation-des-laboratoires-dagreage-des-cereales\/#primaryimage"},"thumbnailUrl":"https:\/\/www.oc.com.tn\/wp-content\/uploads\/2021\/12\/annonce_2021_12_01_2-1.jpg","articleSection":["Actualit\u00e9s"],"inLanguage":"fr-FR"},{"@type":"WebPage","@id":"https:\/\/www.oc.com.tn\/fr\/situation-des-laboratoires-dagreage-des-cereales\/","url":"https:\/\/www.oc.com.tn\/fr\/situation-des-laboratoires-dagreage-des-cereales\/","name":"Situation des laboratoires d\u2019agr\u00e9age des c\u00e9r\u00e9ales - Office des C\u00e9r\u00e9ales - Tunisie","isPartOf":{"@id":"https:\/\/www.oc.com.tn\/fr\/#website"},"primaryImageOfPage":{"@id":"https:\/\/www.oc.com.tn\/fr\/situation-des-laboratoires-dagreage-des-cereales\/#primaryimage"},"image":{"@id":"https:\/\/www.oc.com.tn\/fr\/situation-des-laboratoires-dagreage-des-cereales\/#primaryimage"},"thumbnailUrl":"https:\/\/www.oc.com.tn\/wp-content\/uploads\/2021\/12\/annonce_2021_12_01_2-1.jpg","datePublished":"2021-12-03T10:49:57+00:00","dateModified":"2021-12-03T16:49:19+00:00","description":"Office des C\u00e9r\u00e9ales","breadcrumb":{"@id":"https:\/\/www.oc.com.tn\/fr\/situation-des-laboratoires-dagreage-des-cereales\/#breadcrumb"},"inLanguage":"fr-FR","potentialAction":[{"@type":"ReadAction","target":["https:\/\/www.oc.com.tn\/fr\/situation-des-laboratoires-dagreage-des-cereales\/"]}]},{"@type":"ImageObject","inLanguage":"fr-FR","@id":"https:\/\/www.oc.com.tn\/fr\/situation-des-laboratoires-dagreage-des-cereales\/#primaryimage","url":"https:\/\/www.oc.com.tn\/wp-content\/uploads\/2021\/12\/annonce_2021_12_01_2-1.jpg","contentUrl":"https:\/\/www.oc.com.tn\/wp-content\/uploads\/2021\/12\/annonce_2021_12_01_2-1.jpg","width":960,"height":444},{"@type":"BreadcrumbList","@id":"https:\/\/www.oc.com.tn\/fr\/situation-des-laboratoires-dagreage-des-cereales\/#breadcrumb","itemListElement":[{"@type":"ListItem","position":1,"name":"Accueil","item":"https:\/\/www.oc.com.tn\/fr\/"},{"@type":"ListItem","position":2,"name":"Situation des laboratoires d\u2019agr\u00e9age des c\u00e9r\u00e9ales"}]},{"@type":"WebSite","@id":"https:\/\/www.oc.com.tn\/fr\/#website","url":"https:\/\/www.oc.com.tn\/fr\/","name":"Office des C\u00e9r\u00e9ales - Tunisie","description":"Office des C\u00e9r\u00e9ales - Tunisie","publisher":{"@id":"https:\/\/www.oc.com.tn\/fr\/#organization"},"alternateName":"Office des C\u00e9r\u00e9ales - Tunisie","potentialAction":[{"@type":"SearchAction","target":{"@type":"EntryPoint","urlTemplate":"https:\/\/www.oc.com.tn\/fr\/?s={search_term_string}"},"query-input":{"@type":"PropertyValueSpecification","valueRequired":true,"valueName":"search_term_string"}}],"inLanguage":"fr-FR"},{"@type":"Organization","@id":"https:\/\/www.oc.com.tn\/fr\/#organization","name":"Office des C\u00e9r\u00e9ales - Tunisie","url":"https:\/\/www.oc.com.tn\/fr\/","logo":{"@type":"ImageObject","inLanguage":"fr-FR","@id":"https:\/\/www.oc.com.tn\/fr\/#\/schema\/logo\/image\/","url":"https:\/\/www.oc.com.tn\/wp-content\/uploads\/2020\/07\/Logo.png","contentUrl":"https:\/\/www.oc.com.tn\/wp-content\/uploads\/2020\/07\/Logo.png","width":47,"height":74,"caption":"Office des C\u00e9r\u00e9ales - Tunisie"},"image":{"@id":"https:\/\/www.oc.com.tn\/fr\/#\/schema\/logo\/image\/"},"sameAs":["https:\/\/www.facebook.com\/profile.php?id=100069933501880"]},{"@type":"Person","@id":"https:\/\/www.oc.com.tn\/fr\/#\/schema\/person\/768d712056151bcf1673fea30d58b995","name":"admin","image":{"@type":"ImageObject","inLanguage":"fr-FR","@id":"https:\/\/www.oc.com.tn\/fr\/#\/schema\/person\/image\/","url":"https:\/\/secure.gravatar.com\/avatar\/913c1bfcf4e8248c3db121a857b2f3ea401a3da66d6755a432ba1eb4a5e027d9?s=96&d=mm&r=g","contentUrl":"https:\/\/secure.gravatar.com\/avatar\/913c1bfcf4e8248c3db121a857b2f3ea401a3da66d6755a432ba1eb4a5e027d9?s=96&d=mm&r=g","caption":"admin"},"sameAs":["http:\/\/www.oc.com.tn"],"url":"https:\/\/www.oc.com.tn\/fr\/author\/admin\/"}]}},"_links":{"self":[{"href":"https:\/\/www.oc.com.tn\/fr\/wp-json\/wp\/v2\/posts\/7900","targetHints":{"allow":["GET"]}}],"collection":[{"href":"https:\/\/www.oc.com.tn\/fr\/wp-json\/wp\/v2\/posts"}],"about":[{"href":"https:\/\/www.oc.com.tn\/fr\/wp-json\/wp\/v2\/types\/post"}],"author":[{"embeddable":true,"href":"https:\/\/www.oc.com.tn\/fr\/wp-json\/wp\/v2\/users\/1"}],"replies":[{"embeddable":true,"href":"https:\/\/www.oc.com.tn\/fr\/wp-json\/wp\/v2\/comments?post=7900"}],"version-history":[{"count":5,"href":"https:\/\/www.oc.com.tn\/fr\/wp-json\/wp\/v2\/posts\/7900\/revisions"}],"predecessor-version":[{"id":8723,"href":"https:\/\/www.oc.com.tn\/fr\/wp-json\/wp\/v2\/posts\/7900\/revisions\/8723"}],"wp:featuredmedia":[{"embeddable":true,"href":"https:\/\/www.oc.com.tn\/fr\/wp-json\/wp\/v2\/media\/7912"}],"wp:attachment":[{"href":"https:\/\/www.oc.com.tn\/fr\/wp-json\/wp\/v2\/media?parent=7900"}],"wp:term":[{"taxonomy":"category","embeddable":true,"href":"https:\/\/www.oc.com.tn\/fr\/wp-json\/wp\/v2\/categories?post=7900"},{"taxonomy":"post_tag","embeddable":true,"href":"https:\/\/www.oc.com.tn\/fr\/wp-json\/wp\/v2\/tags?post=7900"}],"curies":[{"name":"wp","href":"https:\/\/api.w.org\/{rel}","templated":true}]}}