

{"id":7859,"date":"2021-11-16T10:28:00","date_gmt":"2021-11-16T09:28:00","guid":{"rendered":"http:\/\/www.oc.com.tn\/?p=7859"},"modified":"2021-11-27T10:37:06","modified_gmt":"2021-11-27T09:37:06","slug":"le-president-directeur-general-de-loffice-des-cereales-en-visite-aux-gouvernorats-de-sfax-gabes-et-medenine","status":"publish","type":"post","link":"https:\/\/www.oc.com.tn\/fr\/le-president-directeur-general-de-loffice-des-cereales-en-visite-aux-gouvernorats-de-sfax-gabes-et-medenine\/","title":{"rendered":"Le Pr\u00e9sident Directeur G\u00e9n\u00e9ral de l\u2019Office des c\u00e9r\u00e9ales en visite aux gouvernorats de SFAX, GABES et MEDENINE"},"content":{"rendered":"<p>Dans le cadre de l&#8217;inauguration du nouveau si\u00e8ge de la circonscription du gouvernorat de M\u00e9denine et le contr\u00f4le du d\u00e9chargement des navires, le Pr\u00e9sident Directeur G\u00e9n\u00e9ral de l\u2019Office des c\u00e9r\u00e9ales a effectu\u00e9 une visite aux gouvernorats de SFAX, GABES et MEDENINE, et ce le 10, 11 et le 12 du mois de novembre 2021.<\/p>\n<h4><span style=\"color: #339966;\">Visite du silo de SFAX le 10-11-2021<\/span><\/h4>\n<p><img fetchpriority=\"high\" decoding=\"async\" class=\"wp-image-7866 aligncenter\" src=\"http:\/\/www.oc.com.tn\/wp-content\/uploads\/2021\/11\/annonce-2021-11-16-1.png\" alt=\"\" width=\"620\" height=\"288\" srcset=\"https:\/\/www.oc.com.tn\/wp-content\/uploads\/2021\/11\/annonce-2021-11-16-1.png 719w, https:\/\/www.oc.com.tn\/wp-content\/uploads\/2021\/11\/annonce-2021-11-16-1-300x139.png 300w\" sizes=\"(max-width: 620px) 100vw, 620px\" \/><\/p>\n<p><img decoding=\"async\" class=\"wp-image-7863 aligncenter lazyload\" data-src=\"http:\/\/www.oc.com.tn\/wp-content\/uploads\/2021\/11\/annonce-2021-11-16-2.png\" alt=\"\" width=\"619\" height=\"540\" data-srcset=\"https:\/\/www.oc.com.tn\/wp-content\/uploads\/2021\/11\/annonce-2021-11-16-2.png 495w, https:\/\/www.oc.com.tn\/wp-content\/uploads\/2021\/11\/annonce-2021-11-16-2-300x261.png 300w\" data-sizes=\"(max-width: 619px) 100vw, 619px\" src=\"data:image\/svg+xml;base64,PHN2ZyB3aWR0aD0iMSIgaGVpZ2h0PSIxIiB4bWxucz0iaHR0cDovL3d3dy53My5vcmcvMjAwMC9zdmciPjwvc3ZnPg==\" style=\"--smush-placeholder-width: 619px; --smush-placeholder-aspect-ratio: 619\/540;\" \/><\/p>\n<p><img decoding=\"async\" class=\"wp-image-7860 aligncenter lazyload\" data-src=\"http:\/\/www.oc.com.tn\/wp-content\/uploads\/2021\/11\/annonce-2021-11-16-3.png\" alt=\"\" width=\"622\" height=\"771\" data-srcset=\"https:\/\/www.oc.com.tn\/wp-content\/uploads\/2021\/11\/annonce-2021-11-16-3.png 383w, https:\/\/www.oc.com.tn\/wp-content\/uploads\/2021\/11\/annonce-2021-11-16-3-242x300.png 242w\" data-sizes=\"(max-width: 622px) 100vw, 622px\" src=\"data:image\/svg+xml;base64,PHN2ZyB3aWR0aD0iMSIgaGVpZ2h0PSIxIiB4bWxucz0iaHR0cDovL3d3dy53My5vcmcvMjAwMC9zdmciPjwvc3ZnPg==\" style=\"--smush-placeholder-width: 622px; --smush-placeholder-aspect-ratio: 622\/771;\" \/><\/p>\n<h4><span style=\"color: #339966;\">Viste du quai du port de SFAX le 10-11-2021<\/span><\/h4>\n<div id=\"attachment_7870\" style=\"width: 678px\" class=\"wp-caption aligncenter\"><img decoding=\"async\" aria-describedby=\"caption-attachment-7870\" class=\"wp-image-7870 lazyload\" data-src=\"http:\/\/www.oc.com.tn\/wp-content\/uploads\/2021\/11\/annonce-2021-11-16-4.png\" alt=\"\" width=\"668\" height=\"515\" data-srcset=\"https:\/\/www.oc.com.tn\/wp-content\/uploads\/2021\/11\/annonce-2021-11-16-4.png 539w, https:\/\/www.oc.com.tn\/wp-content\/uploads\/2021\/11\/annonce-2021-11-16-4-300x232.png 300w\" data-sizes=\"(max-width: 668px) 100vw, 668px\" src=\"data:image\/svg+xml;base64,PHN2ZyB3aWR0aD0iMSIgaGVpZ2h0PSIxIiB4bWxucz0iaHR0cDovL3d3dy53My5vcmcvMjAwMC9zdmciPjwvc3ZnPg==\" style=\"--smush-placeholder-width: 668px; --smush-placeholder-aspect-ratio: 668\/515;\" \/><p id=\"caption-attachment-7870\" class=\"wp-caption-text\"><strong>Le navire MARIKA charg\u00e9 d\u2019une cargaison de bl\u00e9 tendre<\/strong><\/p><\/div>\n<h4><span style=\"color: #339966;\">Visite du silo de GABES le 11-11-2021<\/span><\/h4>\n<p><img decoding=\"async\" class=\"wp-image-7873 aligncenter lazyload\" data-src=\"http:\/\/www.oc.com.tn\/wp-content\/uploads\/2021\/11\/annonce-2021-11-16-5.png\" alt=\"\" width=\"655\" height=\"487\" data-srcset=\"https:\/\/www.oc.com.tn\/wp-content\/uploads\/2021\/11\/annonce-2021-11-16-5.png 538w, https:\/\/www.oc.com.tn\/wp-content\/uploads\/2021\/11\/annonce-2021-11-16-5-300x223.png 300w\" data-sizes=\"(max-width: 655px) 100vw, 655px\" src=\"data:image\/svg+xml;base64,PHN2ZyB3aWR0aD0iMSIgaGVpZ2h0PSIxIiB4bWxucz0iaHR0cDovL3d3dy53My5vcmcvMjAwMC9zdmciPjwvc3ZnPg==\" style=\"--smush-placeholder-width: 655px; --smush-placeholder-aspect-ratio: 655\/487;\" \/><\/p>\n<div id=\"attachment_7879\" style=\"width: 686px\" class=\"wp-caption aligncenter\"><img decoding=\"async\" aria-describedby=\"caption-attachment-7879\" class=\"wp-image-7879 lazyload\" data-src=\"http:\/\/www.oc.com.tn\/wp-content\/uploads\/2021\/11\/annonce-2021-11-16-6.png\" alt=\"\" width=\"676\" height=\"504\" data-srcset=\"https:\/\/www.oc.com.tn\/wp-content\/uploads\/2021\/11\/annonce-2021-11-16-6.png 534w, https:\/\/www.oc.com.tn\/wp-content\/uploads\/2021\/11\/annonce-2021-11-16-6-300x224.png 300w\" data-sizes=\"(max-width: 676px) 100vw, 676px\" src=\"data:image\/svg+xml;base64,PHN2ZyB3aWR0aD0iMSIgaGVpZ2h0PSIxIiB4bWxucz0iaHR0cDovL3d3dy53My5vcmcvMjAwMC9zdmciPjwvc3ZnPg==\" style=\"--smush-placeholder-width: 676px; --smush-placeholder-aspect-ratio: 676\/504;\" \/><p id=\"caption-attachment-7879\" class=\"wp-caption-text\"><strong>Le navire P\u00e9n\u00e9lope charg\u00e9 d\u2019une cargaison d\u2019orge<\/strong><\/p><\/div>\n<h4><span style=\"color: #339966;\">Visite du port de Zarzis le 12-11-2021<\/span><\/h4>\n<p><img decoding=\"async\" class=\"wp-image-7882 aligncenter lazyload\" data-src=\"http:\/\/www.oc.com.tn\/wp-content\/uploads\/2021\/11\/annonce-2021-11-16-7.png\" alt=\"\" width=\"689\" height=\"513\" data-srcset=\"https:\/\/www.oc.com.tn\/wp-content\/uploads\/2021\/11\/annonce-2021-11-16-7.png 540w, https:\/\/www.oc.com.tn\/wp-content\/uploads\/2021\/11\/annonce-2021-11-16-7-300x223.png 300w\" data-sizes=\"(max-width: 689px) 100vw, 689px\" src=\"data:image\/svg+xml;base64,PHN2ZyB3aWR0aD0iMSIgaGVpZ2h0PSIxIiB4bWxucz0iaHR0cDovL3d3dy53My5vcmcvMjAwMC9zdmciPjwvc3ZnPg==\" style=\"--smush-placeholder-width: 689px; --smush-placeholder-aspect-ratio: 689\/513;\" \/><\/p>\n\n\n<div class=\"wp-block-image\"><figure class=\"aligncenter size-large is-resized\"><img decoding=\"async\" data-src=\"http:\/\/www.oc.com.tn\/wp-content\/uploads\/2021\/11\/annonce-2021-11-16-8.png\" alt=\"\" class=\"wp-image-7885 lazyload\" width=\"694\" height=\"515\" data-srcset=\"https:\/\/www.oc.com.tn\/wp-content\/uploads\/2021\/11\/annonce-2021-11-16-8.png 540w, https:\/\/www.oc.com.tn\/wp-content\/uploads\/2021\/11\/annonce-2021-11-16-8-300x223.png 300w\" data-sizes=\"(max-width: 694px) 100vw, 694px\" src=\"data:image\/svg+xml;base64,PHN2ZyB3aWR0aD0iMSIgaGVpZ2h0PSIxIiB4bWxucz0iaHR0cDovL3d3dy53My5vcmcvMjAwMC9zdmciPjwvc3ZnPg==\" style=\"--smush-placeholder-width: 694px; --smush-placeholder-aspect-ratio: 694\/515;\" \/><figcaption><strong>Le navire DEM Five charg\u00e9 d\u2019une cargaison d\u2019orge<\/strong><\/figcaption><\/figure><\/div>\n\n\n<h4>Inauguration du nouveau si\u00e8ge de la circonscription du gouvernorat de MEDENINE le 12-11-2021<\/h4>\n<p><img decoding=\"async\" class=\"wp-image-7888 aligncenter lazyload\" data-src=\"http:\/\/www.oc.com.tn\/wp-content\/uploads\/2021\/11\/annonce-2021-11-16-9.png\" alt=\"\" width=\"677\" height=\"509\" data-srcset=\"https:\/\/www.oc.com.tn\/wp-content\/uploads\/2021\/11\/annonce-2021-11-16-9.png 537w, https:\/\/www.oc.com.tn\/wp-content\/uploads\/2021\/11\/annonce-2021-11-16-9-300x226.png 300w, https:\/\/www.oc.com.tn\/wp-content\/uploads\/2021\/11\/annonce-2021-11-16-9-356x267.png 356w\" data-sizes=\"(max-width: 677px) 100vw, 677px\" src=\"data:image\/svg+xml;base64,PHN2ZyB3aWR0aD0iMSIgaGVpZ2h0PSIxIiB4bWxucz0iaHR0cDovL3d3dy53My5vcmcvMjAwMC9zdmciPjwvc3ZnPg==\" style=\"--smush-placeholder-width: 677px; --smush-placeholder-aspect-ratio: 677\/509;\" \/><\/p>","protected":false},"excerpt":{"rendered":"<p>Dans le cadre de l&#8217;inauguration du nouveau si\u00e8ge de la circonscription du gouvernorat de M\u00e9denine et le contr\u00f4le du d\u00e9chargement des navires, le Pr\u00e9sident Directeur G\u00e9n\u00e9ral de l\u2019Office des c\u00e9r\u00e9ales a effectu\u00e9 une visite aux gouvernorats de SFAX, GABES et MEDENINE, et ce le 10, 11 et le 12 du mois de novembre 2021. Visite [&hellip;]<\/p>\n","protected":false},"author":1,"featured_media":7866,"comment_status":"closed","ping_status":"open","sticky":false,"template":"","format":"standard","meta":{"_monsterinsights_skip_tracking":false,"_monsterinsights_sitenote_active":false,"_monsterinsights_sitenote_note":"","_monsterinsights_sitenote_category":0,"footnotes":""},"categories":[98],"tags":[],"class_list":["post-7859","post","type-post","status-publish","format-standard","has-post-thumbnail","hentry","category-actualites"],"yoast_head":"<!-- This site is optimized with the Yoast SEO plugin v25.5 - https:\/\/yoast.com\/wordpress\/plugins\/seo\/ -->\n<title>Le Pr\u00e9sident Directeur G\u00e9n\u00e9ral de l\u2019Office des c\u00e9r\u00e9ales en visite aux gouvernorats de SFAX, GABES et MEDENINE - Office des C\u00e9r\u00e9ales - Tunisie<\/title>\n<meta name=\"description\" content=\"Office des C\u00e9r\u00e9ales\" \/>\n<meta name=\"robots\" content=\"index, follow, max-snippet:-1, max-image-preview:large, max-video-preview:-1\" \/>\n<link rel=\"canonical\" href=\"https:\/\/www.oc.com.tn\/fr\/le-president-directeur-general-de-loffice-des-cereales-en-visite-aux-gouvernorats-de-sfax-gabes-et-medenine\/\" \/>\n<meta property=\"og:locale\" content=\"fr_FR\" \/>\n<meta property=\"og:type\" content=\"article\" \/>\n<meta property=\"og:title\" content=\"Le Pr\u00e9sident Directeur G\u00e9n\u00e9ral de l\u2019Office des c\u00e9r\u00e9ales en visite aux gouvernorats de SFAX, GABES et MEDENINE - Office des C\u00e9r\u00e9ales - Tunisie\" \/>\n<meta property=\"og:description\" content=\"Office des C\u00e9r\u00e9ales\" \/>\n<meta property=\"og:url\" content=\"https:\/\/www.oc.com.tn\/fr\/le-president-directeur-general-de-loffice-des-cereales-en-visite-aux-gouvernorats-de-sfax-gabes-et-medenine\/\" \/>\n<meta property=\"og:site_name\" content=\"Office des C\u00e9r\u00e9ales - Tunisie\" \/>\n<meta property=\"article:publisher\" content=\"https:\/\/www.facebook.com\/profile.php?id=100069933501880\" \/>\n<meta property=\"article:published_time\" content=\"2021-11-16T09:28:00+00:00\" \/>\n<meta property=\"article:modified_time\" content=\"2021-11-27T09:37:06+00:00\" \/>\n<meta property=\"og:image\" content=\"https:\/\/www.oc.com.tn\/wp-content\/uploads\/2021\/11\/annonce-2021-11-16-1.png\" \/>\n\t<meta property=\"og:image:width\" content=\"719\" \/>\n\t<meta property=\"og:image:height\" content=\"334\" \/>\n\t<meta property=\"og:image:type\" content=\"image\/png\" \/>\n<meta name=\"author\" content=\"admin\" \/>\n<meta name=\"twitter:card\" content=\"summary_large_image\" \/>\n<meta name=\"twitter:label1\" content=\"\u00c9crit par\" \/>\n\t<meta name=\"twitter:data1\" content=\"admin\" \/>\n\t<meta name=\"twitter:label2\" content=\"Dur\u00e9e de lecture estim\u00e9e\" \/>\n\t<meta name=\"twitter:data2\" content=\"1 minute\" \/>\n<script type=\"application\/ld+json\" class=\"yoast-schema-graph\">{\"@context\":\"https:\/\/schema.org\",\"@graph\":[{\"@type\":\"Article\",\"@id\":\"https:\/\/www.oc.com.tn\/fr\/le-president-directeur-general-de-loffice-des-cereales-en-visite-aux-gouvernorats-de-sfax-gabes-et-medenine\/#article\",\"isPartOf\":{\"@id\":\"https:\/\/www.oc.com.tn\/fr\/le-president-directeur-general-de-loffice-des-cereales-en-visite-aux-gouvernorats-de-sfax-gabes-et-medenine\/\"},\"author\":{\"name\":\"admin\",\"@id\":\"https:\/\/www.oc.com.tn\/fr\/#\/schema\/person\/768d712056151bcf1673fea30d58b995\"},\"headline\":\"Le Pr\u00e9sident Directeur G\u00e9n\u00e9ral de l\u2019Office des c\u00e9r\u00e9ales en visite aux gouvernorats de SFAX, GABES et MEDENINE\",\"datePublished\":\"2021-11-16T09:28:00+00:00\",\"dateModified\":\"2021-11-27T09:37:06+00:00\",\"mainEntityOfPage\":{\"@id\":\"https:\/\/www.oc.com.tn\/fr\/le-president-directeur-general-de-loffice-des-cereales-en-visite-aux-gouvernorats-de-sfax-gabes-et-medenine\/\"},\"wordCount\":177,\"publisher\":{\"@id\":\"https:\/\/www.oc.com.tn\/fr\/#organization\"},\"image\":{\"@id\":\"https:\/\/www.oc.com.tn\/fr\/le-president-directeur-general-de-loffice-des-cereales-en-visite-aux-gouvernorats-de-sfax-gabes-et-medenine\/#primaryimage\"},\"thumbnailUrl\":\"https:\/\/www.oc.com.tn\/wp-content\/uploads\/2021\/11\/annonce-2021-11-16-1.png\",\"articleSection\":[\"Actualit\u00e9s\"],\"inLanguage\":\"fr-FR\"},{\"@type\":\"WebPage\",\"@id\":\"https:\/\/www.oc.com.tn\/fr\/le-president-directeur-general-de-loffice-des-cereales-en-visite-aux-gouvernorats-de-sfax-gabes-et-medenine\/\",\"url\":\"https:\/\/www.oc.com.tn\/fr\/le-president-directeur-general-de-loffice-des-cereales-en-visite-aux-gouvernorats-de-sfax-gabes-et-medenine\/\",\"name\":\"Le Pr\u00e9sident Directeur G\u00e9n\u00e9ral de l\u2019Office des c\u00e9r\u00e9ales en visite aux gouvernorats de SFAX, GABES et MEDENINE - Office des C\u00e9r\u00e9ales - Tunisie\",\"isPartOf\":{\"@id\":\"https:\/\/www.oc.com.tn\/fr\/#website\"},\"primaryImageOfPage\":{\"@id\":\"https:\/\/www.oc.com.tn\/fr\/le-president-directeur-general-de-loffice-des-cereales-en-visite-aux-gouvernorats-de-sfax-gabes-et-medenine\/#primaryimage\"},\"image\":{\"@id\":\"https:\/\/www.oc.com.tn\/fr\/le-president-directeur-general-de-loffice-des-cereales-en-visite-aux-gouvernorats-de-sfax-gabes-et-medenine\/#primaryimage\"},\"thumbnailUrl\":\"https:\/\/www.oc.com.tn\/wp-content\/uploads\/2021\/11\/annonce-2021-11-16-1.png\",\"datePublished\":\"2021-11-16T09:28:00+00:00\",\"dateModified\":\"2021-11-27T09:37:06+00:00\",\"description\":\"Office des C\u00e9r\u00e9ales\",\"breadcrumb\":{\"@id\":\"https:\/\/www.oc.com.tn\/fr\/le-president-directeur-general-de-loffice-des-cereales-en-visite-aux-gouvernorats-de-sfax-gabes-et-medenine\/#breadcrumb\"},\"inLanguage\":\"fr-FR\",\"potentialAction\":[{\"@type\":\"ReadAction\",\"target\":[\"https:\/\/www.oc.com.tn\/fr\/le-president-directeur-general-de-loffice-des-cereales-en-visite-aux-gouvernorats-de-sfax-gabes-et-medenine\/\"]}]},{\"@type\":\"ImageObject\",\"inLanguage\":\"fr-FR\",\"@id\":\"https:\/\/www.oc.com.tn\/fr\/le-president-directeur-general-de-loffice-des-cereales-en-visite-aux-gouvernorats-de-sfax-gabes-et-medenine\/#primaryimage\",\"url\":\"https:\/\/www.oc.com.tn\/wp-content\/uploads\/2021\/11\/annonce-2021-11-16-1.png\",\"contentUrl\":\"https:\/\/www.oc.com.tn\/wp-content\/uploads\/2021\/11\/annonce-2021-11-16-1.png\",\"width\":719,\"height\":334},{\"@type\":\"BreadcrumbList\",\"@id\":\"https:\/\/www.oc.com.tn\/fr\/le-president-directeur-general-de-loffice-des-cereales-en-visite-aux-gouvernorats-de-sfax-gabes-et-medenine\/#breadcrumb\",\"itemListElement\":[{\"@type\":\"ListItem\",\"position\":1,\"name\":\"Accueil\",\"item\":\"https:\/\/www.oc.com.tn\/fr\/\"},{\"@type\":\"ListItem\",\"position\":2,\"name\":\"Le Pr\u00e9sident Directeur G\u00e9n\u00e9ral de l\u2019Office des c\u00e9r\u00e9ales en visite aux gouvernorats de SFAX, GABES et MEDENINE\"}]},{\"@type\":\"WebSite\",\"@id\":\"https:\/\/www.oc.com.tn\/fr\/#website\",\"url\":\"https:\/\/www.oc.com.tn\/fr\/\",\"name\":\"Office des C\u00e9r\u00e9ales - Tunisie\",\"description\":\"Office des C\u00e9r\u00e9ales - Tunisie\",\"publisher\":{\"@id\":\"https:\/\/www.oc.com.tn\/fr\/#organization\"},\"alternateName\":\"Office des C\u00e9r\u00e9ales - Tunisie\",\"potentialAction\":[{\"@type\":\"SearchAction\",\"target\":{\"@type\":\"EntryPoint\",\"urlTemplate\":\"https:\/\/www.oc.com.tn\/fr\/?s={search_term_string}\"},\"query-input\":{\"@type\":\"PropertyValueSpecification\",\"valueRequired\":true,\"valueName\":\"search_term_string\"}}],\"inLanguage\":\"fr-FR\"},{\"@type\":\"Organization\",\"@id\":\"https:\/\/www.oc.com.tn\/fr\/#organization\",\"name\":\"Office des C\u00e9r\u00e9ales - Tunisie\",\"url\":\"https:\/\/www.oc.com.tn\/fr\/\",\"logo\":{\"@type\":\"ImageObject\",\"inLanguage\":\"fr-FR\",\"@id\":\"https:\/\/www.oc.com.tn\/fr\/#\/schema\/logo\/image\/\",\"url\":\"https:\/\/www.oc.com.tn\/wp-content\/uploads\/2020\/07\/Logo.png\",\"contentUrl\":\"https:\/\/www.oc.com.tn\/wp-content\/uploads\/2020\/07\/Logo.png\",\"width\":47,\"height\":74,\"caption\":\"Office des C\u00e9r\u00e9ales - Tunisie\"},\"image\":{\"@id\":\"https:\/\/www.oc.com.tn\/fr\/#\/schema\/logo\/image\/\"},\"sameAs\":[\"https:\/\/www.facebook.com\/profile.php?id=100069933501880\"]},{\"@type\":\"Person\",\"@id\":\"https:\/\/www.oc.com.tn\/fr\/#\/schema\/person\/768d712056151bcf1673fea30d58b995\",\"name\":\"admin\",\"image\":{\"@type\":\"ImageObject\",\"inLanguage\":\"fr-FR\",\"@id\":\"https:\/\/www.oc.com.tn\/fr\/#\/schema\/person\/image\/\",\"url\":\"https:\/\/secure.gravatar.com\/avatar\/913c1bfcf4e8248c3db121a857b2f3ea401a3da66d6755a432ba1eb4a5e027d9?s=96&d=mm&r=g\",\"contentUrl\":\"https:\/\/secure.gravatar.com\/avatar\/913c1bfcf4e8248c3db121a857b2f3ea401a3da66d6755a432ba1eb4a5e027d9?s=96&d=mm&r=g\",\"caption\":\"admin\"},\"sameAs\":[\"http:\/\/www.oc.com.tn\"],\"url\":\"https:\/\/www.oc.com.tn\/fr\/author\/admin\/\"}]}<\/script>\n<!-- \/ Yoast SEO plugin. -->","yoast_head_json":{"title":"Le Pr\u00e9sident Directeur G\u00e9n\u00e9ral de l\u2019Office des c\u00e9r\u00e9ales en visite aux gouvernorats de SFAX, GABES et MEDENINE - Office des C\u00e9r\u00e9ales - Tunisie","description":"Office des C\u00e9r\u00e9ales","robots":{"index":"index","follow":"follow","max-snippet":"max-snippet:-1","max-image-preview":"max-image-preview:large","max-video-preview":"max-video-preview:-1"},"canonical":"https:\/\/www.oc.com.tn\/fr\/le-president-directeur-general-de-loffice-des-cereales-en-visite-aux-gouvernorats-de-sfax-gabes-et-medenine\/","og_locale":"fr_FR","og_type":"article","og_title":"Le Pr\u00e9sident Directeur G\u00e9n\u00e9ral de l\u2019Office des c\u00e9r\u00e9ales en visite aux gouvernorats de SFAX, GABES et MEDENINE - Office des C\u00e9r\u00e9ales - Tunisie","og_description":"Office des C\u00e9r\u00e9ales","og_url":"https:\/\/www.oc.com.tn\/fr\/le-president-directeur-general-de-loffice-des-cereales-en-visite-aux-gouvernorats-de-sfax-gabes-et-medenine\/","og_site_name":"Office des C\u00e9r\u00e9ales - Tunisie","article_publisher":"https:\/\/www.facebook.com\/profile.php?id=100069933501880","article_published_time":"2021-11-16T09:28:00+00:00","article_modified_time":"2021-11-27T09:37:06+00:00","og_image":[{"width":719,"height":334,"url":"https:\/\/www.oc.com.tn\/wp-content\/uploads\/2021\/11\/annonce-2021-11-16-1.png","type":"image\/png"}],"author":"admin","twitter_card":"summary_large_image","twitter_misc":{"\u00c9crit par":"admin","Dur\u00e9e de lecture estim\u00e9e":"1 minute"},"schema":{"@context":"https:\/\/schema.org","@graph":[{"@type":"Article","@id":"https:\/\/www.oc.com.tn\/fr\/le-president-directeur-general-de-loffice-des-cereales-en-visite-aux-gouvernorats-de-sfax-gabes-et-medenine\/#article","isPartOf":{"@id":"https:\/\/www.oc.com.tn\/fr\/le-president-directeur-general-de-loffice-des-cereales-en-visite-aux-gouvernorats-de-sfax-gabes-et-medenine\/"},"author":{"name":"admin","@id":"https:\/\/www.oc.com.tn\/fr\/#\/schema\/person\/768d712056151bcf1673fea30d58b995"},"headline":"Le Pr\u00e9sident Directeur G\u00e9n\u00e9ral de l\u2019Office des c\u00e9r\u00e9ales en visite aux gouvernorats de SFAX, GABES et MEDENINE","datePublished":"2021-11-16T09:28:00+00:00","dateModified":"2021-11-27T09:37:06+00:00","mainEntityOfPage":{"@id":"https:\/\/www.oc.com.tn\/fr\/le-president-directeur-general-de-loffice-des-cereales-en-visite-aux-gouvernorats-de-sfax-gabes-et-medenine\/"},"wordCount":177,"publisher":{"@id":"https:\/\/www.oc.com.tn\/fr\/#organization"},"image":{"@id":"https:\/\/www.oc.com.tn\/fr\/le-president-directeur-general-de-loffice-des-cereales-en-visite-aux-gouvernorats-de-sfax-gabes-et-medenine\/#primaryimage"},"thumbnailUrl":"https:\/\/www.oc.com.tn\/wp-content\/uploads\/2021\/11\/annonce-2021-11-16-1.png","articleSection":["Actualit\u00e9s"],"inLanguage":"fr-FR"},{"@type":"WebPage","@id":"https:\/\/www.oc.com.tn\/fr\/le-president-directeur-general-de-loffice-des-cereales-en-visite-aux-gouvernorats-de-sfax-gabes-et-medenine\/","url":"https:\/\/www.oc.com.tn\/fr\/le-president-directeur-general-de-loffice-des-cereales-en-visite-aux-gouvernorats-de-sfax-gabes-et-medenine\/","name":"Le Pr\u00e9sident Directeur G\u00e9n\u00e9ral de l\u2019Office des c\u00e9r\u00e9ales en visite aux gouvernorats de SFAX, GABES et MEDENINE - Office des C\u00e9r\u00e9ales - Tunisie","isPartOf":{"@id":"https:\/\/www.oc.com.tn\/fr\/#website"},"primaryImageOfPage":{"@id":"https:\/\/www.oc.com.tn\/fr\/le-president-directeur-general-de-loffice-des-cereales-en-visite-aux-gouvernorats-de-sfax-gabes-et-medenine\/#primaryimage"},"image":{"@id":"https:\/\/www.oc.com.tn\/fr\/le-president-directeur-general-de-loffice-des-cereales-en-visite-aux-gouvernorats-de-sfax-gabes-et-medenine\/#primaryimage"},"thumbnailUrl":"https:\/\/www.oc.com.tn\/wp-content\/uploads\/2021\/11\/annonce-2021-11-16-1.png","datePublished":"2021-11-16T09:28:00+00:00","dateModified":"2021-11-27T09:37:06+00:00","description":"Office des C\u00e9r\u00e9ales","breadcrumb":{"@id":"https:\/\/www.oc.com.tn\/fr\/le-president-directeur-general-de-loffice-des-cereales-en-visite-aux-gouvernorats-de-sfax-gabes-et-medenine\/#breadcrumb"},"inLanguage":"fr-FR","potentialAction":[{"@type":"ReadAction","target":["https:\/\/www.oc.com.tn\/fr\/le-president-directeur-general-de-loffice-des-cereales-en-visite-aux-gouvernorats-de-sfax-gabes-et-medenine\/"]}]},{"@type":"ImageObject","inLanguage":"fr-FR","@id":"https:\/\/www.oc.com.tn\/fr\/le-president-directeur-general-de-loffice-des-cereales-en-visite-aux-gouvernorats-de-sfax-gabes-et-medenine\/#primaryimage","url":"https:\/\/www.oc.com.tn\/wp-content\/uploads\/2021\/11\/annonce-2021-11-16-1.png","contentUrl":"https:\/\/www.oc.com.tn\/wp-content\/uploads\/2021\/11\/annonce-2021-11-16-1.png","width":719,"height":334},{"@type":"BreadcrumbList","@id":"https:\/\/www.oc.com.tn\/fr\/le-president-directeur-general-de-loffice-des-cereales-en-visite-aux-gouvernorats-de-sfax-gabes-et-medenine\/#breadcrumb","itemListElement":[{"@type":"ListItem","position":1,"name":"Accueil","item":"https:\/\/www.oc.com.tn\/fr\/"},{"@type":"ListItem","position":2,"name":"Le Pr\u00e9sident Directeur G\u00e9n\u00e9ral de l\u2019Office des c\u00e9r\u00e9ales en visite aux gouvernorats de SFAX, GABES et MEDENINE"}]},{"@type":"WebSite","@id":"https:\/\/www.oc.com.tn\/fr\/#website","url":"https:\/\/www.oc.com.tn\/fr\/","name":"Office des C\u00e9r\u00e9ales - Tunisie","description":"Office des C\u00e9r\u00e9ales - Tunisie","publisher":{"@id":"https:\/\/www.oc.com.tn\/fr\/#organization"},"alternateName":"Office des C\u00e9r\u00e9ales - Tunisie","potentialAction":[{"@type":"SearchAction","target":{"@type":"EntryPoint","urlTemplate":"https:\/\/www.oc.com.tn\/fr\/?s={search_term_string}"},"query-input":{"@type":"PropertyValueSpecification","valueRequired":true,"valueName":"search_term_string"}}],"inLanguage":"fr-FR"},{"@type":"Organization","@id":"https:\/\/www.oc.com.tn\/fr\/#organization","name":"Office des C\u00e9r\u00e9ales - Tunisie","url":"https:\/\/www.oc.com.tn\/fr\/","logo":{"@type":"ImageObject","inLanguage":"fr-FR","@id":"https:\/\/www.oc.com.tn\/fr\/#\/schema\/logo\/image\/","url":"https:\/\/www.oc.com.tn\/wp-content\/uploads\/2020\/07\/Logo.png","contentUrl":"https:\/\/www.oc.com.tn\/wp-content\/uploads\/2020\/07\/Logo.png","width":47,"height":74,"caption":"Office des C\u00e9r\u00e9ales - Tunisie"},"image":{"@id":"https:\/\/www.oc.com.tn\/fr\/#\/schema\/logo\/image\/"},"sameAs":["https:\/\/www.facebook.com\/profile.php?id=100069933501880"]},{"@type":"Person","@id":"https:\/\/www.oc.com.tn\/fr\/#\/schema\/person\/768d712056151bcf1673fea30d58b995","name":"admin","image":{"@type":"ImageObject","inLanguage":"fr-FR","@id":"https:\/\/www.oc.com.tn\/fr\/#\/schema\/person\/image\/","url":"https:\/\/secure.gravatar.com\/avatar\/913c1bfcf4e8248c3db121a857b2f3ea401a3da66d6755a432ba1eb4a5e027d9?s=96&d=mm&r=g","contentUrl":"https:\/\/secure.gravatar.com\/avatar\/913c1bfcf4e8248c3db121a857b2f3ea401a3da66d6755a432ba1eb4a5e027d9?s=96&d=mm&r=g","caption":"admin"},"sameAs":["http:\/\/www.oc.com.tn"],"url":"https:\/\/www.oc.com.tn\/fr\/author\/admin\/"}]}},"_links":{"self":[{"href":"https:\/\/www.oc.com.tn\/fr\/wp-json\/wp\/v2\/posts\/7859","targetHints":{"allow":["GET"]}}],"collection":[{"href":"https:\/\/www.oc.com.tn\/fr\/wp-json\/wp\/v2\/posts"}],"about":[{"href":"https:\/\/www.oc.com.tn\/fr\/wp-json\/wp\/v2\/types\/post"}],"author":[{"embeddable":true,"href":"https:\/\/www.oc.com.tn\/fr\/wp-json\/wp\/v2\/users\/1"}],"replies":[{"embeddable":true,"href":"https:\/\/www.oc.com.tn\/fr\/wp-json\/wp\/v2\/comments?post=7859"}],"version-history":[{"count":4,"href":"https:\/\/www.oc.com.tn\/fr\/wp-json\/wp\/v2\/posts\/7859\/revisions"}],"predecessor-version":[{"id":8390,"href":"https:\/\/www.oc.com.tn\/fr\/wp-json\/wp\/v2\/posts\/7859\/revisions\/8390"}],"wp:featuredmedia":[{"embeddable":true,"href":"https:\/\/www.oc.com.tn\/fr\/wp-json\/wp\/v2\/media\/7866"}],"wp:attachment":[{"href":"https:\/\/www.oc.com.tn\/fr\/wp-json\/wp\/v2\/media?parent=7859"}],"wp:term":[{"taxonomy":"category","embeddable":true,"href":"https:\/\/www.oc.com.tn\/fr\/wp-json\/wp\/v2\/categories?post=7859"},{"taxonomy":"post_tag","embeddable":true,"href":"https:\/\/www.oc.com.tn\/fr\/wp-json\/wp\/v2\/tags?post=7859"}],"curies":[{"name":"wp","href":"https:\/\/api.w.org\/{rel}","templated":true}]}}