

{"id":18922,"date":"2025-08-21T14:17:00","date_gmt":"2025-08-21T12:17:00","guid":{"rendered":"https:\/\/www.oc.com.tn\/?p=18922"},"modified":"2025-08-21T16:29:29","modified_gmt":"2025-08-21T14:29:29","slug":"le-mercredi-20-aout-2025-une-seance-de-travail-du-comite-de-productivite-sest-tenue-sous-la-presidence-du-gouvernement","status":"publish","type":"post","link":"https:\/\/www.oc.com.tn\/fr\/le-mercredi-20-aout-2025-une-seance-de-travail-du-comite-de-productivite-sest-tenue-sous-la-presidence-du-gouvernement\/","title":{"rendered":"Le mercredi 20 ao\u00fbt 2025, une s\u00e9ance de travail du Comit\u00e9 de productivit\u00e9 s&#8217;est tenue sous la pr\u00e9sidence du gouvernement"},"content":{"rendered":"\n<hr class=\"wp-block-separator has-alpha-channel-opacity\"\/>\n\n\n\n<p>Le mercredi 20 ao\u00fbt 2025, une s\u00e9ance de travail du Comit\u00e9 de productivit\u00e9, pr\u00e9sid\u00e9e par le Premier ministre, s&#8217;est tenue afin d&#8217;examiner le dossier de mesure de la productivit\u00e9 pour les ann\u00e9es 2021, 2022 et 2023. Cette s\u00e9ance a abouti \u00e0 des r\u00e9sultats positifs, approuv\u00e9s \u00e0 l&#8217;unanimit\u00e9 par les participants, prenant en compte les budgets de l&#8217;institution, d&#8217;une part, et les mesures incitatives pour les employ\u00e9s de toutes cat\u00e9gories et de tous niveaux de responsabilit\u00e9, d&#8217;autre part. Cela favorisera la paix sociale et renforcera l&#8217;esprit de d\u00e9vouement et de g\u00e9n\u00e9rosit\u00e9. L&#8217;Administration g\u00e9n\u00e9rale de l&#8217;Office appr\u00e9cie les efforts continus des diff\u00e9rents employ\u00e9s et les appelle \u00e0 continuer \u00e0 travailler dur, \u00e0 donner g\u00e9n\u00e9reusement et \u00e0 se consacrer \u00e0 leur travail au profit de l&#8217;Office des c\u00e9r\u00e9ales et de la nation.<\/p>\n","protected":false},"excerpt":{"rendered":"<p>Le mercredi 20 ao\u00fbt 2025, une s\u00e9ance de travail du Comit\u00e9 de productivit\u00e9, pr\u00e9sid\u00e9e par le Premier ministre, s&#8217;est tenue afin d&#8217;examiner le dossier de mesure de la productivit\u00e9 pour les ann\u00e9es 2021, 2022 et 2023. Cette s\u00e9ance a abouti \u00e0 des r\u00e9sultats positifs, approuv\u00e9s \u00e0 l&#8217;unanimit\u00e9 par les participants, prenant en compte les budgets [&hellip;]<\/p>\n","protected":false},"author":9,"featured_media":18925,"comment_status":"closed","ping_status":"open","sticky":false,"template":"","format":"standard","meta":{"_monsterinsights_skip_tracking":false,"_monsterinsights_sitenote_active":false,"_monsterinsights_sitenote_note":"","_monsterinsights_sitenote_category":0,"footnotes":""},"categories":[98],"tags":[],"class_list":["post-18922","post","type-post","status-publish","format-standard","has-post-thumbnail","hentry","category-actualites"],"yoast_head":"<!-- This site is optimized with the Yoast SEO plugin v25.5 - https:\/\/yoast.com\/wordpress\/plugins\/seo\/ -->\n<title>Le mercredi 20 ao\u00fbt 2025, une s\u00e9ance de travail du Comit\u00e9 de productivit\u00e9 s&#039;est tenue sous la pr\u00e9sidence du gouvernement - Office des C\u00e9r\u00e9ales - Tunisie<\/title>\n<meta name=\"description\" content=\"Office des C\u00e9r\u00e9ales\" \/>\n<meta name=\"robots\" content=\"index, follow, max-snippet:-1, max-image-preview:large, max-video-preview:-1\" \/>\n<link rel=\"canonical\" href=\"https:\/\/www.oc.com.tn\/fr\/le-mercredi-20-aout-2025-une-seance-de-travail-du-comite-de-productivite-sest-tenue-sous-la-presidence-du-gouvernement\/\" \/>\n<meta property=\"og:locale\" content=\"fr_FR\" \/>\n<meta property=\"og:type\" content=\"article\" \/>\n<meta property=\"og:title\" content=\"Le mercredi 20 ao\u00fbt 2025, une s\u00e9ance de travail du Comit\u00e9 de productivit\u00e9 s&#039;est tenue sous la pr\u00e9sidence du gouvernement - Office des C\u00e9r\u00e9ales - Tunisie\" \/>\n<meta property=\"og:description\" content=\"Office des C\u00e9r\u00e9ales\" \/>\n<meta property=\"og:url\" content=\"https:\/\/www.oc.com.tn\/fr\/le-mercredi-20-aout-2025-une-seance-de-travail-du-comite-de-productivite-sest-tenue-sous-la-presidence-du-gouvernement\/\" \/>\n<meta property=\"og:site_name\" content=\"Office des C\u00e9r\u00e9ales - Tunisie\" \/>\n<meta property=\"article:publisher\" content=\"https:\/\/www.facebook.com\/profile.php?id=100069933501880\" \/>\n<meta property=\"article:published_time\" content=\"2025-08-21T12:17:00+00:00\" \/>\n<meta property=\"article:modified_time\" content=\"2025-08-21T14:29:29+00:00\" \/>\n<meta property=\"og:image\" content=\"https:\/\/www.oc.com.tn\/wp-content\/uploads\/2025\/08\/information-3.jpg\" \/>\n\t<meta property=\"og:image:width\" content=\"800\" \/>\n\t<meta property=\"og:image:height\" content=\"595\" \/>\n\t<meta property=\"og:image:type\" content=\"image\/jpeg\" \/>\n<meta name=\"author\" content=\"sami belezzi\" \/>\n<meta name=\"twitter:card\" content=\"summary_large_image\" \/>\n<meta name=\"twitter:label1\" content=\"\u00c9crit par\" \/>\n\t<meta name=\"twitter:data1\" content=\"sami belezzi\" \/>\n\t<meta name=\"twitter:label2\" content=\"Dur\u00e9e de lecture estim\u00e9e\" \/>\n\t<meta name=\"twitter:data2\" content=\"1 minute\" \/>\n<script type=\"application\/ld+json\" class=\"yoast-schema-graph\">{\"@context\":\"https:\/\/schema.org\",\"@graph\":[{\"@type\":\"Article\",\"@id\":\"https:\/\/www.oc.com.tn\/fr\/le-mercredi-20-aout-2025-une-seance-de-travail-du-comite-de-productivite-sest-tenue-sous-la-presidence-du-gouvernement\/#article\",\"isPartOf\":{\"@id\":\"https:\/\/www.oc.com.tn\/fr\/le-mercredi-20-aout-2025-une-seance-de-travail-du-comite-de-productivite-sest-tenue-sous-la-presidence-du-gouvernement\/\"},\"author\":{\"name\":\"sami belezzi\",\"@id\":\"https:\/\/www.oc.com.tn\/fr\/#\/schema\/person\/bf94285c5ffd6ac109db665f9e4cc047\"},\"headline\":\"Le mercredi 20 ao\u00fbt 2025, une s\u00e9ance de travail du Comit\u00e9 de productivit\u00e9 s&#8217;est tenue sous la pr\u00e9sidence du gouvernement\",\"datePublished\":\"2025-08-21T12:17:00+00:00\",\"dateModified\":\"2025-08-21T14:29:29+00:00\",\"mainEntityOfPage\":{\"@id\":\"https:\/\/www.oc.com.tn\/fr\/le-mercredi-20-aout-2025-une-seance-de-travail-du-comite-de-productivite-sest-tenue-sous-la-presidence-du-gouvernement\/\"},\"wordCount\":160,\"publisher\":{\"@id\":\"https:\/\/www.oc.com.tn\/fr\/#organization\"},\"image\":{\"@id\":\"https:\/\/www.oc.com.tn\/fr\/le-mercredi-20-aout-2025-une-seance-de-travail-du-comite-de-productivite-sest-tenue-sous-la-presidence-du-gouvernement\/#primaryimage\"},\"thumbnailUrl\":\"https:\/\/www.oc.com.tn\/wp-content\/uploads\/2025\/08\/information-3.jpg\",\"articleSection\":[\"Actualit\u00e9s\"],\"inLanguage\":\"fr-FR\"},{\"@type\":\"WebPage\",\"@id\":\"https:\/\/www.oc.com.tn\/fr\/le-mercredi-20-aout-2025-une-seance-de-travail-du-comite-de-productivite-sest-tenue-sous-la-presidence-du-gouvernement\/\",\"url\":\"https:\/\/www.oc.com.tn\/fr\/le-mercredi-20-aout-2025-une-seance-de-travail-du-comite-de-productivite-sest-tenue-sous-la-presidence-du-gouvernement\/\",\"name\":\"Le mercredi 20 ao\u00fbt 2025, une s\u00e9ance de travail du Comit\u00e9 de productivit\u00e9 s'est tenue sous la pr\u00e9sidence du gouvernement - Office des C\u00e9r\u00e9ales - Tunisie\",\"isPartOf\":{\"@id\":\"https:\/\/www.oc.com.tn\/fr\/#website\"},\"primaryImageOfPage\":{\"@id\":\"https:\/\/www.oc.com.tn\/fr\/le-mercredi-20-aout-2025-une-seance-de-travail-du-comite-de-productivite-sest-tenue-sous-la-presidence-du-gouvernement\/#primaryimage\"},\"image\":{\"@id\":\"https:\/\/www.oc.com.tn\/fr\/le-mercredi-20-aout-2025-une-seance-de-travail-du-comite-de-productivite-sest-tenue-sous-la-presidence-du-gouvernement\/#primaryimage\"},\"thumbnailUrl\":\"https:\/\/www.oc.com.tn\/wp-content\/uploads\/2025\/08\/information-3.jpg\",\"datePublished\":\"2025-08-21T12:17:00+00:00\",\"dateModified\":\"2025-08-21T14:29:29+00:00\",\"description\":\"Office des C\u00e9r\u00e9ales\",\"breadcrumb\":{\"@id\":\"https:\/\/www.oc.com.tn\/fr\/le-mercredi-20-aout-2025-une-seance-de-travail-du-comite-de-productivite-sest-tenue-sous-la-presidence-du-gouvernement\/#breadcrumb\"},\"inLanguage\":\"fr-FR\",\"potentialAction\":[{\"@type\":\"ReadAction\",\"target\":[\"https:\/\/www.oc.com.tn\/fr\/le-mercredi-20-aout-2025-une-seance-de-travail-du-comite-de-productivite-sest-tenue-sous-la-presidence-du-gouvernement\/\"]}]},{\"@type\":\"ImageObject\",\"inLanguage\":\"fr-FR\",\"@id\":\"https:\/\/www.oc.com.tn\/fr\/le-mercredi-20-aout-2025-une-seance-de-travail-du-comite-de-productivite-sest-tenue-sous-la-presidence-du-gouvernement\/#primaryimage\",\"url\":\"https:\/\/www.oc.com.tn\/wp-content\/uploads\/2025\/08\/information-3.jpg\",\"contentUrl\":\"https:\/\/www.oc.com.tn\/wp-content\/uploads\/2025\/08\/information-3.jpg\",\"width\":800,\"height\":595},{\"@type\":\"BreadcrumbList\",\"@id\":\"https:\/\/www.oc.com.tn\/fr\/le-mercredi-20-aout-2025-une-seance-de-travail-du-comite-de-productivite-sest-tenue-sous-la-presidence-du-gouvernement\/#breadcrumb\",\"itemListElement\":[{\"@type\":\"ListItem\",\"position\":1,\"name\":\"Accueil\",\"item\":\"https:\/\/www.oc.com.tn\/fr\/\"},{\"@type\":\"ListItem\",\"position\":2,\"name\":\"Le mercredi 20 ao\u00fbt 2025, une s\u00e9ance de travail du Comit\u00e9 de productivit\u00e9 s&#8217;est tenue sous la pr\u00e9sidence du gouvernement\"}]},{\"@type\":\"WebSite\",\"@id\":\"https:\/\/www.oc.com.tn\/fr\/#website\",\"url\":\"https:\/\/www.oc.com.tn\/fr\/\",\"name\":\"Office des C\u00e9r\u00e9ales - Tunisie\",\"description\":\"Office des C\u00e9r\u00e9ales - Tunisie\",\"publisher\":{\"@id\":\"https:\/\/www.oc.com.tn\/fr\/#organization\"},\"alternateName\":\"Office des C\u00e9r\u00e9ales - Tunisie\",\"potentialAction\":[{\"@type\":\"SearchAction\",\"target\":{\"@type\":\"EntryPoint\",\"urlTemplate\":\"https:\/\/www.oc.com.tn\/fr\/?s={search_term_string}\"},\"query-input\":{\"@type\":\"PropertyValueSpecification\",\"valueRequired\":true,\"valueName\":\"search_term_string\"}}],\"inLanguage\":\"fr-FR\"},{\"@type\":\"Organization\",\"@id\":\"https:\/\/www.oc.com.tn\/fr\/#organization\",\"name\":\"Office des C\u00e9r\u00e9ales - Tunisie\",\"url\":\"https:\/\/www.oc.com.tn\/fr\/\",\"logo\":{\"@type\":\"ImageObject\",\"inLanguage\":\"fr-FR\",\"@id\":\"https:\/\/www.oc.com.tn\/fr\/#\/schema\/logo\/image\/\",\"url\":\"https:\/\/www.oc.com.tn\/wp-content\/uploads\/2020\/07\/Logo.png\",\"contentUrl\":\"https:\/\/www.oc.com.tn\/wp-content\/uploads\/2020\/07\/Logo.png\",\"width\":47,\"height\":74,\"caption\":\"Office des C\u00e9r\u00e9ales - Tunisie\"},\"image\":{\"@id\":\"https:\/\/www.oc.com.tn\/fr\/#\/schema\/logo\/image\/\"},\"sameAs\":[\"https:\/\/www.facebook.com\/profile.php?id=100069933501880\"]},{\"@type\":\"Person\",\"@id\":\"https:\/\/www.oc.com.tn\/fr\/#\/schema\/person\/bf94285c5ffd6ac109db665f9e4cc047\",\"name\":\"sami belezzi\",\"image\":{\"@type\":\"ImageObject\",\"inLanguage\":\"fr-FR\",\"@id\":\"https:\/\/www.oc.com.tn\/fr\/#\/schema\/person\/image\/\",\"url\":\"https:\/\/secure.gravatar.com\/avatar\/e3dd0a40533272e7df68dcc7598e85c566c44756658420c976d9f111328b3bb2?s=96&d=mm&r=g\",\"contentUrl\":\"https:\/\/secure.gravatar.com\/avatar\/e3dd0a40533272e7df68dcc7598e85c566c44756658420c976d9f111328b3bb2?s=96&d=mm&r=g\",\"caption\":\"sami belezzi\"},\"url\":\"https:\/\/www.oc.com.tn\/fr\/author\/adminoc\/\"}]}<\/script>\n<!-- \/ Yoast SEO plugin. -->","yoast_head_json":{"title":"Le mercredi 20 ao\u00fbt 2025, une s\u00e9ance de travail du Comit\u00e9 de productivit\u00e9 s'est tenue sous la pr\u00e9sidence du gouvernement - Office des C\u00e9r\u00e9ales - Tunisie","description":"Office des C\u00e9r\u00e9ales","robots":{"index":"index","follow":"follow","max-snippet":"max-snippet:-1","max-image-preview":"max-image-preview:large","max-video-preview":"max-video-preview:-1"},"canonical":"https:\/\/www.oc.com.tn\/fr\/le-mercredi-20-aout-2025-une-seance-de-travail-du-comite-de-productivite-sest-tenue-sous-la-presidence-du-gouvernement\/","og_locale":"fr_FR","og_type":"article","og_title":"Le mercredi 20 ao\u00fbt 2025, une s\u00e9ance de travail du Comit\u00e9 de productivit\u00e9 s'est tenue sous la pr\u00e9sidence du gouvernement - Office des C\u00e9r\u00e9ales - Tunisie","og_description":"Office des C\u00e9r\u00e9ales","og_url":"https:\/\/www.oc.com.tn\/fr\/le-mercredi-20-aout-2025-une-seance-de-travail-du-comite-de-productivite-sest-tenue-sous-la-presidence-du-gouvernement\/","og_site_name":"Office des C\u00e9r\u00e9ales - Tunisie","article_publisher":"https:\/\/www.facebook.com\/profile.php?id=100069933501880","article_published_time":"2025-08-21T12:17:00+00:00","article_modified_time":"2025-08-21T14:29:29+00:00","og_image":[{"width":800,"height":595,"url":"https:\/\/www.oc.com.tn\/wp-content\/uploads\/2025\/08\/information-3.jpg","type":"image\/jpeg"}],"author":"sami belezzi","twitter_card":"summary_large_image","twitter_misc":{"\u00c9crit par":"sami belezzi","Dur\u00e9e de lecture estim\u00e9e":"1 minute"},"schema":{"@context":"https:\/\/schema.org","@graph":[{"@type":"Article","@id":"https:\/\/www.oc.com.tn\/fr\/le-mercredi-20-aout-2025-une-seance-de-travail-du-comite-de-productivite-sest-tenue-sous-la-presidence-du-gouvernement\/#article","isPartOf":{"@id":"https:\/\/www.oc.com.tn\/fr\/le-mercredi-20-aout-2025-une-seance-de-travail-du-comite-de-productivite-sest-tenue-sous-la-presidence-du-gouvernement\/"},"author":{"name":"sami belezzi","@id":"https:\/\/www.oc.com.tn\/fr\/#\/schema\/person\/bf94285c5ffd6ac109db665f9e4cc047"},"headline":"Le mercredi 20 ao\u00fbt 2025, une s\u00e9ance de travail du Comit\u00e9 de productivit\u00e9 s&#8217;est tenue sous la pr\u00e9sidence du gouvernement","datePublished":"2025-08-21T12:17:00+00:00","dateModified":"2025-08-21T14:29:29+00:00","mainEntityOfPage":{"@id":"https:\/\/www.oc.com.tn\/fr\/le-mercredi-20-aout-2025-une-seance-de-travail-du-comite-de-productivite-sest-tenue-sous-la-presidence-du-gouvernement\/"},"wordCount":160,"publisher":{"@id":"https:\/\/www.oc.com.tn\/fr\/#organization"},"image":{"@id":"https:\/\/www.oc.com.tn\/fr\/le-mercredi-20-aout-2025-une-seance-de-travail-du-comite-de-productivite-sest-tenue-sous-la-presidence-du-gouvernement\/#primaryimage"},"thumbnailUrl":"https:\/\/www.oc.com.tn\/wp-content\/uploads\/2025\/08\/information-3.jpg","articleSection":["Actualit\u00e9s"],"inLanguage":"fr-FR"},{"@type":"WebPage","@id":"https:\/\/www.oc.com.tn\/fr\/le-mercredi-20-aout-2025-une-seance-de-travail-du-comite-de-productivite-sest-tenue-sous-la-presidence-du-gouvernement\/","url":"https:\/\/www.oc.com.tn\/fr\/le-mercredi-20-aout-2025-une-seance-de-travail-du-comite-de-productivite-sest-tenue-sous-la-presidence-du-gouvernement\/","name":"Le mercredi 20 ao\u00fbt 2025, une s\u00e9ance de travail du Comit\u00e9 de productivit\u00e9 s'est tenue sous la pr\u00e9sidence du gouvernement - Office des C\u00e9r\u00e9ales - Tunisie","isPartOf":{"@id":"https:\/\/www.oc.com.tn\/fr\/#website"},"primaryImageOfPage":{"@id":"https:\/\/www.oc.com.tn\/fr\/le-mercredi-20-aout-2025-une-seance-de-travail-du-comite-de-productivite-sest-tenue-sous-la-presidence-du-gouvernement\/#primaryimage"},"image":{"@id":"https:\/\/www.oc.com.tn\/fr\/le-mercredi-20-aout-2025-une-seance-de-travail-du-comite-de-productivite-sest-tenue-sous-la-presidence-du-gouvernement\/#primaryimage"},"thumbnailUrl":"https:\/\/www.oc.com.tn\/wp-content\/uploads\/2025\/08\/information-3.jpg","datePublished":"2025-08-21T12:17:00+00:00","dateModified":"2025-08-21T14:29:29+00:00","description":"Office des C\u00e9r\u00e9ales","breadcrumb":{"@id":"https:\/\/www.oc.com.tn\/fr\/le-mercredi-20-aout-2025-une-seance-de-travail-du-comite-de-productivite-sest-tenue-sous-la-presidence-du-gouvernement\/#breadcrumb"},"inLanguage":"fr-FR","potentialAction":[{"@type":"ReadAction","target":["https:\/\/www.oc.com.tn\/fr\/le-mercredi-20-aout-2025-une-seance-de-travail-du-comite-de-productivite-sest-tenue-sous-la-presidence-du-gouvernement\/"]}]},{"@type":"ImageObject","inLanguage":"fr-FR","@id":"https:\/\/www.oc.com.tn\/fr\/le-mercredi-20-aout-2025-une-seance-de-travail-du-comite-de-productivite-sest-tenue-sous-la-presidence-du-gouvernement\/#primaryimage","url":"https:\/\/www.oc.com.tn\/wp-content\/uploads\/2025\/08\/information-3.jpg","contentUrl":"https:\/\/www.oc.com.tn\/wp-content\/uploads\/2025\/08\/information-3.jpg","width":800,"height":595},{"@type":"BreadcrumbList","@id":"https:\/\/www.oc.com.tn\/fr\/le-mercredi-20-aout-2025-une-seance-de-travail-du-comite-de-productivite-sest-tenue-sous-la-presidence-du-gouvernement\/#breadcrumb","itemListElement":[{"@type":"ListItem","position":1,"name":"Accueil","item":"https:\/\/www.oc.com.tn\/fr\/"},{"@type":"ListItem","position":2,"name":"Le mercredi 20 ao\u00fbt 2025, une s\u00e9ance de travail du Comit\u00e9 de productivit\u00e9 s&#8217;est tenue sous la pr\u00e9sidence du gouvernement"}]},{"@type":"WebSite","@id":"https:\/\/www.oc.com.tn\/fr\/#website","url":"https:\/\/www.oc.com.tn\/fr\/","name":"Office des C\u00e9r\u00e9ales - Tunisie","description":"Office des C\u00e9r\u00e9ales - Tunisie","publisher":{"@id":"https:\/\/www.oc.com.tn\/fr\/#organization"},"alternateName":"Office des C\u00e9r\u00e9ales - Tunisie","potentialAction":[{"@type":"SearchAction","target":{"@type":"EntryPoint","urlTemplate":"https:\/\/www.oc.com.tn\/fr\/?s={search_term_string}"},"query-input":{"@type":"PropertyValueSpecification","valueRequired":true,"valueName":"search_term_string"}}],"inLanguage":"fr-FR"},{"@type":"Organization","@id":"https:\/\/www.oc.com.tn\/fr\/#organization","name":"Office des C\u00e9r\u00e9ales - Tunisie","url":"https:\/\/www.oc.com.tn\/fr\/","logo":{"@type":"ImageObject","inLanguage":"fr-FR","@id":"https:\/\/www.oc.com.tn\/fr\/#\/schema\/logo\/image\/","url":"https:\/\/www.oc.com.tn\/wp-content\/uploads\/2020\/07\/Logo.png","contentUrl":"https:\/\/www.oc.com.tn\/wp-content\/uploads\/2020\/07\/Logo.png","width":47,"height":74,"caption":"Office des C\u00e9r\u00e9ales - Tunisie"},"image":{"@id":"https:\/\/www.oc.com.tn\/fr\/#\/schema\/logo\/image\/"},"sameAs":["https:\/\/www.facebook.com\/profile.php?id=100069933501880"]},{"@type":"Person","@id":"https:\/\/www.oc.com.tn\/fr\/#\/schema\/person\/bf94285c5ffd6ac109db665f9e4cc047","name":"sami belezzi","image":{"@type":"ImageObject","inLanguage":"fr-FR","@id":"https:\/\/www.oc.com.tn\/fr\/#\/schema\/person\/image\/","url":"https:\/\/secure.gravatar.com\/avatar\/e3dd0a40533272e7df68dcc7598e85c566c44756658420c976d9f111328b3bb2?s=96&d=mm&r=g","contentUrl":"https:\/\/secure.gravatar.com\/avatar\/e3dd0a40533272e7df68dcc7598e85c566c44756658420c976d9f111328b3bb2?s=96&d=mm&r=g","caption":"sami belezzi"},"url":"https:\/\/www.oc.com.tn\/fr\/author\/adminoc\/"}]}},"_links":{"self":[{"href":"https:\/\/www.oc.com.tn\/fr\/wp-json\/wp\/v2\/posts\/18922","targetHints":{"allow":["GET"]}}],"collection":[{"href":"https:\/\/www.oc.com.tn\/fr\/wp-json\/wp\/v2\/posts"}],"about":[{"href":"https:\/\/www.oc.com.tn\/fr\/wp-json\/wp\/v2\/types\/post"}],"author":[{"embeddable":true,"href":"https:\/\/www.oc.com.tn\/fr\/wp-json\/wp\/v2\/users\/9"}],"replies":[{"embeddable":true,"href":"https:\/\/www.oc.com.tn\/fr\/wp-json\/wp\/v2\/comments?post=18922"}],"version-history":[{"count":1,"href":"https:\/\/www.oc.com.tn\/fr\/wp-json\/wp\/v2\/posts\/18922\/revisions"}],"predecessor-version":[{"id":18924,"href":"https:\/\/www.oc.com.tn\/fr\/wp-json\/wp\/v2\/posts\/18922\/revisions\/18924"}],"wp:featuredmedia":[{"embeddable":true,"href":"https:\/\/www.oc.com.tn\/fr\/wp-json\/wp\/v2\/media\/18925"}],"wp:attachment":[{"href":"https:\/\/www.oc.com.tn\/fr\/wp-json\/wp\/v2\/media?parent=18922"}],"wp:term":[{"taxonomy":"category","embeddable":true,"href":"https:\/\/www.oc.com.tn\/fr\/wp-json\/wp\/v2\/categories?post=18922"},{"taxonomy":"post_tag","embeddable":true,"href":"https:\/\/www.oc.com.tn\/fr\/wp-json\/wp\/v2\/tags?post=18922"}],"curies":[{"name":"wp","href":"https:\/\/api.w.org\/{rel}","templated":true}]}}