

{"id":17531,"date":"2025-04-24T11:21:31","date_gmt":"2025-04-24T09:21:31","guid":{"rendered":"https:\/\/www.oc.com.tn\/?p=17531"},"modified":"2025-04-25T12:22:54","modified_gmt":"2025-04-25T10:22:54","slug":"intervention-de-m-nabil-zarrouk-directeur-general-adjoint-de-loffice-des-cereales","status":"publish","type":"post","link":"https:\/\/www.oc.com.tn\/fr\/intervention-de-m-nabil-zarrouk-directeur-general-adjoint-de-loffice-des-cereales\/","title":{"rendered":"Intervention de M. Nabil Zarrouk, Directeur G\u00e9n\u00e9ral Adjoint de l\u2019Office des C\u00e9r\u00e9ales"},"content":{"rendered":"\n<hr class=\"wp-block-separator has-alpha-channel-opacity\"\/>\n\n\n\n<p>Intervention de M. Nabil Zarrouk, Directeur G\u00e9n\u00e9ral Adjoint de l\u2019Office des C\u00e9r\u00e9ales, sur le Projet de R\u00e9ponse \u00e0 la R\u00e9silience en S\u00e9curit\u00e9 Alimentaire, financ\u00e9 par la Banque Europ\u00e9enne pour la Reconstruction et le D\u00e9veloppement.<\/p>\n\n\n\n<hr class=\"wp-block-separator has-alpha-channel-opacity\"\/>\n\n\n\n<figure class=\"wp-block-video\"><video controls src=\"https:\/\/www.oc.com.tn\/wp-content\/uploads\/2025\/04\/Mr-nabil-edit.mp4\"><\/video><\/figure>\n","protected":false},"excerpt":{"rendered":"<p>Intervention de M. Nabil Zarrouk, Directeur G\u00e9n\u00e9ral Adjoint de l\u2019Office des C\u00e9r\u00e9ales, sur le Projet de R\u00e9ponse \u00e0 la R\u00e9silience en S\u00e9curit\u00e9 Alimentaire, financ\u00e9 par la Banque Europ\u00e9enne pour la Reconstruction et le D\u00e9veloppement.<\/p>\n","protected":false},"author":9,"featured_media":17535,"comment_status":"closed","ping_status":"open","sticky":false,"template":"","format":"standard","meta":{"_monsterinsights_skip_tracking":false,"_monsterinsights_sitenote_active":false,"_monsterinsights_sitenote_note":"","_monsterinsights_sitenote_category":0,"footnotes":""},"categories":[98],"tags":[],"class_list":["post-17531","post","type-post","status-publish","format-standard","has-post-thumbnail","hentry","category-actualites"],"yoast_head":"<!-- This site is optimized with the Yoast SEO plugin v25.5 - https:\/\/yoast.com\/wordpress\/plugins\/seo\/ -->\n<title>Intervention de M. Nabil Zarrouk, Directeur G\u00e9n\u00e9ral Adjoint de l\u2019Office des C\u00e9r\u00e9ales - Office des C\u00e9r\u00e9ales - Tunisie<\/title>\n<meta name=\"description\" content=\"Office des C\u00e9r\u00e9ales\" \/>\n<meta name=\"robots\" content=\"index, follow, max-snippet:-1, max-image-preview:large, max-video-preview:-1\" \/>\n<link rel=\"canonical\" href=\"https:\/\/www.oc.com.tn\/fr\/intervention-de-m-nabil-zarrouk-directeur-general-adjoint-de-loffice-des-cereales\/\" \/>\n<meta property=\"og:locale\" content=\"fr_FR\" \/>\n<meta property=\"og:type\" content=\"article\" \/>\n<meta property=\"og:title\" content=\"Intervention de M. Nabil Zarrouk, Directeur G\u00e9n\u00e9ral Adjoint de l\u2019Office des C\u00e9r\u00e9ales - Office des C\u00e9r\u00e9ales - Tunisie\" \/>\n<meta property=\"og:description\" content=\"Office des C\u00e9r\u00e9ales\" \/>\n<meta property=\"og:url\" content=\"https:\/\/www.oc.com.tn\/fr\/intervention-de-m-nabil-zarrouk-directeur-general-adjoint-de-loffice-des-cereales\/\" \/>\n<meta property=\"og:site_name\" content=\"Office des C\u00e9r\u00e9ales - Tunisie\" \/>\n<meta property=\"article:publisher\" content=\"https:\/\/www.facebook.com\/profile.php?id=100069933501880\" \/>\n<meta property=\"article:published_time\" content=\"2025-04-24T09:21:31+00:00\" \/>\n<meta property=\"article:modified_time\" content=\"2025-04-25T10:22:54+00:00\" \/>\n<meta property=\"og:image\" content=\"https:\/\/www.oc.com.tn\/wp-content\/uploads\/2025\/04\/nab.png\" \/>\n\t<meta property=\"og:image:width\" content=\"1447\" \/>\n\t<meta property=\"og:image:height\" content=\"818\" \/>\n\t<meta property=\"og:image:type\" content=\"image\/png\" \/>\n<meta name=\"author\" content=\"sami belezzi\" \/>\n<meta name=\"twitter:card\" content=\"summary_large_image\" \/>\n<meta name=\"twitter:label1\" content=\"\u00c9crit par\" \/>\n\t<meta name=\"twitter:data1\" content=\"sami belezzi\" \/>\n<script type=\"application\/ld+json\" class=\"yoast-schema-graph\">{\"@context\":\"https:\/\/schema.org\",\"@graph\":[{\"@type\":\"Article\",\"@id\":\"https:\/\/www.oc.com.tn\/fr\/intervention-de-m-nabil-zarrouk-directeur-general-adjoint-de-loffice-des-cereales\/#article\",\"isPartOf\":{\"@id\":\"https:\/\/www.oc.com.tn\/fr\/intervention-de-m-nabil-zarrouk-directeur-general-adjoint-de-loffice-des-cereales\/\"},\"author\":{\"name\":\"sami belezzi\",\"@id\":\"https:\/\/www.oc.com.tn\/fr\/#\/schema\/person\/bf94285c5ffd6ac109db665f9e4cc047\"},\"headline\":\"Intervention de M. Nabil Zarrouk, Directeur G\u00e9n\u00e9ral Adjoint de l\u2019Office des C\u00e9r\u00e9ales\",\"datePublished\":\"2025-04-24T09:21:31+00:00\",\"dateModified\":\"2025-04-25T10:22:54+00:00\",\"mainEntityOfPage\":{\"@id\":\"https:\/\/www.oc.com.tn\/fr\/intervention-de-m-nabil-zarrouk-directeur-general-adjoint-de-loffice-des-cereales\/\"},\"wordCount\":60,\"publisher\":{\"@id\":\"https:\/\/www.oc.com.tn\/fr\/#organization\"},\"image\":{\"@id\":\"https:\/\/www.oc.com.tn\/fr\/intervention-de-m-nabil-zarrouk-directeur-general-adjoint-de-loffice-des-cereales\/#primaryimage\"},\"thumbnailUrl\":\"https:\/\/www.oc.com.tn\/wp-content\/uploads\/2025\/04\/nab.png\",\"articleSection\":[\"Actualit\u00e9s\"],\"inLanguage\":\"fr-FR\"},{\"@type\":\"WebPage\",\"@id\":\"https:\/\/www.oc.com.tn\/fr\/intervention-de-m-nabil-zarrouk-directeur-general-adjoint-de-loffice-des-cereales\/\",\"url\":\"https:\/\/www.oc.com.tn\/fr\/intervention-de-m-nabil-zarrouk-directeur-general-adjoint-de-loffice-des-cereales\/\",\"name\":\"Intervention de M. Nabil Zarrouk, Directeur G\u00e9n\u00e9ral Adjoint de l\u2019Office des C\u00e9r\u00e9ales - Office des C\u00e9r\u00e9ales - Tunisie\",\"isPartOf\":{\"@id\":\"https:\/\/www.oc.com.tn\/fr\/#website\"},\"primaryImageOfPage\":{\"@id\":\"https:\/\/www.oc.com.tn\/fr\/intervention-de-m-nabil-zarrouk-directeur-general-adjoint-de-loffice-des-cereales\/#primaryimage\"},\"image\":{\"@id\":\"https:\/\/www.oc.com.tn\/fr\/intervention-de-m-nabil-zarrouk-directeur-general-adjoint-de-loffice-des-cereales\/#primaryimage\"},\"thumbnailUrl\":\"https:\/\/www.oc.com.tn\/wp-content\/uploads\/2025\/04\/nab.png\",\"datePublished\":\"2025-04-24T09:21:31+00:00\",\"dateModified\":\"2025-04-25T10:22:54+00:00\",\"description\":\"Office des C\u00e9r\u00e9ales\",\"breadcrumb\":{\"@id\":\"https:\/\/www.oc.com.tn\/fr\/intervention-de-m-nabil-zarrouk-directeur-general-adjoint-de-loffice-des-cereales\/#breadcrumb\"},\"inLanguage\":\"fr-FR\",\"potentialAction\":[{\"@type\":\"ReadAction\",\"target\":[\"https:\/\/www.oc.com.tn\/fr\/intervention-de-m-nabil-zarrouk-directeur-general-adjoint-de-loffice-des-cereales\/\"]}]},{\"@type\":\"ImageObject\",\"inLanguage\":\"fr-FR\",\"@id\":\"https:\/\/www.oc.com.tn\/fr\/intervention-de-m-nabil-zarrouk-directeur-general-adjoint-de-loffice-des-cereales\/#primaryimage\",\"url\":\"https:\/\/www.oc.com.tn\/wp-content\/uploads\/2025\/04\/nab.png\",\"contentUrl\":\"https:\/\/www.oc.com.tn\/wp-content\/uploads\/2025\/04\/nab.png\",\"width\":1447,\"height\":818},{\"@type\":\"BreadcrumbList\",\"@id\":\"https:\/\/www.oc.com.tn\/fr\/intervention-de-m-nabil-zarrouk-directeur-general-adjoint-de-loffice-des-cereales\/#breadcrumb\",\"itemListElement\":[{\"@type\":\"ListItem\",\"position\":1,\"name\":\"Accueil\",\"item\":\"https:\/\/www.oc.com.tn\/fr\/\"},{\"@type\":\"ListItem\",\"position\":2,\"name\":\"Intervention de M. Nabil Zarrouk, Directeur G\u00e9n\u00e9ral Adjoint de l\u2019Office des C\u00e9r\u00e9ales\"}]},{\"@type\":\"WebSite\",\"@id\":\"https:\/\/www.oc.com.tn\/fr\/#website\",\"url\":\"https:\/\/www.oc.com.tn\/fr\/\",\"name\":\"Office des C\u00e9r\u00e9ales - Tunisie\",\"description\":\"Office des C\u00e9r\u00e9ales - Tunisie\",\"publisher\":{\"@id\":\"https:\/\/www.oc.com.tn\/fr\/#organization\"},\"alternateName\":\"Office des C\u00e9r\u00e9ales - Tunisie\",\"potentialAction\":[{\"@type\":\"SearchAction\",\"target\":{\"@type\":\"EntryPoint\",\"urlTemplate\":\"https:\/\/www.oc.com.tn\/fr\/?s={search_term_string}\"},\"query-input\":{\"@type\":\"PropertyValueSpecification\",\"valueRequired\":true,\"valueName\":\"search_term_string\"}}],\"inLanguage\":\"fr-FR\"},{\"@type\":\"Organization\",\"@id\":\"https:\/\/www.oc.com.tn\/fr\/#organization\",\"name\":\"Office des C\u00e9r\u00e9ales - Tunisie\",\"url\":\"https:\/\/www.oc.com.tn\/fr\/\",\"logo\":{\"@type\":\"ImageObject\",\"inLanguage\":\"fr-FR\",\"@id\":\"https:\/\/www.oc.com.tn\/fr\/#\/schema\/logo\/image\/\",\"url\":\"https:\/\/www.oc.com.tn\/wp-content\/uploads\/2020\/07\/Logo.png\",\"contentUrl\":\"https:\/\/www.oc.com.tn\/wp-content\/uploads\/2020\/07\/Logo.png\",\"width\":47,\"height\":74,\"caption\":\"Office des C\u00e9r\u00e9ales - Tunisie\"},\"image\":{\"@id\":\"https:\/\/www.oc.com.tn\/fr\/#\/schema\/logo\/image\/\"},\"sameAs\":[\"https:\/\/www.facebook.com\/profile.php?id=100069933501880\"]},{\"@type\":\"Person\",\"@id\":\"https:\/\/www.oc.com.tn\/fr\/#\/schema\/person\/bf94285c5ffd6ac109db665f9e4cc047\",\"name\":\"sami belezzi\",\"image\":{\"@type\":\"ImageObject\",\"inLanguage\":\"fr-FR\",\"@id\":\"https:\/\/www.oc.com.tn\/fr\/#\/schema\/person\/image\/\",\"url\":\"https:\/\/secure.gravatar.com\/avatar\/e3dd0a40533272e7df68dcc7598e85c566c44756658420c976d9f111328b3bb2?s=96&d=mm&r=g\",\"contentUrl\":\"https:\/\/secure.gravatar.com\/avatar\/e3dd0a40533272e7df68dcc7598e85c566c44756658420c976d9f111328b3bb2?s=96&d=mm&r=g\",\"caption\":\"sami belezzi\"},\"url\":\"https:\/\/www.oc.com.tn\/fr\/author\/adminoc\/\"}]}<\/script>\n<!-- \/ Yoast SEO plugin. -->","yoast_head_json":{"title":"Intervention de M. Nabil Zarrouk, Directeur G\u00e9n\u00e9ral Adjoint de l\u2019Office des C\u00e9r\u00e9ales - Office des C\u00e9r\u00e9ales - Tunisie","description":"Office des C\u00e9r\u00e9ales","robots":{"index":"index","follow":"follow","max-snippet":"max-snippet:-1","max-image-preview":"max-image-preview:large","max-video-preview":"max-video-preview:-1"},"canonical":"https:\/\/www.oc.com.tn\/fr\/intervention-de-m-nabil-zarrouk-directeur-general-adjoint-de-loffice-des-cereales\/","og_locale":"fr_FR","og_type":"article","og_title":"Intervention de M. Nabil Zarrouk, Directeur G\u00e9n\u00e9ral Adjoint de l\u2019Office des C\u00e9r\u00e9ales - Office des C\u00e9r\u00e9ales - Tunisie","og_description":"Office des C\u00e9r\u00e9ales","og_url":"https:\/\/www.oc.com.tn\/fr\/intervention-de-m-nabil-zarrouk-directeur-general-adjoint-de-loffice-des-cereales\/","og_site_name":"Office des C\u00e9r\u00e9ales - Tunisie","article_publisher":"https:\/\/www.facebook.com\/profile.php?id=100069933501880","article_published_time":"2025-04-24T09:21:31+00:00","article_modified_time":"2025-04-25T10:22:54+00:00","og_image":[{"width":1447,"height":818,"url":"https:\/\/www.oc.com.tn\/wp-content\/uploads\/2025\/04\/nab.png","type":"image\/png"}],"author":"sami belezzi","twitter_card":"summary_large_image","twitter_misc":{"\u00c9crit par":"sami belezzi"},"schema":{"@context":"https:\/\/schema.org","@graph":[{"@type":"Article","@id":"https:\/\/www.oc.com.tn\/fr\/intervention-de-m-nabil-zarrouk-directeur-general-adjoint-de-loffice-des-cereales\/#article","isPartOf":{"@id":"https:\/\/www.oc.com.tn\/fr\/intervention-de-m-nabil-zarrouk-directeur-general-adjoint-de-loffice-des-cereales\/"},"author":{"name":"sami belezzi","@id":"https:\/\/www.oc.com.tn\/fr\/#\/schema\/person\/bf94285c5ffd6ac109db665f9e4cc047"},"headline":"Intervention de M. Nabil Zarrouk, Directeur G\u00e9n\u00e9ral Adjoint de l\u2019Office des C\u00e9r\u00e9ales","datePublished":"2025-04-24T09:21:31+00:00","dateModified":"2025-04-25T10:22:54+00:00","mainEntityOfPage":{"@id":"https:\/\/www.oc.com.tn\/fr\/intervention-de-m-nabil-zarrouk-directeur-general-adjoint-de-loffice-des-cereales\/"},"wordCount":60,"publisher":{"@id":"https:\/\/www.oc.com.tn\/fr\/#organization"},"image":{"@id":"https:\/\/www.oc.com.tn\/fr\/intervention-de-m-nabil-zarrouk-directeur-general-adjoint-de-loffice-des-cereales\/#primaryimage"},"thumbnailUrl":"https:\/\/www.oc.com.tn\/wp-content\/uploads\/2025\/04\/nab.png","articleSection":["Actualit\u00e9s"],"inLanguage":"fr-FR"},{"@type":"WebPage","@id":"https:\/\/www.oc.com.tn\/fr\/intervention-de-m-nabil-zarrouk-directeur-general-adjoint-de-loffice-des-cereales\/","url":"https:\/\/www.oc.com.tn\/fr\/intervention-de-m-nabil-zarrouk-directeur-general-adjoint-de-loffice-des-cereales\/","name":"Intervention de M. Nabil Zarrouk, Directeur G\u00e9n\u00e9ral Adjoint de l\u2019Office des C\u00e9r\u00e9ales - Office des C\u00e9r\u00e9ales - Tunisie","isPartOf":{"@id":"https:\/\/www.oc.com.tn\/fr\/#website"},"primaryImageOfPage":{"@id":"https:\/\/www.oc.com.tn\/fr\/intervention-de-m-nabil-zarrouk-directeur-general-adjoint-de-loffice-des-cereales\/#primaryimage"},"image":{"@id":"https:\/\/www.oc.com.tn\/fr\/intervention-de-m-nabil-zarrouk-directeur-general-adjoint-de-loffice-des-cereales\/#primaryimage"},"thumbnailUrl":"https:\/\/www.oc.com.tn\/wp-content\/uploads\/2025\/04\/nab.png","datePublished":"2025-04-24T09:21:31+00:00","dateModified":"2025-04-25T10:22:54+00:00","description":"Office des C\u00e9r\u00e9ales","breadcrumb":{"@id":"https:\/\/www.oc.com.tn\/fr\/intervention-de-m-nabil-zarrouk-directeur-general-adjoint-de-loffice-des-cereales\/#breadcrumb"},"inLanguage":"fr-FR","potentialAction":[{"@type":"ReadAction","target":["https:\/\/www.oc.com.tn\/fr\/intervention-de-m-nabil-zarrouk-directeur-general-adjoint-de-loffice-des-cereales\/"]}]},{"@type":"ImageObject","inLanguage":"fr-FR","@id":"https:\/\/www.oc.com.tn\/fr\/intervention-de-m-nabil-zarrouk-directeur-general-adjoint-de-loffice-des-cereales\/#primaryimage","url":"https:\/\/www.oc.com.tn\/wp-content\/uploads\/2025\/04\/nab.png","contentUrl":"https:\/\/www.oc.com.tn\/wp-content\/uploads\/2025\/04\/nab.png","width":1447,"height":818},{"@type":"BreadcrumbList","@id":"https:\/\/www.oc.com.tn\/fr\/intervention-de-m-nabil-zarrouk-directeur-general-adjoint-de-loffice-des-cereales\/#breadcrumb","itemListElement":[{"@type":"ListItem","position":1,"name":"Accueil","item":"https:\/\/www.oc.com.tn\/fr\/"},{"@type":"ListItem","position":2,"name":"Intervention de M. Nabil Zarrouk, Directeur G\u00e9n\u00e9ral Adjoint de l\u2019Office des C\u00e9r\u00e9ales"}]},{"@type":"WebSite","@id":"https:\/\/www.oc.com.tn\/fr\/#website","url":"https:\/\/www.oc.com.tn\/fr\/","name":"Office des C\u00e9r\u00e9ales - Tunisie","description":"Office des C\u00e9r\u00e9ales - Tunisie","publisher":{"@id":"https:\/\/www.oc.com.tn\/fr\/#organization"},"alternateName":"Office des C\u00e9r\u00e9ales - Tunisie","potentialAction":[{"@type":"SearchAction","target":{"@type":"EntryPoint","urlTemplate":"https:\/\/www.oc.com.tn\/fr\/?s={search_term_string}"},"query-input":{"@type":"PropertyValueSpecification","valueRequired":true,"valueName":"search_term_string"}}],"inLanguage":"fr-FR"},{"@type":"Organization","@id":"https:\/\/www.oc.com.tn\/fr\/#organization","name":"Office des C\u00e9r\u00e9ales - Tunisie","url":"https:\/\/www.oc.com.tn\/fr\/","logo":{"@type":"ImageObject","inLanguage":"fr-FR","@id":"https:\/\/www.oc.com.tn\/fr\/#\/schema\/logo\/image\/","url":"https:\/\/www.oc.com.tn\/wp-content\/uploads\/2020\/07\/Logo.png","contentUrl":"https:\/\/www.oc.com.tn\/wp-content\/uploads\/2020\/07\/Logo.png","width":47,"height":74,"caption":"Office des C\u00e9r\u00e9ales - Tunisie"},"image":{"@id":"https:\/\/www.oc.com.tn\/fr\/#\/schema\/logo\/image\/"},"sameAs":["https:\/\/www.facebook.com\/profile.php?id=100069933501880"]},{"@type":"Person","@id":"https:\/\/www.oc.com.tn\/fr\/#\/schema\/person\/bf94285c5ffd6ac109db665f9e4cc047","name":"sami belezzi","image":{"@type":"ImageObject","inLanguage":"fr-FR","@id":"https:\/\/www.oc.com.tn\/fr\/#\/schema\/person\/image\/","url":"https:\/\/secure.gravatar.com\/avatar\/e3dd0a40533272e7df68dcc7598e85c566c44756658420c976d9f111328b3bb2?s=96&d=mm&r=g","contentUrl":"https:\/\/secure.gravatar.com\/avatar\/e3dd0a40533272e7df68dcc7598e85c566c44756658420c976d9f111328b3bb2?s=96&d=mm&r=g","caption":"sami belezzi"},"url":"https:\/\/www.oc.com.tn\/fr\/author\/adminoc\/"}]}},"_links":{"self":[{"href":"https:\/\/www.oc.com.tn\/fr\/wp-json\/wp\/v2\/posts\/17531","targetHints":{"allow":["GET"]}}],"collection":[{"href":"https:\/\/www.oc.com.tn\/fr\/wp-json\/wp\/v2\/posts"}],"about":[{"href":"https:\/\/www.oc.com.tn\/fr\/wp-json\/wp\/v2\/types\/post"}],"author":[{"embeddable":true,"href":"https:\/\/www.oc.com.tn\/fr\/wp-json\/wp\/v2\/users\/9"}],"replies":[{"embeddable":true,"href":"https:\/\/www.oc.com.tn\/fr\/wp-json\/wp\/v2\/comments?post=17531"}],"version-history":[{"count":2,"href":"https:\/\/www.oc.com.tn\/fr\/wp-json\/wp\/v2\/posts\/17531\/revisions"}],"predecessor-version":[{"id":17578,"href":"https:\/\/www.oc.com.tn\/fr\/wp-json\/wp\/v2\/posts\/17531\/revisions\/17578"}],"wp:featuredmedia":[{"embeddable":true,"href":"https:\/\/www.oc.com.tn\/fr\/wp-json\/wp\/v2\/media\/17535"}],"wp:attachment":[{"href":"https:\/\/www.oc.com.tn\/fr\/wp-json\/wp\/v2\/media?parent=17531"}],"wp:term":[{"taxonomy":"category","embeddable":true,"href":"https:\/\/www.oc.com.tn\/fr\/wp-json\/wp\/v2\/categories?post=17531"},{"taxonomy":"post_tag","embeddable":true,"href":"https:\/\/www.oc.com.tn\/fr\/wp-json\/wp\/v2\/tags?post=17531"}],"curies":[{"name":"wp","href":"https:\/\/api.w.org\/{rel}","templated":true}]}}