

{"id":17529,"date":"2025-04-23T15:41:12","date_gmt":"2025-04-23T13:41:12","guid":{"rendered":"https:\/\/www.oc.com.tn\/?p=17529"},"modified":"2025-04-24T10:52:56","modified_gmt":"2025-04-24T08:52:56","slug":"seance-sur-les-preparatifs-de-la-saison-de-recolte-et-de-collecte-des-cereales","status":"publish","type":"post","link":"https:\/\/www.oc.com.tn\/fr\/seance-sur-les-preparatifs-de-la-saison-de-recolte-et-de-collecte-des-cereales\/","title":{"rendered":"S\u00e9ance de travail sur les pr\u00e9paratifs de la collecte des c\u00e9r\u00e9ales dans le gouvernorat de sousse"},"content":{"rendered":"\n<hr class=\"wp-block-separator has-alpha-channel-opacity\"\/>\n\n\n\n<p>Sur invitation de M. Sofiane Tanfouri, Gouverneur de Sousse, la Pr\u00e9sidente Directrice G\u00e9n\u00e9rale de l&#8217;Office des c\u00e9r\u00e9ales a effectu\u00e9 le 22\/04\/2025 une visite de travail dans le gouvernorat de Sousse.<\/p>\n\n\n\n<p>La r\u00e9union a port\u00e9 essentiellement sur les pr\u00e9paratifs de la saison de la r\u00e9colte.<\/p>\n\n\n\n<p>Une pr\u00e9sentation a \u00e9t\u00e9 faite par la D\u00e9l\u00e9gation R\u00e9gionale au D\u00e9veloppement Agricole sur l&#8217;\u00e9tat d&#8217;avancement de la grande campagne agricole dans le gouvernorat, suivie d&#8217;une pr\u00e9sentation par l&#8217;Office des C\u00e9r\u00e9ales couvrant divers aspects des pr\u00e9paratifs juridiques, logistiques, techniques et financiers.<\/p>\n\n\n\n<p>Ensuite, la PDG de l\u2019Office des C\u00e9r\u00e9ales, accompagn\u00e9e du Gouverneur de Sousse, du D\u00e9l\u00e9gu\u00e9 R\u00e9gional au D\u00e9veloppement Agricole \u00e0 Sousse et d\u2019un groupe de responsables de l\u2019Office et de la D\u00e9l\u00e9gation R\u00e9gionale au D\u00e9veloppement Agricole \u00e0 Sousse, ont visit\u00e9 le silo de Bounab \u00e0 Mseken, dont lequel une capacit\u00e9 suppl\u00e9mentaire de 300.000 quintaux sera rajout\u00e9e pour recevoir l\u2019orge des zones de production. <\/p>\n\n\n\n<hr class=\"wp-block-separator has-alpha-channel-opacity\"\/>\n\n\n\n<figure class=\"wp-block-gallery has-nested-images columns-default is-cropped wp-block-gallery-1 is-layout-flex wp-block-gallery-is-layout-flex\">\n<figure class=\"wp-block-image size-large\"><img fetchpriority=\"high\" decoding=\"async\" width=\"1024\" height=\"683\" data-id=\"17429\" src=\"https:\/\/www.oc.com.tn\/wp-content\/uploads\/2025\/04\/1s-1024x683.jpg\" alt=\"\" class=\"wp-image-17429\" srcset=\"https:\/\/www.oc.com.tn\/wp-content\/uploads\/2025\/04\/1s-1024x683.jpg 1024w, https:\/\/www.oc.com.tn\/wp-content\/uploads\/2025\/04\/1s-300x200.jpg 300w, https:\/\/www.oc.com.tn\/wp-content\/uploads\/2025\/04\/1s-768x512.jpg 768w, https:\/\/www.oc.com.tn\/wp-content\/uploads\/2025\/04\/1s-1536x1024.jpg 1536w, https:\/\/www.oc.com.tn\/wp-content\/uploads\/2025\/04\/1s-730x487.jpg 730w, https:\/\/www.oc.com.tn\/wp-content\/uploads\/2025\/04\/1s-1070x713.jpg 1070w, https:\/\/www.oc.com.tn\/wp-content\/uploads\/2025\/04\/1s.jpg 2048w\" sizes=\"(max-width: 1024px) 100vw, 1024px\" \/><\/figure>\n\n\n\n<figure class=\"wp-block-image size-large\"><img decoding=\"async\" width=\"1024\" height=\"602\" data-id=\"17432\" data-src=\"https:\/\/www.oc.com.tn\/wp-content\/uploads\/2025\/04\/2s-1024x602.jpg\" alt=\"\" class=\"wp-image-17432 lazyload\" data-srcset=\"https:\/\/www.oc.com.tn\/wp-content\/uploads\/2025\/04\/2s-1024x602.jpg 1024w, https:\/\/www.oc.com.tn\/wp-content\/uploads\/2025\/04\/2s-300x176.jpg 300w, https:\/\/www.oc.com.tn\/wp-content\/uploads\/2025\/04\/2s-768x452.jpg 768w, https:\/\/www.oc.com.tn\/wp-content\/uploads\/2025\/04\/2s-1536x903.jpg 1536w, https:\/\/www.oc.com.tn\/wp-content\/uploads\/2025\/04\/2s-730x429.jpg 730w, https:\/\/www.oc.com.tn\/wp-content\/uploads\/2025\/04\/2s-1070x629.jpg 1070w, https:\/\/www.oc.com.tn\/wp-content\/uploads\/2025\/04\/2s.jpg 2048w\" data-sizes=\"(max-width: 1024px) 100vw, 1024px\" src=\"data:image\/svg+xml;base64,PHN2ZyB3aWR0aD0iMSIgaGVpZ2h0PSIxIiB4bWxucz0iaHR0cDovL3d3dy53My5vcmcvMjAwMC9zdmciPjwvc3ZnPg==\" style=\"--smush-placeholder-width: 1024px; --smush-placeholder-aspect-ratio: 1024\/602;\" \/><\/figure>\n\n\n\n<figure class=\"wp-block-image size-large\"><img decoding=\"async\" width=\"1024\" height=\"683\" data-id=\"17435\" data-src=\"https:\/\/www.oc.com.tn\/wp-content\/uploads\/2025\/04\/3s-1024x683.jpg\" alt=\"\" class=\"wp-image-17435 lazyload\" data-srcset=\"https:\/\/www.oc.com.tn\/wp-content\/uploads\/2025\/04\/3s-1024x683.jpg 1024w, https:\/\/www.oc.com.tn\/wp-content\/uploads\/2025\/04\/3s-300x200.jpg 300w, https:\/\/www.oc.com.tn\/wp-content\/uploads\/2025\/04\/3s-768x512.jpg 768w, https:\/\/www.oc.com.tn\/wp-content\/uploads\/2025\/04\/3s-1536x1024.jpg 1536w, https:\/\/www.oc.com.tn\/wp-content\/uploads\/2025\/04\/3s-730x487.jpg 730w, https:\/\/www.oc.com.tn\/wp-content\/uploads\/2025\/04\/3s-1070x713.jpg 1070w, https:\/\/www.oc.com.tn\/wp-content\/uploads\/2025\/04\/3s.jpg 2048w\" data-sizes=\"(max-width: 1024px) 100vw, 1024px\" src=\"data:image\/svg+xml;base64,PHN2ZyB3aWR0aD0iMSIgaGVpZ2h0PSIxIiB4bWxucz0iaHR0cDovL3d3dy53My5vcmcvMjAwMC9zdmciPjwvc3ZnPg==\" style=\"--smush-placeholder-width: 1024px; --smush-placeholder-aspect-ratio: 1024\/683;\" \/><\/figure>\n\n\n\n<figure class=\"wp-block-image size-large\"><img decoding=\"async\" width=\"1024\" height=\"519\" data-id=\"17438\" data-src=\"https:\/\/www.oc.com.tn\/wp-content\/uploads\/2025\/04\/4s-1024x519.jpg\" alt=\"\" class=\"wp-image-17438 lazyload\" data-srcset=\"https:\/\/www.oc.com.tn\/wp-content\/uploads\/2025\/04\/4s-1024x519.jpg 1024w, https:\/\/www.oc.com.tn\/wp-content\/uploads\/2025\/04\/4s-300x152.jpg 300w, https:\/\/www.oc.com.tn\/wp-content\/uploads\/2025\/04\/4s-768x389.jpg 768w, https:\/\/www.oc.com.tn\/wp-content\/uploads\/2025\/04\/4s-1536x779.jpg 1536w, https:\/\/www.oc.com.tn\/wp-content\/uploads\/2025\/04\/4s-730x370.jpg 730w, https:\/\/www.oc.com.tn\/wp-content\/uploads\/2025\/04\/4s-1070x542.jpg 1070w, https:\/\/www.oc.com.tn\/wp-content\/uploads\/2025\/04\/4s.jpg 2048w\" data-sizes=\"(max-width: 1024px) 100vw, 1024px\" src=\"data:image\/svg+xml;base64,PHN2ZyB3aWR0aD0iMSIgaGVpZ2h0PSIxIiB4bWxucz0iaHR0cDovL3d3dy53My5vcmcvMjAwMC9zdmciPjwvc3ZnPg==\" style=\"--smush-placeholder-width: 1024px; --smush-placeholder-aspect-ratio: 1024\/519;\" \/><\/figure>\n\n\n\n<figure class=\"wp-block-image size-large\"><img decoding=\"async\" width=\"1024\" height=\"670\" data-id=\"17441\" data-src=\"https:\/\/www.oc.com.tn\/wp-content\/uploads\/2025\/04\/5s-1024x670.jpg\" alt=\"\" class=\"wp-image-17441 lazyload\" data-srcset=\"https:\/\/www.oc.com.tn\/wp-content\/uploads\/2025\/04\/5s-1024x670.jpg 1024w, https:\/\/www.oc.com.tn\/wp-content\/uploads\/2025\/04\/5s-300x196.jpg 300w, https:\/\/www.oc.com.tn\/wp-content\/uploads\/2025\/04\/5s-768x503.jpg 768w, https:\/\/www.oc.com.tn\/wp-content\/uploads\/2025\/04\/5s-1536x1005.jpg 1536w, https:\/\/www.oc.com.tn\/wp-content\/uploads\/2025\/04\/5s-730x478.jpg 730w, https:\/\/www.oc.com.tn\/wp-content\/uploads\/2025\/04\/5s-1070x700.jpg 1070w, https:\/\/www.oc.com.tn\/wp-content\/uploads\/2025\/04\/5s.jpg 2048w\" data-sizes=\"(max-width: 1024px) 100vw, 1024px\" src=\"data:image\/svg+xml;base64,PHN2ZyB3aWR0aD0iMSIgaGVpZ2h0PSIxIiB4bWxucz0iaHR0cDovL3d3dy53My5vcmcvMjAwMC9zdmciPjwvc3ZnPg==\" style=\"--smush-placeholder-width: 1024px; --smush-placeholder-aspect-ratio: 1024\/670;\" \/><\/figure>\n\n\n\n<figure class=\"wp-block-image size-large\"><img decoding=\"async\" width=\"1024\" height=\"541\" data-id=\"17444\" data-src=\"https:\/\/www.oc.com.tn\/wp-content\/uploads\/2025\/04\/6s-1024x541.jpg\" alt=\"\" class=\"wp-image-17444 lazyload\" data-srcset=\"https:\/\/www.oc.com.tn\/wp-content\/uploads\/2025\/04\/6s-1024x541.jpg 1024w, https:\/\/www.oc.com.tn\/wp-content\/uploads\/2025\/04\/6s-300x158.jpg 300w, https:\/\/www.oc.com.tn\/wp-content\/uploads\/2025\/04\/6s-768x406.jpg 768w, https:\/\/www.oc.com.tn\/wp-content\/uploads\/2025\/04\/6s-1536x812.jpg 1536w, https:\/\/www.oc.com.tn\/wp-content\/uploads\/2025\/04\/6s-730x386.jpg 730w, https:\/\/www.oc.com.tn\/wp-content\/uploads\/2025\/04\/6s-1070x565.jpg 1070w, https:\/\/www.oc.com.tn\/wp-content\/uploads\/2025\/04\/6s-350x185.jpg 350w, https:\/\/www.oc.com.tn\/wp-content\/uploads\/2025\/04\/6s-514x272.jpg 514w, https:\/\/www.oc.com.tn\/wp-content\/uploads\/2025\/04\/6s.jpg 2048w\" data-sizes=\"(max-width: 1024px) 100vw, 1024px\" src=\"data:image\/svg+xml;base64,PHN2ZyB3aWR0aD0iMSIgaGVpZ2h0PSIxIiB4bWxucz0iaHR0cDovL3d3dy53My5vcmcvMjAwMC9zdmciPjwvc3ZnPg==\" style=\"--smush-placeholder-width: 1024px; --smush-placeholder-aspect-ratio: 1024\/541;\" \/><\/figure>\n\n\n\n<figure class=\"wp-block-image size-large\"><img decoding=\"async\" width=\"1024\" height=\"551\" data-id=\"17447\" data-src=\"https:\/\/www.oc.com.tn\/wp-content\/uploads\/2025\/04\/7s-1024x551.jpg\" alt=\"\" class=\"wp-image-17447 lazyload\" data-srcset=\"https:\/\/www.oc.com.tn\/wp-content\/uploads\/2025\/04\/7s-1024x551.jpg 1024w, https:\/\/www.oc.com.tn\/wp-content\/uploads\/2025\/04\/7s-300x161.jpg 300w, https:\/\/www.oc.com.tn\/wp-content\/uploads\/2025\/04\/7s-768x413.jpg 768w, https:\/\/www.oc.com.tn\/wp-content\/uploads\/2025\/04\/7s-730x393.jpg 730w, https:\/\/www.oc.com.tn\/wp-content\/uploads\/2025\/04\/7s-1070x576.jpg 1070w, https:\/\/www.oc.com.tn\/wp-content\/uploads\/2025\/04\/7s.jpg 1280w\" data-sizes=\"(max-width: 1024px) 100vw, 1024px\" src=\"data:image\/svg+xml;base64,PHN2ZyB3aWR0aD0iMSIgaGVpZ2h0PSIxIiB4bWxucz0iaHR0cDovL3d3dy53My5vcmcvMjAwMC9zdmciPjwvc3ZnPg==\" style=\"--smush-placeholder-width: 1024px; --smush-placeholder-aspect-ratio: 1024\/551;\" \/><\/figure>\n\n\n\n<figure class=\"wp-block-image size-large\"><img decoding=\"async\" width=\"1024\" height=\"435\" data-id=\"17450\" data-src=\"https:\/\/www.oc.com.tn\/wp-content\/uploads\/2025\/04\/8s-1024x435.jpg\" alt=\"\" class=\"wp-image-17450 lazyload\" data-srcset=\"https:\/\/www.oc.com.tn\/wp-content\/uploads\/2025\/04\/8s-1024x435.jpg 1024w, https:\/\/www.oc.com.tn\/wp-content\/uploads\/2025\/04\/8s-300x127.jpg 300w, https:\/\/www.oc.com.tn\/wp-content\/uploads\/2025\/04\/8s-768x326.jpg 768w, https:\/\/www.oc.com.tn\/wp-content\/uploads\/2025\/04\/8s-1536x652.jpg 1536w, https:\/\/www.oc.com.tn\/wp-content\/uploads\/2025\/04\/8s-2048x869.jpg 2048w, https:\/\/www.oc.com.tn\/wp-content\/uploads\/2025\/04\/8s-730x310.jpg 730w, https:\/\/www.oc.com.tn\/wp-content\/uploads\/2025\/04\/8s-1070x454.jpg 1070w\" data-sizes=\"(max-width: 1024px) 100vw, 1024px\" src=\"data:image\/svg+xml;base64,PHN2ZyB3aWR0aD0iMSIgaGVpZ2h0PSIxIiB4bWxucz0iaHR0cDovL3d3dy53My5vcmcvMjAwMC9zdmciPjwvc3ZnPg==\" style=\"--smush-placeholder-width: 1024px; --smush-placeholder-aspect-ratio: 1024\/435;\" \/><\/figure>\n\n\n\n<figure class=\"wp-block-image size-large\"><img decoding=\"async\" width=\"1024\" height=\"587\" data-id=\"17453\" data-src=\"https:\/\/www.oc.com.tn\/wp-content\/uploads\/2025\/04\/9s-1024x587.jpg\" alt=\"\" class=\"wp-image-17453 lazyload\" data-srcset=\"https:\/\/www.oc.com.tn\/wp-content\/uploads\/2025\/04\/9s-1024x587.jpg 1024w, https:\/\/www.oc.com.tn\/wp-content\/uploads\/2025\/04\/9s-300x172.jpg 300w, https:\/\/www.oc.com.tn\/wp-content\/uploads\/2025\/04\/9s-768x440.jpg 768w, https:\/\/www.oc.com.tn\/wp-content\/uploads\/2025\/04\/9s-1536x881.jpg 1536w, https:\/\/www.oc.com.tn\/wp-content\/uploads\/2025\/04\/9s-730x418.jpg 730w, https:\/\/www.oc.com.tn\/wp-content\/uploads\/2025\/04\/9s-1070x613.jpg 1070w, https:\/\/www.oc.com.tn\/wp-content\/uploads\/2025\/04\/9s.jpg 2048w\" data-sizes=\"(max-width: 1024px) 100vw, 1024px\" src=\"data:image\/svg+xml;base64,PHN2ZyB3aWR0aD0iMSIgaGVpZ2h0PSIxIiB4bWxucz0iaHR0cDovL3d3dy53My5vcmcvMjAwMC9zdmciPjwvc3ZnPg==\" style=\"--smush-placeholder-width: 1024px; --smush-placeholder-aspect-ratio: 1024\/587;\" \/><\/figure>\n\n\n\n<figure class=\"wp-block-image size-large\"><img decoding=\"async\" width=\"1024\" height=\"683\" data-id=\"17456\" data-src=\"https:\/\/www.oc.com.tn\/wp-content\/uploads\/2025\/04\/10s-1024x683.jpg\" alt=\"\" class=\"wp-image-17456 lazyload\" data-srcset=\"https:\/\/www.oc.com.tn\/wp-content\/uploads\/2025\/04\/10s-1024x683.jpg 1024w, https:\/\/www.oc.com.tn\/wp-content\/uploads\/2025\/04\/10s-300x200.jpg 300w, https:\/\/www.oc.com.tn\/wp-content\/uploads\/2025\/04\/10s-768x512.jpg 768w, https:\/\/www.oc.com.tn\/wp-content\/uploads\/2025\/04\/10s-1536x1024.jpg 1536w, https:\/\/www.oc.com.tn\/wp-content\/uploads\/2025\/04\/10s-730x487.jpg 730w, https:\/\/www.oc.com.tn\/wp-content\/uploads\/2025\/04\/10s-1070x713.jpg 1070w, https:\/\/www.oc.com.tn\/wp-content\/uploads\/2025\/04\/10s.jpg 2048w\" data-sizes=\"(max-width: 1024px) 100vw, 1024px\" src=\"data:image\/svg+xml;base64,PHN2ZyB3aWR0aD0iMSIgaGVpZ2h0PSIxIiB4bWxucz0iaHR0cDovL3d3dy53My5vcmcvMjAwMC9zdmciPjwvc3ZnPg==\" style=\"--smush-placeholder-width: 1024px; --smush-placeholder-aspect-ratio: 1024\/683;\" \/><\/figure>\n<\/figure>\n","protected":false},"excerpt":{"rendered":"<p>Sur invitation de M. Sofiane Tanfouri, Gouverneur de Sousse, la Pr\u00e9sidente Directrice G\u00e9n\u00e9rale de l&#8217;Office des c\u00e9r\u00e9ales a effectu\u00e9 le 22\/04\/2025 une visite de travail dans le gouvernorat de Sousse. La r\u00e9union a port\u00e9 essentiellement sur les pr\u00e9paratifs de la saison de la r\u00e9colte. Une pr\u00e9sentation a \u00e9t\u00e9 faite par la D\u00e9l\u00e9gation R\u00e9gionale au D\u00e9veloppement [&hellip;]<\/p>\n","protected":false},"author":9,"featured_media":17468,"comment_status":"closed","ping_status":"open","sticky":false,"template":"","format":"standard","meta":{"_monsterinsights_skip_tracking":false,"_monsterinsights_sitenote_active":false,"_monsterinsights_sitenote_note":"","_monsterinsights_sitenote_category":0,"footnotes":""},"categories":[98],"tags":[],"class_list":["post-17529","post","type-post","status-publish","format-standard","has-post-thumbnail","hentry","category-actualites"],"yoast_head":"<!-- This site is optimized with the Yoast SEO plugin v25.5 - https:\/\/yoast.com\/wordpress\/plugins\/seo\/ -->\n<title>S\u00e9ance de travail sur les pr\u00e9paratifs de la collecte des c\u00e9r\u00e9ales dans le gouvernorat de sousse - Office des C\u00e9r\u00e9ales - Tunisie<\/title>\n<meta name=\"description\" content=\"Office des C\u00e9r\u00e9ales\" \/>\n<meta name=\"robots\" content=\"index, follow, max-snippet:-1, max-image-preview:large, max-video-preview:-1\" \/>\n<link rel=\"canonical\" href=\"https:\/\/www.oc.com.tn\/fr\/seance-sur-les-preparatifs-de-la-saison-de-recolte-et-de-collecte-des-cereales\/\" \/>\n<meta property=\"og:locale\" content=\"fr_FR\" \/>\n<meta property=\"og:type\" content=\"article\" \/>\n<meta property=\"og:title\" content=\"S\u00e9ance de travail sur les pr\u00e9paratifs de la collecte des c\u00e9r\u00e9ales dans le gouvernorat de sousse - Office des C\u00e9r\u00e9ales - Tunisie\" \/>\n<meta property=\"og:description\" content=\"Office des C\u00e9r\u00e9ales\" \/>\n<meta property=\"og:url\" content=\"https:\/\/www.oc.com.tn\/fr\/seance-sur-les-preparatifs-de-la-saison-de-recolte-et-de-collecte-des-cereales\/\" \/>\n<meta property=\"og:site_name\" content=\"Office des C\u00e9r\u00e9ales - Tunisie\" \/>\n<meta property=\"article:publisher\" content=\"https:\/\/www.facebook.com\/profile.php?id=100069933501880\" \/>\n<meta property=\"article:published_time\" content=\"2025-04-23T13:41:12+00:00\" \/>\n<meta property=\"article:modified_time\" content=\"2025-04-24T08:52:56+00:00\" \/>\n<meta property=\"og:image\" content=\"https:\/\/www.oc.com.tn\/wp-content\/uploads\/2025\/04\/2s-1.jpg\" \/>\n\t<meta property=\"og:image:width\" content=\"2048\" \/>\n\t<meta property=\"og:image:height\" content=\"1204\" \/>\n\t<meta property=\"og:image:type\" content=\"image\/jpeg\" \/>\n<meta name=\"author\" content=\"sami belezzi\" \/>\n<meta name=\"twitter:card\" content=\"summary_large_image\" \/>\n<meta name=\"twitter:label1\" content=\"\u00c9crit par\" \/>\n\t<meta name=\"twitter:data1\" content=\"sami belezzi\" \/>\n\t<meta name=\"twitter:label2\" content=\"Dur\u00e9e de lecture estim\u00e9e\" \/>\n\t<meta name=\"twitter:data2\" content=\"1 minute\" \/>\n<script type=\"application\/ld+json\" class=\"yoast-schema-graph\">{\"@context\":\"https:\/\/schema.org\",\"@graph\":[{\"@type\":\"Article\",\"@id\":\"https:\/\/www.oc.com.tn\/fr\/seance-sur-les-preparatifs-de-la-saison-de-recolte-et-de-collecte-des-cereales\/#article\",\"isPartOf\":{\"@id\":\"https:\/\/www.oc.com.tn\/fr\/seance-sur-les-preparatifs-de-la-saison-de-recolte-et-de-collecte-des-cereales\/\"},\"author\":{\"name\":\"sami belezzi\",\"@id\":\"https:\/\/www.oc.com.tn\/fr\/#\/schema\/person\/bf94285c5ffd6ac109db665f9e4cc047\"},\"headline\":\"S\u00e9ance de travail sur les pr\u00e9paratifs de la collecte des c\u00e9r\u00e9ales dans le gouvernorat de sousse\",\"datePublished\":\"2025-04-23T13:41:12+00:00\",\"dateModified\":\"2025-04-24T08:52:56+00:00\",\"mainEntityOfPage\":{\"@id\":\"https:\/\/www.oc.com.tn\/fr\/seance-sur-les-preparatifs-de-la-saison-de-recolte-et-de-collecte-des-cereales\/\"},\"wordCount\":196,\"publisher\":{\"@id\":\"https:\/\/www.oc.com.tn\/fr\/#organization\"},\"image\":{\"@id\":\"https:\/\/www.oc.com.tn\/fr\/seance-sur-les-preparatifs-de-la-saison-de-recolte-et-de-collecte-des-cereales\/#primaryimage\"},\"thumbnailUrl\":\"https:\/\/www.oc.com.tn\/wp-content\/uploads\/2025\/04\/2s-1.jpg\",\"articleSection\":[\"Actualit\u00e9s\"],\"inLanguage\":\"fr-FR\"},{\"@type\":\"WebPage\",\"@id\":\"https:\/\/www.oc.com.tn\/fr\/seance-sur-les-preparatifs-de-la-saison-de-recolte-et-de-collecte-des-cereales\/\",\"url\":\"https:\/\/www.oc.com.tn\/fr\/seance-sur-les-preparatifs-de-la-saison-de-recolte-et-de-collecte-des-cereales\/\",\"name\":\"S\u00e9ance de travail sur les pr\u00e9paratifs de la collecte des c\u00e9r\u00e9ales dans le gouvernorat de sousse - Office des C\u00e9r\u00e9ales - Tunisie\",\"isPartOf\":{\"@id\":\"https:\/\/www.oc.com.tn\/fr\/#website\"},\"primaryImageOfPage\":{\"@id\":\"https:\/\/www.oc.com.tn\/fr\/seance-sur-les-preparatifs-de-la-saison-de-recolte-et-de-collecte-des-cereales\/#primaryimage\"},\"image\":{\"@id\":\"https:\/\/www.oc.com.tn\/fr\/seance-sur-les-preparatifs-de-la-saison-de-recolte-et-de-collecte-des-cereales\/#primaryimage\"},\"thumbnailUrl\":\"https:\/\/www.oc.com.tn\/wp-content\/uploads\/2025\/04\/2s-1.jpg\",\"datePublished\":\"2025-04-23T13:41:12+00:00\",\"dateModified\":\"2025-04-24T08:52:56+00:00\",\"description\":\"Office des C\u00e9r\u00e9ales\",\"breadcrumb\":{\"@id\":\"https:\/\/www.oc.com.tn\/fr\/seance-sur-les-preparatifs-de-la-saison-de-recolte-et-de-collecte-des-cereales\/#breadcrumb\"},\"inLanguage\":\"fr-FR\",\"potentialAction\":[{\"@type\":\"ReadAction\",\"target\":[\"https:\/\/www.oc.com.tn\/fr\/seance-sur-les-preparatifs-de-la-saison-de-recolte-et-de-collecte-des-cereales\/\"]}]},{\"@type\":\"ImageObject\",\"inLanguage\":\"fr-FR\",\"@id\":\"https:\/\/www.oc.com.tn\/fr\/seance-sur-les-preparatifs-de-la-saison-de-recolte-et-de-collecte-des-cereales\/#primaryimage\",\"url\":\"https:\/\/www.oc.com.tn\/wp-content\/uploads\/2025\/04\/2s-1.jpg\",\"contentUrl\":\"https:\/\/www.oc.com.tn\/wp-content\/uploads\/2025\/04\/2s-1.jpg\",\"width\":2048,\"height\":1204},{\"@type\":\"BreadcrumbList\",\"@id\":\"https:\/\/www.oc.com.tn\/fr\/seance-sur-les-preparatifs-de-la-saison-de-recolte-et-de-collecte-des-cereales\/#breadcrumb\",\"itemListElement\":[{\"@type\":\"ListItem\",\"position\":1,\"name\":\"Accueil\",\"item\":\"https:\/\/www.oc.com.tn\/fr\/\"},{\"@type\":\"ListItem\",\"position\":2,\"name\":\"S\u00e9ance de travail sur les pr\u00e9paratifs de la collecte des c\u00e9r\u00e9ales dans le gouvernorat de sousse\"}]},{\"@type\":\"WebSite\",\"@id\":\"https:\/\/www.oc.com.tn\/fr\/#website\",\"url\":\"https:\/\/www.oc.com.tn\/fr\/\",\"name\":\"Office des C\u00e9r\u00e9ales - Tunisie\",\"description\":\"Office des C\u00e9r\u00e9ales - Tunisie\",\"publisher\":{\"@id\":\"https:\/\/www.oc.com.tn\/fr\/#organization\"},\"alternateName\":\"Office des C\u00e9r\u00e9ales - Tunisie\",\"potentialAction\":[{\"@type\":\"SearchAction\",\"target\":{\"@type\":\"EntryPoint\",\"urlTemplate\":\"https:\/\/www.oc.com.tn\/fr\/?s={search_term_string}\"},\"query-input\":{\"@type\":\"PropertyValueSpecification\",\"valueRequired\":true,\"valueName\":\"search_term_string\"}}],\"inLanguage\":\"fr-FR\"},{\"@type\":\"Organization\",\"@id\":\"https:\/\/www.oc.com.tn\/fr\/#organization\",\"name\":\"Office des C\u00e9r\u00e9ales - Tunisie\",\"url\":\"https:\/\/www.oc.com.tn\/fr\/\",\"logo\":{\"@type\":\"ImageObject\",\"inLanguage\":\"fr-FR\",\"@id\":\"https:\/\/www.oc.com.tn\/fr\/#\/schema\/logo\/image\/\",\"url\":\"https:\/\/www.oc.com.tn\/wp-content\/uploads\/2020\/07\/Logo.png\",\"contentUrl\":\"https:\/\/www.oc.com.tn\/wp-content\/uploads\/2020\/07\/Logo.png\",\"width\":47,\"height\":74,\"caption\":\"Office des C\u00e9r\u00e9ales - Tunisie\"},\"image\":{\"@id\":\"https:\/\/www.oc.com.tn\/fr\/#\/schema\/logo\/image\/\"},\"sameAs\":[\"https:\/\/www.facebook.com\/profile.php?id=100069933501880\"]},{\"@type\":\"Person\",\"@id\":\"https:\/\/www.oc.com.tn\/fr\/#\/schema\/person\/bf94285c5ffd6ac109db665f9e4cc047\",\"name\":\"sami belezzi\",\"image\":{\"@type\":\"ImageObject\",\"inLanguage\":\"fr-FR\",\"@id\":\"https:\/\/www.oc.com.tn\/fr\/#\/schema\/person\/image\/\",\"url\":\"https:\/\/secure.gravatar.com\/avatar\/e3dd0a40533272e7df68dcc7598e85c566c44756658420c976d9f111328b3bb2?s=96&d=mm&r=g\",\"contentUrl\":\"https:\/\/secure.gravatar.com\/avatar\/e3dd0a40533272e7df68dcc7598e85c566c44756658420c976d9f111328b3bb2?s=96&d=mm&r=g\",\"caption\":\"sami belezzi\"},\"url\":\"https:\/\/www.oc.com.tn\/fr\/author\/adminoc\/\"}]}<\/script>\n<!-- \/ Yoast SEO plugin. -->","yoast_head_json":{"title":"S\u00e9ance de travail sur les pr\u00e9paratifs de la collecte des c\u00e9r\u00e9ales dans le gouvernorat de sousse - Office des C\u00e9r\u00e9ales - Tunisie","description":"Office des C\u00e9r\u00e9ales","robots":{"index":"index","follow":"follow","max-snippet":"max-snippet:-1","max-image-preview":"max-image-preview:large","max-video-preview":"max-video-preview:-1"},"canonical":"https:\/\/www.oc.com.tn\/fr\/seance-sur-les-preparatifs-de-la-saison-de-recolte-et-de-collecte-des-cereales\/","og_locale":"fr_FR","og_type":"article","og_title":"S\u00e9ance de travail sur les pr\u00e9paratifs de la collecte des c\u00e9r\u00e9ales dans le gouvernorat de sousse - Office des C\u00e9r\u00e9ales - Tunisie","og_description":"Office des C\u00e9r\u00e9ales","og_url":"https:\/\/www.oc.com.tn\/fr\/seance-sur-les-preparatifs-de-la-saison-de-recolte-et-de-collecte-des-cereales\/","og_site_name":"Office des C\u00e9r\u00e9ales - Tunisie","article_publisher":"https:\/\/www.facebook.com\/profile.php?id=100069933501880","article_published_time":"2025-04-23T13:41:12+00:00","article_modified_time":"2025-04-24T08:52:56+00:00","og_image":[{"width":2048,"height":1204,"url":"https:\/\/www.oc.com.tn\/wp-content\/uploads\/2025\/04\/2s-1.jpg","type":"image\/jpeg"}],"author":"sami belezzi","twitter_card":"summary_large_image","twitter_misc":{"\u00c9crit par":"sami belezzi","Dur\u00e9e de lecture estim\u00e9e":"1 minute"},"schema":{"@context":"https:\/\/schema.org","@graph":[{"@type":"Article","@id":"https:\/\/www.oc.com.tn\/fr\/seance-sur-les-preparatifs-de-la-saison-de-recolte-et-de-collecte-des-cereales\/#article","isPartOf":{"@id":"https:\/\/www.oc.com.tn\/fr\/seance-sur-les-preparatifs-de-la-saison-de-recolte-et-de-collecte-des-cereales\/"},"author":{"name":"sami belezzi","@id":"https:\/\/www.oc.com.tn\/fr\/#\/schema\/person\/bf94285c5ffd6ac109db665f9e4cc047"},"headline":"S\u00e9ance de travail sur les pr\u00e9paratifs de la collecte des c\u00e9r\u00e9ales dans le gouvernorat de sousse","datePublished":"2025-04-23T13:41:12+00:00","dateModified":"2025-04-24T08:52:56+00:00","mainEntityOfPage":{"@id":"https:\/\/www.oc.com.tn\/fr\/seance-sur-les-preparatifs-de-la-saison-de-recolte-et-de-collecte-des-cereales\/"},"wordCount":196,"publisher":{"@id":"https:\/\/www.oc.com.tn\/fr\/#organization"},"image":{"@id":"https:\/\/www.oc.com.tn\/fr\/seance-sur-les-preparatifs-de-la-saison-de-recolte-et-de-collecte-des-cereales\/#primaryimage"},"thumbnailUrl":"https:\/\/www.oc.com.tn\/wp-content\/uploads\/2025\/04\/2s-1.jpg","articleSection":["Actualit\u00e9s"],"inLanguage":"fr-FR"},{"@type":"WebPage","@id":"https:\/\/www.oc.com.tn\/fr\/seance-sur-les-preparatifs-de-la-saison-de-recolte-et-de-collecte-des-cereales\/","url":"https:\/\/www.oc.com.tn\/fr\/seance-sur-les-preparatifs-de-la-saison-de-recolte-et-de-collecte-des-cereales\/","name":"S\u00e9ance de travail sur les pr\u00e9paratifs de la collecte des c\u00e9r\u00e9ales dans le gouvernorat de sousse - Office des C\u00e9r\u00e9ales - Tunisie","isPartOf":{"@id":"https:\/\/www.oc.com.tn\/fr\/#website"},"primaryImageOfPage":{"@id":"https:\/\/www.oc.com.tn\/fr\/seance-sur-les-preparatifs-de-la-saison-de-recolte-et-de-collecte-des-cereales\/#primaryimage"},"image":{"@id":"https:\/\/www.oc.com.tn\/fr\/seance-sur-les-preparatifs-de-la-saison-de-recolte-et-de-collecte-des-cereales\/#primaryimage"},"thumbnailUrl":"https:\/\/www.oc.com.tn\/wp-content\/uploads\/2025\/04\/2s-1.jpg","datePublished":"2025-04-23T13:41:12+00:00","dateModified":"2025-04-24T08:52:56+00:00","description":"Office des C\u00e9r\u00e9ales","breadcrumb":{"@id":"https:\/\/www.oc.com.tn\/fr\/seance-sur-les-preparatifs-de-la-saison-de-recolte-et-de-collecte-des-cereales\/#breadcrumb"},"inLanguage":"fr-FR","potentialAction":[{"@type":"ReadAction","target":["https:\/\/www.oc.com.tn\/fr\/seance-sur-les-preparatifs-de-la-saison-de-recolte-et-de-collecte-des-cereales\/"]}]},{"@type":"ImageObject","inLanguage":"fr-FR","@id":"https:\/\/www.oc.com.tn\/fr\/seance-sur-les-preparatifs-de-la-saison-de-recolte-et-de-collecte-des-cereales\/#primaryimage","url":"https:\/\/www.oc.com.tn\/wp-content\/uploads\/2025\/04\/2s-1.jpg","contentUrl":"https:\/\/www.oc.com.tn\/wp-content\/uploads\/2025\/04\/2s-1.jpg","width":2048,"height":1204},{"@type":"BreadcrumbList","@id":"https:\/\/www.oc.com.tn\/fr\/seance-sur-les-preparatifs-de-la-saison-de-recolte-et-de-collecte-des-cereales\/#breadcrumb","itemListElement":[{"@type":"ListItem","position":1,"name":"Accueil","item":"https:\/\/www.oc.com.tn\/fr\/"},{"@type":"ListItem","position":2,"name":"S\u00e9ance de travail sur les pr\u00e9paratifs de la collecte des c\u00e9r\u00e9ales dans le gouvernorat de sousse"}]},{"@type":"WebSite","@id":"https:\/\/www.oc.com.tn\/fr\/#website","url":"https:\/\/www.oc.com.tn\/fr\/","name":"Office des C\u00e9r\u00e9ales - Tunisie","description":"Office des C\u00e9r\u00e9ales - Tunisie","publisher":{"@id":"https:\/\/www.oc.com.tn\/fr\/#organization"},"alternateName":"Office des C\u00e9r\u00e9ales - Tunisie","potentialAction":[{"@type":"SearchAction","target":{"@type":"EntryPoint","urlTemplate":"https:\/\/www.oc.com.tn\/fr\/?s={search_term_string}"},"query-input":{"@type":"PropertyValueSpecification","valueRequired":true,"valueName":"search_term_string"}}],"inLanguage":"fr-FR"},{"@type":"Organization","@id":"https:\/\/www.oc.com.tn\/fr\/#organization","name":"Office des C\u00e9r\u00e9ales - Tunisie","url":"https:\/\/www.oc.com.tn\/fr\/","logo":{"@type":"ImageObject","inLanguage":"fr-FR","@id":"https:\/\/www.oc.com.tn\/fr\/#\/schema\/logo\/image\/","url":"https:\/\/www.oc.com.tn\/wp-content\/uploads\/2020\/07\/Logo.png","contentUrl":"https:\/\/www.oc.com.tn\/wp-content\/uploads\/2020\/07\/Logo.png","width":47,"height":74,"caption":"Office des C\u00e9r\u00e9ales - Tunisie"},"image":{"@id":"https:\/\/www.oc.com.tn\/fr\/#\/schema\/logo\/image\/"},"sameAs":["https:\/\/www.facebook.com\/profile.php?id=100069933501880"]},{"@type":"Person","@id":"https:\/\/www.oc.com.tn\/fr\/#\/schema\/person\/bf94285c5ffd6ac109db665f9e4cc047","name":"sami belezzi","image":{"@type":"ImageObject","inLanguage":"fr-FR","@id":"https:\/\/www.oc.com.tn\/fr\/#\/schema\/person\/image\/","url":"https:\/\/secure.gravatar.com\/avatar\/e3dd0a40533272e7df68dcc7598e85c566c44756658420c976d9f111328b3bb2?s=96&d=mm&r=g","contentUrl":"https:\/\/secure.gravatar.com\/avatar\/e3dd0a40533272e7df68dcc7598e85c566c44756658420c976d9f111328b3bb2?s=96&d=mm&r=g","caption":"sami belezzi"},"url":"https:\/\/www.oc.com.tn\/fr\/author\/adminoc\/"}]}},"_links":{"self":[{"href":"https:\/\/www.oc.com.tn\/fr\/wp-json\/wp\/v2\/posts\/17529","targetHints":{"allow":["GET"]}}],"collection":[{"href":"https:\/\/www.oc.com.tn\/fr\/wp-json\/wp\/v2\/posts"}],"about":[{"href":"https:\/\/www.oc.com.tn\/fr\/wp-json\/wp\/v2\/types\/post"}],"author":[{"embeddable":true,"href":"https:\/\/www.oc.com.tn\/fr\/wp-json\/wp\/v2\/users\/9"}],"replies":[{"embeddable":true,"href":"https:\/\/www.oc.com.tn\/fr\/wp-json\/wp\/v2\/comments?post=17529"}],"version-history":[{"count":2,"href":"https:\/\/www.oc.com.tn\/fr\/wp-json\/wp\/v2\/posts\/17529\/revisions"}],"predecessor-version":[{"id":17548,"href":"https:\/\/www.oc.com.tn\/fr\/wp-json\/wp\/v2\/posts\/17529\/revisions\/17548"}],"wp:featuredmedia":[{"embeddable":true,"href":"https:\/\/www.oc.com.tn\/fr\/wp-json\/wp\/v2\/media\/17468"}],"wp:attachment":[{"href":"https:\/\/www.oc.com.tn\/fr\/wp-json\/wp\/v2\/media?parent=17529"}],"wp:term":[{"taxonomy":"category","embeddable":true,"href":"https:\/\/www.oc.com.tn\/fr\/wp-json\/wp\/v2\/categories?post=17529"},{"taxonomy":"post_tag","embeddable":true,"href":"https:\/\/www.oc.com.tn\/fr\/wp-json\/wp\/v2\/tags?post=17529"}],"curies":[{"name":"wp","href":"https:\/\/api.w.org\/{rel}","templated":true}]}}