

{"id":17292,"date":"2025-04-10T12:31:00","date_gmt":"2025-04-10T10:31:00","guid":{"rendered":"https:\/\/www.oc.com.tn\/?p=17292"},"modified":"2025-04-16T12:59:21","modified_gmt":"2025-04-16T10:59:21","slug":"visite-des-responsables-de-la-banque-europeenne","status":"publish","type":"post","link":"https:\/\/www.oc.com.tn\/fr\/visite-des-responsables-de-la-banque-europeenne\/","title":{"rendered":"visite des responsables de la banque Europ\u00e9enne"},"content":{"rendered":"\n<p>Dans le cadre de la poursuite la de visite des responsables de la Banque Europ\u00e9enne pour la Reconstruction et le d\u00e9veloppement (BERD) en Tunisie , une r\u00e9union s\u2019est <a><\/a>tenue le 10 avril 2025 au si\u00e8ge de l\u2019Office des C\u00e9r\u00e9ales en pr\u00e9sence des repr\u00e9sentants de l\u2019\u00e9quipe Portefeuille de la Banque pour faire le point sur le projet et \u00e9changer sur l\u2019\u00e9tat d\u2019avancement des initiatives \u00e0 la feuille de route de l\u2019Office des C\u00e9r\u00e9ales et du secteur c\u00e9r\u00e9alier .<\/p>\n\n\n\n<p>Les discussions \u00e0 ce sujet ont port\u00e9 d\u2019une part sur les travaux entrepris par la FAO et ses recommandations quant \u00e0 la r\u00e9forme du secteur c\u00e9r\u00e9alier et sur la d\u00e9marche \u00e0 suivre pour approfondir ces discussions et soumettre au groupe de travail responsable de la mise en \u0153uvre de la feuille de route des propositions visant \u00e0 \u00e9laborer un plan d\u2019action pour une r\u00e9forme \u00e0 long terme de ce secteur .<\/p>\n\n\n\n<p>D\u2019autre part , la r\u00e9union a port\u00e9 sur l\u2019\u00e9tat d\u2019avancement du plan d\u2019action mis en place par le cabinet de consulting DELOITTE visant \u00e0 soutenir la modernisation et la mise \u00e0 niveau de l\u2019Office des C\u00e9r\u00e9ales dans ses pratiques et ses normes relatives \u00e0 l\u2019approvisionnement , la gestion des risques et la gestion financi\u00e8re ainsi que la Gouvernance et la transformation digitale .<\/p>\n\n\n\n<figure class=\"wp-block-gallery has-nested-images columns-default is-cropped wp-block-gallery-1 is-layout-flex wp-block-gallery-is-layout-flex\">\n<figure class=\"wp-block-image size-large\"><img fetchpriority=\"high\" decoding=\"async\" width=\"1024\" height=\"444\" data-id=\"17296\" src=\"https:\/\/www.oc.com.tn\/wp-content\/uploads\/2025\/04\/berd2-1024x444.jpg\" alt=\"\" class=\"wp-image-17296\" srcset=\"https:\/\/www.oc.com.tn\/wp-content\/uploads\/2025\/04\/berd2-1024x444.jpg 1024w, https:\/\/www.oc.com.tn\/wp-content\/uploads\/2025\/04\/berd2-300x130.jpg 300w, https:\/\/www.oc.com.tn\/wp-content\/uploads\/2025\/04\/berd2-768x333.jpg 768w, https:\/\/www.oc.com.tn\/wp-content\/uploads\/2025\/04\/berd2-1536x665.jpg 1536w, https:\/\/www.oc.com.tn\/wp-content\/uploads\/2025\/04\/berd2-730x316.jpg 730w, https:\/\/www.oc.com.tn\/wp-content\/uploads\/2025\/04\/berd2-1070x463.jpg 1070w, https:\/\/www.oc.com.tn\/wp-content\/uploads\/2025\/04\/berd2.jpg 2048w\" sizes=\"(max-width: 1024px) 100vw, 1024px\" \/><\/figure>\n\n\n\n<figure class=\"wp-block-image size-large\"><img decoding=\"async\" width=\"1024\" height=\"536\" data-id=\"17293\" data-src=\"https:\/\/www.oc.com.tn\/wp-content\/uploads\/2025\/04\/berd1-1024x536.jpg\" alt=\"\" class=\"wp-image-17293 lazyload\" data-srcset=\"https:\/\/www.oc.com.tn\/wp-content\/uploads\/2025\/04\/berd1-1024x536.jpg 1024w, https:\/\/www.oc.com.tn\/wp-content\/uploads\/2025\/04\/berd1-300x157.jpg 300w, https:\/\/www.oc.com.tn\/wp-content\/uploads\/2025\/04\/berd1-768x402.jpg 768w, https:\/\/www.oc.com.tn\/wp-content\/uploads\/2025\/04\/berd1-1536x804.jpg 1536w, https:\/\/www.oc.com.tn\/wp-content\/uploads\/2025\/04\/berd1-730x382.jpg 730w, https:\/\/www.oc.com.tn\/wp-content\/uploads\/2025\/04\/berd1-1070x560.jpg 1070w, https:\/\/www.oc.com.tn\/wp-content\/uploads\/2025\/04\/berd1.jpg 2048w\" data-sizes=\"(max-width: 1024px) 100vw, 1024px\" src=\"data:image\/svg+xml;base64,PHN2ZyB3aWR0aD0iMSIgaGVpZ2h0PSIxIiB4bWxucz0iaHR0cDovL3d3dy53My5vcmcvMjAwMC9zdmciPjwvc3ZnPg==\" style=\"--smush-placeholder-width: 1024px; --smush-placeholder-aspect-ratio: 1024\/536;\" \/><\/figure>\n<\/figure>\n","protected":false},"excerpt":{"rendered":"<p>Dans le cadre de la poursuite la de visite des responsables de la Banque Europ\u00e9enne pour la Reconstruction et le d\u00e9veloppement (BERD) en Tunisie , une r\u00e9union s\u2019est tenue le 10 avril 2025 au si\u00e8ge de l\u2019Office des C\u00e9r\u00e9ales en pr\u00e9sence des repr\u00e9sentants de l\u2019\u00e9quipe Portefeuille de la Banque pour faire le point sur le [&hellip;]<\/p>\n","protected":false},"author":9,"featured_media":17296,"comment_status":"closed","ping_status":"open","sticky":false,"template":"","format":"standard","meta":{"_monsterinsights_skip_tracking":false,"_monsterinsights_sitenote_active":false,"_monsterinsights_sitenote_note":"","_monsterinsights_sitenote_category":0,"footnotes":""},"categories":[98],"tags":[],"class_list":["post-17292","post","type-post","status-publish","format-standard","has-post-thumbnail","hentry","category-actualites"],"yoast_head":"<!-- This site is optimized with the Yoast SEO plugin v25.5 - https:\/\/yoast.com\/wordpress\/plugins\/seo\/ -->\n<title>visite des responsables de la banque Europ\u00e9enne - Office des C\u00e9r\u00e9ales - Tunisie<\/title>\n<meta name=\"description\" content=\"Office des C\u00e9r\u00e9ales\" \/>\n<meta name=\"robots\" content=\"index, follow, max-snippet:-1, max-image-preview:large, max-video-preview:-1\" \/>\n<link rel=\"canonical\" href=\"https:\/\/www.oc.com.tn\/fr\/visite-des-responsables-de-la-banque-europeenne\/\" \/>\n<meta property=\"og:locale\" content=\"fr_FR\" \/>\n<meta property=\"og:type\" content=\"article\" \/>\n<meta property=\"og:title\" content=\"visite des responsables de la banque Europ\u00e9enne - Office des C\u00e9r\u00e9ales - Tunisie\" \/>\n<meta property=\"og:description\" content=\"Office des C\u00e9r\u00e9ales\" \/>\n<meta property=\"og:url\" content=\"https:\/\/www.oc.com.tn\/fr\/visite-des-responsables-de-la-banque-europeenne\/\" \/>\n<meta property=\"og:site_name\" content=\"Office des C\u00e9r\u00e9ales - Tunisie\" \/>\n<meta property=\"article:publisher\" content=\"https:\/\/www.facebook.com\/profile.php?id=100069933501880\" \/>\n<meta property=\"article:published_time\" content=\"2025-04-10T10:31:00+00:00\" \/>\n<meta property=\"article:modified_time\" content=\"2025-04-16T10:59:21+00:00\" \/>\n<meta property=\"og:image\" content=\"https:\/\/www.oc.com.tn\/wp-content\/uploads\/2025\/04\/berd2.jpg\" \/>\n\t<meta property=\"og:image:width\" content=\"2048\" \/>\n\t<meta property=\"og:image:height\" content=\"887\" \/>\n\t<meta property=\"og:image:type\" content=\"image\/jpeg\" \/>\n<meta name=\"author\" content=\"sami belezzi\" \/>\n<meta name=\"twitter:card\" content=\"summary_large_image\" \/>\n<meta name=\"twitter:label1\" content=\"\u00c9crit par\" \/>\n\t<meta name=\"twitter:data1\" content=\"sami belezzi\" \/>\n\t<meta name=\"twitter:label2\" content=\"Dur\u00e9e de lecture estim\u00e9e\" \/>\n\t<meta name=\"twitter:data2\" content=\"1 minute\" \/>\n<script type=\"application\/ld+json\" class=\"yoast-schema-graph\">{\"@context\":\"https:\/\/schema.org\",\"@graph\":[{\"@type\":\"Article\",\"@id\":\"https:\/\/www.oc.com.tn\/fr\/visite-des-responsables-de-la-banque-europeenne\/#article\",\"isPartOf\":{\"@id\":\"https:\/\/www.oc.com.tn\/fr\/visite-des-responsables-de-la-banque-europeenne\/\"},\"author\":{\"name\":\"sami belezzi\",\"@id\":\"https:\/\/www.oc.com.tn\/fr\/#\/schema\/person\/bf94285c5ffd6ac109db665f9e4cc047\"},\"headline\":\"visite des responsables de la banque Europ\u00e9enne\",\"datePublished\":\"2025-04-10T10:31:00+00:00\",\"dateModified\":\"2025-04-16T10:59:21+00:00\",\"mainEntityOfPage\":{\"@id\":\"https:\/\/www.oc.com.tn\/fr\/visite-des-responsables-de-la-banque-europeenne\/\"},\"wordCount\":237,\"publisher\":{\"@id\":\"https:\/\/www.oc.com.tn\/fr\/#organization\"},\"image\":{\"@id\":\"https:\/\/www.oc.com.tn\/fr\/visite-des-responsables-de-la-banque-europeenne\/#primaryimage\"},\"thumbnailUrl\":\"https:\/\/www.oc.com.tn\/wp-content\/uploads\/2025\/04\/berd2.jpg\",\"articleSection\":[\"Actualit\u00e9s\"],\"inLanguage\":\"fr-FR\"},{\"@type\":\"WebPage\",\"@id\":\"https:\/\/www.oc.com.tn\/fr\/visite-des-responsables-de-la-banque-europeenne\/\",\"url\":\"https:\/\/www.oc.com.tn\/fr\/visite-des-responsables-de-la-banque-europeenne\/\",\"name\":\"visite des responsables de la banque Europ\u00e9enne - Office des C\u00e9r\u00e9ales - Tunisie\",\"isPartOf\":{\"@id\":\"https:\/\/www.oc.com.tn\/fr\/#website\"},\"primaryImageOfPage\":{\"@id\":\"https:\/\/www.oc.com.tn\/fr\/visite-des-responsables-de-la-banque-europeenne\/#primaryimage\"},\"image\":{\"@id\":\"https:\/\/www.oc.com.tn\/fr\/visite-des-responsables-de-la-banque-europeenne\/#primaryimage\"},\"thumbnailUrl\":\"https:\/\/www.oc.com.tn\/wp-content\/uploads\/2025\/04\/berd2.jpg\",\"datePublished\":\"2025-04-10T10:31:00+00:00\",\"dateModified\":\"2025-04-16T10:59:21+00:00\",\"description\":\"Office des C\u00e9r\u00e9ales\",\"breadcrumb\":{\"@id\":\"https:\/\/www.oc.com.tn\/fr\/visite-des-responsables-de-la-banque-europeenne\/#breadcrumb\"},\"inLanguage\":\"fr-FR\",\"potentialAction\":[{\"@type\":\"ReadAction\",\"target\":[\"https:\/\/www.oc.com.tn\/fr\/visite-des-responsables-de-la-banque-europeenne\/\"]}]},{\"@type\":\"ImageObject\",\"inLanguage\":\"fr-FR\",\"@id\":\"https:\/\/www.oc.com.tn\/fr\/visite-des-responsables-de-la-banque-europeenne\/#primaryimage\",\"url\":\"https:\/\/www.oc.com.tn\/wp-content\/uploads\/2025\/04\/berd2.jpg\",\"contentUrl\":\"https:\/\/www.oc.com.tn\/wp-content\/uploads\/2025\/04\/berd2.jpg\",\"width\":2048,\"height\":887},{\"@type\":\"BreadcrumbList\",\"@id\":\"https:\/\/www.oc.com.tn\/fr\/visite-des-responsables-de-la-banque-europeenne\/#breadcrumb\",\"itemListElement\":[{\"@type\":\"ListItem\",\"position\":1,\"name\":\"Accueil\",\"item\":\"https:\/\/www.oc.com.tn\/fr\/\"},{\"@type\":\"ListItem\",\"position\":2,\"name\":\"visite des responsables de la banque Europ\u00e9enne\"}]},{\"@type\":\"WebSite\",\"@id\":\"https:\/\/www.oc.com.tn\/fr\/#website\",\"url\":\"https:\/\/www.oc.com.tn\/fr\/\",\"name\":\"Office des C\u00e9r\u00e9ales - Tunisie\",\"description\":\"Office des C\u00e9r\u00e9ales - Tunisie\",\"publisher\":{\"@id\":\"https:\/\/www.oc.com.tn\/fr\/#organization\"},\"alternateName\":\"Office des C\u00e9r\u00e9ales - Tunisie\",\"potentialAction\":[{\"@type\":\"SearchAction\",\"target\":{\"@type\":\"EntryPoint\",\"urlTemplate\":\"https:\/\/www.oc.com.tn\/fr\/?s={search_term_string}\"},\"query-input\":{\"@type\":\"PropertyValueSpecification\",\"valueRequired\":true,\"valueName\":\"search_term_string\"}}],\"inLanguage\":\"fr-FR\"},{\"@type\":\"Organization\",\"@id\":\"https:\/\/www.oc.com.tn\/fr\/#organization\",\"name\":\"Office des C\u00e9r\u00e9ales - Tunisie\",\"url\":\"https:\/\/www.oc.com.tn\/fr\/\",\"logo\":{\"@type\":\"ImageObject\",\"inLanguage\":\"fr-FR\",\"@id\":\"https:\/\/www.oc.com.tn\/fr\/#\/schema\/logo\/image\/\",\"url\":\"https:\/\/www.oc.com.tn\/wp-content\/uploads\/2020\/07\/Logo.png\",\"contentUrl\":\"https:\/\/www.oc.com.tn\/wp-content\/uploads\/2020\/07\/Logo.png\",\"width\":47,\"height\":74,\"caption\":\"Office des C\u00e9r\u00e9ales - Tunisie\"},\"image\":{\"@id\":\"https:\/\/www.oc.com.tn\/fr\/#\/schema\/logo\/image\/\"},\"sameAs\":[\"https:\/\/www.facebook.com\/profile.php?id=100069933501880\"]},{\"@type\":\"Person\",\"@id\":\"https:\/\/www.oc.com.tn\/fr\/#\/schema\/person\/bf94285c5ffd6ac109db665f9e4cc047\",\"name\":\"sami belezzi\",\"image\":{\"@type\":\"ImageObject\",\"inLanguage\":\"fr-FR\",\"@id\":\"https:\/\/www.oc.com.tn\/fr\/#\/schema\/person\/image\/\",\"url\":\"https:\/\/secure.gravatar.com\/avatar\/e3dd0a40533272e7df68dcc7598e85c566c44756658420c976d9f111328b3bb2?s=96&d=mm&r=g\",\"contentUrl\":\"https:\/\/secure.gravatar.com\/avatar\/e3dd0a40533272e7df68dcc7598e85c566c44756658420c976d9f111328b3bb2?s=96&d=mm&r=g\",\"caption\":\"sami belezzi\"},\"url\":\"https:\/\/www.oc.com.tn\/fr\/author\/adminoc\/\"}]}<\/script>\n<!-- \/ Yoast SEO plugin. -->","yoast_head_json":{"title":"visite des responsables de la banque Europ\u00e9enne - Office des C\u00e9r\u00e9ales - Tunisie","description":"Office des C\u00e9r\u00e9ales","robots":{"index":"index","follow":"follow","max-snippet":"max-snippet:-1","max-image-preview":"max-image-preview:large","max-video-preview":"max-video-preview:-1"},"canonical":"https:\/\/www.oc.com.tn\/fr\/visite-des-responsables-de-la-banque-europeenne\/","og_locale":"fr_FR","og_type":"article","og_title":"visite des responsables de la banque Europ\u00e9enne - Office des C\u00e9r\u00e9ales - Tunisie","og_description":"Office des C\u00e9r\u00e9ales","og_url":"https:\/\/www.oc.com.tn\/fr\/visite-des-responsables-de-la-banque-europeenne\/","og_site_name":"Office des C\u00e9r\u00e9ales - Tunisie","article_publisher":"https:\/\/www.facebook.com\/profile.php?id=100069933501880","article_published_time":"2025-04-10T10:31:00+00:00","article_modified_time":"2025-04-16T10:59:21+00:00","og_image":[{"width":2048,"height":887,"url":"https:\/\/www.oc.com.tn\/wp-content\/uploads\/2025\/04\/berd2.jpg","type":"image\/jpeg"}],"author":"sami belezzi","twitter_card":"summary_large_image","twitter_misc":{"\u00c9crit par":"sami belezzi","Dur\u00e9e de lecture estim\u00e9e":"1 minute"},"schema":{"@context":"https:\/\/schema.org","@graph":[{"@type":"Article","@id":"https:\/\/www.oc.com.tn\/fr\/visite-des-responsables-de-la-banque-europeenne\/#article","isPartOf":{"@id":"https:\/\/www.oc.com.tn\/fr\/visite-des-responsables-de-la-banque-europeenne\/"},"author":{"name":"sami belezzi","@id":"https:\/\/www.oc.com.tn\/fr\/#\/schema\/person\/bf94285c5ffd6ac109db665f9e4cc047"},"headline":"visite des responsables de la banque Europ\u00e9enne","datePublished":"2025-04-10T10:31:00+00:00","dateModified":"2025-04-16T10:59:21+00:00","mainEntityOfPage":{"@id":"https:\/\/www.oc.com.tn\/fr\/visite-des-responsables-de-la-banque-europeenne\/"},"wordCount":237,"publisher":{"@id":"https:\/\/www.oc.com.tn\/fr\/#organization"},"image":{"@id":"https:\/\/www.oc.com.tn\/fr\/visite-des-responsables-de-la-banque-europeenne\/#primaryimage"},"thumbnailUrl":"https:\/\/www.oc.com.tn\/wp-content\/uploads\/2025\/04\/berd2.jpg","articleSection":["Actualit\u00e9s"],"inLanguage":"fr-FR"},{"@type":"WebPage","@id":"https:\/\/www.oc.com.tn\/fr\/visite-des-responsables-de-la-banque-europeenne\/","url":"https:\/\/www.oc.com.tn\/fr\/visite-des-responsables-de-la-banque-europeenne\/","name":"visite des responsables de la banque Europ\u00e9enne - Office des C\u00e9r\u00e9ales - Tunisie","isPartOf":{"@id":"https:\/\/www.oc.com.tn\/fr\/#website"},"primaryImageOfPage":{"@id":"https:\/\/www.oc.com.tn\/fr\/visite-des-responsables-de-la-banque-europeenne\/#primaryimage"},"image":{"@id":"https:\/\/www.oc.com.tn\/fr\/visite-des-responsables-de-la-banque-europeenne\/#primaryimage"},"thumbnailUrl":"https:\/\/www.oc.com.tn\/wp-content\/uploads\/2025\/04\/berd2.jpg","datePublished":"2025-04-10T10:31:00+00:00","dateModified":"2025-04-16T10:59:21+00:00","description":"Office des C\u00e9r\u00e9ales","breadcrumb":{"@id":"https:\/\/www.oc.com.tn\/fr\/visite-des-responsables-de-la-banque-europeenne\/#breadcrumb"},"inLanguage":"fr-FR","potentialAction":[{"@type":"ReadAction","target":["https:\/\/www.oc.com.tn\/fr\/visite-des-responsables-de-la-banque-europeenne\/"]}]},{"@type":"ImageObject","inLanguage":"fr-FR","@id":"https:\/\/www.oc.com.tn\/fr\/visite-des-responsables-de-la-banque-europeenne\/#primaryimage","url":"https:\/\/www.oc.com.tn\/wp-content\/uploads\/2025\/04\/berd2.jpg","contentUrl":"https:\/\/www.oc.com.tn\/wp-content\/uploads\/2025\/04\/berd2.jpg","width":2048,"height":887},{"@type":"BreadcrumbList","@id":"https:\/\/www.oc.com.tn\/fr\/visite-des-responsables-de-la-banque-europeenne\/#breadcrumb","itemListElement":[{"@type":"ListItem","position":1,"name":"Accueil","item":"https:\/\/www.oc.com.tn\/fr\/"},{"@type":"ListItem","position":2,"name":"visite des responsables de la banque Europ\u00e9enne"}]},{"@type":"WebSite","@id":"https:\/\/www.oc.com.tn\/fr\/#website","url":"https:\/\/www.oc.com.tn\/fr\/","name":"Office des C\u00e9r\u00e9ales - Tunisie","description":"Office des C\u00e9r\u00e9ales - Tunisie","publisher":{"@id":"https:\/\/www.oc.com.tn\/fr\/#organization"},"alternateName":"Office des C\u00e9r\u00e9ales - Tunisie","potentialAction":[{"@type":"SearchAction","target":{"@type":"EntryPoint","urlTemplate":"https:\/\/www.oc.com.tn\/fr\/?s={search_term_string}"},"query-input":{"@type":"PropertyValueSpecification","valueRequired":true,"valueName":"search_term_string"}}],"inLanguage":"fr-FR"},{"@type":"Organization","@id":"https:\/\/www.oc.com.tn\/fr\/#organization","name":"Office des C\u00e9r\u00e9ales - Tunisie","url":"https:\/\/www.oc.com.tn\/fr\/","logo":{"@type":"ImageObject","inLanguage":"fr-FR","@id":"https:\/\/www.oc.com.tn\/fr\/#\/schema\/logo\/image\/","url":"https:\/\/www.oc.com.tn\/wp-content\/uploads\/2020\/07\/Logo.png","contentUrl":"https:\/\/www.oc.com.tn\/wp-content\/uploads\/2020\/07\/Logo.png","width":47,"height":74,"caption":"Office des C\u00e9r\u00e9ales - Tunisie"},"image":{"@id":"https:\/\/www.oc.com.tn\/fr\/#\/schema\/logo\/image\/"},"sameAs":["https:\/\/www.facebook.com\/profile.php?id=100069933501880"]},{"@type":"Person","@id":"https:\/\/www.oc.com.tn\/fr\/#\/schema\/person\/bf94285c5ffd6ac109db665f9e4cc047","name":"sami belezzi","image":{"@type":"ImageObject","inLanguage":"fr-FR","@id":"https:\/\/www.oc.com.tn\/fr\/#\/schema\/person\/image\/","url":"https:\/\/secure.gravatar.com\/avatar\/e3dd0a40533272e7df68dcc7598e85c566c44756658420c976d9f111328b3bb2?s=96&d=mm&r=g","contentUrl":"https:\/\/secure.gravatar.com\/avatar\/e3dd0a40533272e7df68dcc7598e85c566c44756658420c976d9f111328b3bb2?s=96&d=mm&r=g","caption":"sami belezzi"},"url":"https:\/\/www.oc.com.tn\/fr\/author\/adminoc\/"}]}},"_links":{"self":[{"href":"https:\/\/www.oc.com.tn\/fr\/wp-json\/wp\/v2\/posts\/17292","targetHints":{"allow":["GET"]}}],"collection":[{"href":"https:\/\/www.oc.com.tn\/fr\/wp-json\/wp\/v2\/posts"}],"about":[{"href":"https:\/\/www.oc.com.tn\/fr\/wp-json\/wp\/v2\/types\/post"}],"author":[{"embeddable":true,"href":"https:\/\/www.oc.com.tn\/fr\/wp-json\/wp\/v2\/users\/9"}],"replies":[{"embeddable":true,"href":"https:\/\/www.oc.com.tn\/fr\/wp-json\/wp\/v2\/comments?post=17292"}],"version-history":[{"count":1,"href":"https:\/\/www.oc.com.tn\/fr\/wp-json\/wp\/v2\/posts\/17292\/revisions"}],"predecessor-version":[{"id":17299,"href":"https:\/\/www.oc.com.tn\/fr\/wp-json\/wp\/v2\/posts\/17292\/revisions\/17299"}],"wp:featuredmedia":[{"embeddable":true,"href":"https:\/\/www.oc.com.tn\/fr\/wp-json\/wp\/v2\/media\/17296"}],"wp:attachment":[{"href":"https:\/\/www.oc.com.tn\/fr\/wp-json\/wp\/v2\/media?parent=17292"}],"wp:term":[{"taxonomy":"category","embeddable":true,"href":"https:\/\/www.oc.com.tn\/fr\/wp-json\/wp\/v2\/categories?post=17292"},{"taxonomy":"post_tag","embeddable":true,"href":"https:\/\/www.oc.com.tn\/fr\/wp-json\/wp\/v2\/tags?post=17292"}],"curies":[{"name":"wp","href":"https:\/\/api.w.org\/{rel}","templated":true}]}}