

{"id":17141,"date":"2025-03-18T10:34:02","date_gmt":"2025-03-18T09:34:02","guid":{"rendered":"https:\/\/www.oc.com.tn\/?p=17141"},"modified":"2025-03-18T10:44:02","modified_gmt":"2025-03-18T09:44:02","slug":"office-des-cereales-vers-la-creation-de-nouvelles-capacites-de-stockage-de-lordre-de-120-mille-tonnes","status":"publish","type":"post","link":"https:\/\/www.oc.com.tn\/fr\/office-des-cereales-vers-la-creation-de-nouvelles-capacites-de-stockage-de-lordre-de-120-mille-tonnes\/","title":{"rendered":"Office des c\u00e9r\u00e9ales : Vers la cr\u00e9ation de nouvelles capacit\u00e9s de stockage de l&#8217;ordre de 120 mille tonnes"},"content":{"rendered":"\n<p><\/p>\n\n\n\n<hr class=\"wp-block-separator has-alpha-channel-opacity\"\/>\n\n\n\n<p><\/p>\n\n\n\n<figure class=\"wp-block-embed is-type-video is-provider-youtube wp-block-embed-youtube wp-embed-aspect-16-9 wp-has-aspect-ratio\"><div class=\"wp-block-embed__wrapper\">\n<iframe title=\"\u062f\u064a\u0648\u0627\u0646 \u0627\u0644\u062d\u0628\u0648\u0628: \u0646\u062d\u0648 \u0625\u062d\u062f\u0627\u062b \u0637\u0627\u0642\u0627\u062a \u062e\u0632\u0646 \u062c\u062f\u064a\u062f\u0629 \u0641\u064a \u062d\u062f\u0648\u062f 120 \u0623\u0644\u0641 \u0637\u0646\" width=\"730\" height=\"411\" data-src=\"https:\/\/www.youtube.com\/embed\/nWKHm84I7Ms?feature=oembed\" frameborder=\"0\" allow=\"accelerometer; autoplay; clipboard-write; encrypted-media; gyroscope; picture-in-picture; web-share\" referrerpolicy=\"strict-origin-when-cross-origin\" allowfullscreen src=\"data:image\/svg+xml;base64,PHN2ZyB3aWR0aD0iMSIgaGVpZ2h0PSIxIiB4bWxucz0iaHR0cDovL3d3dy53My5vcmcvMjAwMC9zdmciPjwvc3ZnPg==\" class=\"lazyload\" data-load-mode=\"1\"><\/iframe>\n<\/div><\/figure>\n","protected":false},"excerpt":{"rendered":"","protected":false},"author":9,"featured_media":17148,"comment_status":"closed","ping_status":"open","sticky":false,"template":"","format":"standard","meta":{"_monsterinsights_skip_tracking":false,"_monsterinsights_sitenote_active":false,"_monsterinsights_sitenote_note":"","_monsterinsights_sitenote_category":0,"footnotes":""},"categories":[98],"tags":[],"class_list":["post-17141","post","type-post","status-publish","format-standard","has-post-thumbnail","hentry","category-actualites"],"yoast_head":"<!-- This site is optimized with the Yoast SEO plugin v25.5 - https:\/\/yoast.com\/wordpress\/plugins\/seo\/ -->\n<title>Office des c\u00e9r\u00e9ales : Vers la cr\u00e9ation de nouvelles capacit\u00e9s de stockage de l&#039;ordre de 120 mille tonnes - Office des C\u00e9r\u00e9ales - Tunisie<\/title>\n<meta name=\"description\" content=\"Office des C\u00e9r\u00e9ales\" \/>\n<meta name=\"robots\" content=\"index, follow, max-snippet:-1, max-image-preview:large, max-video-preview:-1\" \/>\n<link rel=\"canonical\" href=\"https:\/\/www.oc.com.tn\/fr\/office-des-cereales-vers-la-creation-de-nouvelles-capacites-de-stockage-de-lordre-de-120-mille-tonnes\/\" \/>\n<meta property=\"og:locale\" content=\"fr_FR\" \/>\n<meta property=\"og:type\" content=\"article\" \/>\n<meta property=\"og:title\" content=\"Office des c\u00e9r\u00e9ales : Vers la cr\u00e9ation de nouvelles capacit\u00e9s de stockage de l&#039;ordre de 120 mille tonnes - Office des C\u00e9r\u00e9ales - Tunisie\" \/>\n<meta property=\"og:description\" content=\"Office des C\u00e9r\u00e9ales\" \/>\n<meta property=\"og:url\" content=\"https:\/\/www.oc.com.tn\/fr\/office-des-cereales-vers-la-creation-de-nouvelles-capacites-de-stockage-de-lordre-de-120-mille-tonnes\/\" \/>\n<meta property=\"og:site_name\" content=\"Office des C\u00e9r\u00e9ales - Tunisie\" \/>\n<meta property=\"article:publisher\" content=\"https:\/\/www.facebook.com\/profile.php?id=100069933501880\" \/>\n<meta property=\"article:published_time\" content=\"2025-03-18T09:34:02+00:00\" \/>\n<meta property=\"article:modified_time\" content=\"2025-03-18T09:44:02+00:00\" \/>\n<meta property=\"og:image\" content=\"https:\/\/www.oc.com.tn\/wp-content\/uploads\/2025\/03\/180320256.jpg\" \/>\n\t<meta property=\"og:image:width\" content=\"1085\" \/>\n\t<meta property=\"og:image:height\" content=\"672\" \/>\n\t<meta property=\"og:image:type\" content=\"image\/jpeg\" \/>\n<meta name=\"author\" content=\"sami belezzi\" \/>\n<meta name=\"twitter:card\" content=\"summary_large_image\" \/>\n<meta name=\"twitter:label1\" content=\"\u00c9crit par\" \/>\n\t<meta name=\"twitter:data1\" content=\"sami belezzi\" \/>\n<script type=\"application\/ld+json\" class=\"yoast-schema-graph\">{\"@context\":\"https:\/\/schema.org\",\"@graph\":[{\"@type\":\"Article\",\"@id\":\"https:\/\/www.oc.com.tn\/fr\/office-des-cereales-vers-la-creation-de-nouvelles-capacites-de-stockage-de-lordre-de-120-mille-tonnes\/#article\",\"isPartOf\":{\"@id\":\"https:\/\/www.oc.com.tn\/fr\/office-des-cereales-vers-la-creation-de-nouvelles-capacites-de-stockage-de-lordre-de-120-mille-tonnes\/\"},\"author\":{\"name\":\"sami belezzi\",\"@id\":\"https:\/\/www.oc.com.tn\/fr\/#\/schema\/person\/bf94285c5ffd6ac109db665f9e4cc047\"},\"headline\":\"Office des c\u00e9r\u00e9ales : Vers la cr\u00e9ation de nouvelles capacit\u00e9s de stockage de l&#8217;ordre de 120 mille tonnes\",\"datePublished\":\"2025-03-18T09:34:02+00:00\",\"dateModified\":\"2025-03-18T09:44:02+00:00\",\"mainEntityOfPage\":{\"@id\":\"https:\/\/www.oc.com.tn\/fr\/office-des-cereales-vers-la-creation-de-nouvelles-capacites-de-stockage-de-lordre-de-120-mille-tonnes\/\"},\"wordCount\":29,\"publisher\":{\"@id\":\"https:\/\/www.oc.com.tn\/fr\/#organization\"},\"image\":{\"@id\":\"https:\/\/www.oc.com.tn\/fr\/office-des-cereales-vers-la-creation-de-nouvelles-capacites-de-stockage-de-lordre-de-120-mille-tonnes\/#primaryimage\"},\"thumbnailUrl\":\"https:\/\/www.oc.com.tn\/wp-content\/uploads\/2025\/03\/180320256.jpg\",\"articleSection\":[\"Actualit\u00e9s\"],\"inLanguage\":\"fr-FR\"},{\"@type\":\"WebPage\",\"@id\":\"https:\/\/www.oc.com.tn\/fr\/office-des-cereales-vers-la-creation-de-nouvelles-capacites-de-stockage-de-lordre-de-120-mille-tonnes\/\",\"url\":\"https:\/\/www.oc.com.tn\/fr\/office-des-cereales-vers-la-creation-de-nouvelles-capacites-de-stockage-de-lordre-de-120-mille-tonnes\/\",\"name\":\"Office des c\u00e9r\u00e9ales : Vers la cr\u00e9ation de nouvelles capacit\u00e9s de stockage de l'ordre de 120 mille tonnes - Office des C\u00e9r\u00e9ales - Tunisie\",\"isPartOf\":{\"@id\":\"https:\/\/www.oc.com.tn\/fr\/#website\"},\"primaryImageOfPage\":{\"@id\":\"https:\/\/www.oc.com.tn\/fr\/office-des-cereales-vers-la-creation-de-nouvelles-capacites-de-stockage-de-lordre-de-120-mille-tonnes\/#primaryimage\"},\"image\":{\"@id\":\"https:\/\/www.oc.com.tn\/fr\/office-des-cereales-vers-la-creation-de-nouvelles-capacites-de-stockage-de-lordre-de-120-mille-tonnes\/#primaryimage\"},\"thumbnailUrl\":\"https:\/\/www.oc.com.tn\/wp-content\/uploads\/2025\/03\/180320256.jpg\",\"datePublished\":\"2025-03-18T09:34:02+00:00\",\"dateModified\":\"2025-03-18T09:44:02+00:00\",\"description\":\"Office des C\u00e9r\u00e9ales\",\"breadcrumb\":{\"@id\":\"https:\/\/www.oc.com.tn\/fr\/office-des-cereales-vers-la-creation-de-nouvelles-capacites-de-stockage-de-lordre-de-120-mille-tonnes\/#breadcrumb\"},\"inLanguage\":\"fr-FR\",\"potentialAction\":[{\"@type\":\"ReadAction\",\"target\":[\"https:\/\/www.oc.com.tn\/fr\/office-des-cereales-vers-la-creation-de-nouvelles-capacites-de-stockage-de-lordre-de-120-mille-tonnes\/\"]}]},{\"@type\":\"ImageObject\",\"inLanguage\":\"fr-FR\",\"@id\":\"https:\/\/www.oc.com.tn\/fr\/office-des-cereales-vers-la-creation-de-nouvelles-capacites-de-stockage-de-lordre-de-120-mille-tonnes\/#primaryimage\",\"url\":\"https:\/\/www.oc.com.tn\/wp-content\/uploads\/2025\/03\/180320256.jpg\",\"contentUrl\":\"https:\/\/www.oc.com.tn\/wp-content\/uploads\/2025\/03\/180320256.jpg\",\"width\":1085,\"height\":672},{\"@type\":\"BreadcrumbList\",\"@id\":\"https:\/\/www.oc.com.tn\/fr\/office-des-cereales-vers-la-creation-de-nouvelles-capacites-de-stockage-de-lordre-de-120-mille-tonnes\/#breadcrumb\",\"itemListElement\":[{\"@type\":\"ListItem\",\"position\":1,\"name\":\"Accueil\",\"item\":\"https:\/\/www.oc.com.tn\/fr\/\"},{\"@type\":\"ListItem\",\"position\":2,\"name\":\"Office des c\u00e9r\u00e9ales : Vers la cr\u00e9ation de nouvelles capacit\u00e9s de stockage de l&#8217;ordre de 120 mille tonnes\"}]},{\"@type\":\"WebSite\",\"@id\":\"https:\/\/www.oc.com.tn\/fr\/#website\",\"url\":\"https:\/\/www.oc.com.tn\/fr\/\",\"name\":\"Office des C\u00e9r\u00e9ales - Tunisie\",\"description\":\"Office des C\u00e9r\u00e9ales - Tunisie\",\"publisher\":{\"@id\":\"https:\/\/www.oc.com.tn\/fr\/#organization\"},\"alternateName\":\"Office des C\u00e9r\u00e9ales - Tunisie\",\"potentialAction\":[{\"@type\":\"SearchAction\",\"target\":{\"@type\":\"EntryPoint\",\"urlTemplate\":\"https:\/\/www.oc.com.tn\/fr\/?s={search_term_string}\"},\"query-input\":{\"@type\":\"PropertyValueSpecification\",\"valueRequired\":true,\"valueName\":\"search_term_string\"}}],\"inLanguage\":\"fr-FR\"},{\"@type\":\"Organization\",\"@id\":\"https:\/\/www.oc.com.tn\/fr\/#organization\",\"name\":\"Office des C\u00e9r\u00e9ales - Tunisie\",\"url\":\"https:\/\/www.oc.com.tn\/fr\/\",\"logo\":{\"@type\":\"ImageObject\",\"inLanguage\":\"fr-FR\",\"@id\":\"https:\/\/www.oc.com.tn\/fr\/#\/schema\/logo\/image\/\",\"url\":\"https:\/\/www.oc.com.tn\/wp-content\/uploads\/2020\/07\/Logo.png\",\"contentUrl\":\"https:\/\/www.oc.com.tn\/wp-content\/uploads\/2020\/07\/Logo.png\",\"width\":47,\"height\":74,\"caption\":\"Office des C\u00e9r\u00e9ales - Tunisie\"},\"image\":{\"@id\":\"https:\/\/www.oc.com.tn\/fr\/#\/schema\/logo\/image\/\"},\"sameAs\":[\"https:\/\/www.facebook.com\/profile.php?id=100069933501880\"]},{\"@type\":\"Person\",\"@id\":\"https:\/\/www.oc.com.tn\/fr\/#\/schema\/person\/bf94285c5ffd6ac109db665f9e4cc047\",\"name\":\"sami belezzi\",\"image\":{\"@type\":\"ImageObject\",\"inLanguage\":\"fr-FR\",\"@id\":\"https:\/\/www.oc.com.tn\/fr\/#\/schema\/person\/image\/\",\"url\":\"https:\/\/secure.gravatar.com\/avatar\/e3dd0a40533272e7df68dcc7598e85c566c44756658420c976d9f111328b3bb2?s=96&d=mm&r=g\",\"contentUrl\":\"https:\/\/secure.gravatar.com\/avatar\/e3dd0a40533272e7df68dcc7598e85c566c44756658420c976d9f111328b3bb2?s=96&d=mm&r=g\",\"caption\":\"sami belezzi\"},\"url\":\"https:\/\/www.oc.com.tn\/fr\/author\/adminoc\/\"}]}<\/script>\n<!-- \/ Yoast SEO plugin. -->","yoast_head_json":{"title":"Office des c\u00e9r\u00e9ales : Vers la cr\u00e9ation de nouvelles capacit\u00e9s de stockage de l'ordre de 120 mille tonnes - Office des C\u00e9r\u00e9ales - Tunisie","description":"Office des C\u00e9r\u00e9ales","robots":{"index":"index","follow":"follow","max-snippet":"max-snippet:-1","max-image-preview":"max-image-preview:large","max-video-preview":"max-video-preview:-1"},"canonical":"https:\/\/www.oc.com.tn\/fr\/office-des-cereales-vers-la-creation-de-nouvelles-capacites-de-stockage-de-lordre-de-120-mille-tonnes\/","og_locale":"fr_FR","og_type":"article","og_title":"Office des c\u00e9r\u00e9ales : Vers la cr\u00e9ation de nouvelles capacit\u00e9s de stockage de l'ordre de 120 mille tonnes - Office des C\u00e9r\u00e9ales - Tunisie","og_description":"Office des C\u00e9r\u00e9ales","og_url":"https:\/\/www.oc.com.tn\/fr\/office-des-cereales-vers-la-creation-de-nouvelles-capacites-de-stockage-de-lordre-de-120-mille-tonnes\/","og_site_name":"Office des C\u00e9r\u00e9ales - Tunisie","article_publisher":"https:\/\/www.facebook.com\/profile.php?id=100069933501880","article_published_time":"2025-03-18T09:34:02+00:00","article_modified_time":"2025-03-18T09:44:02+00:00","og_image":[{"width":1085,"height":672,"url":"https:\/\/www.oc.com.tn\/wp-content\/uploads\/2025\/03\/180320256.jpg","type":"image\/jpeg"}],"author":"sami belezzi","twitter_card":"summary_large_image","twitter_misc":{"\u00c9crit par":"sami belezzi"},"schema":{"@context":"https:\/\/schema.org","@graph":[{"@type":"Article","@id":"https:\/\/www.oc.com.tn\/fr\/office-des-cereales-vers-la-creation-de-nouvelles-capacites-de-stockage-de-lordre-de-120-mille-tonnes\/#article","isPartOf":{"@id":"https:\/\/www.oc.com.tn\/fr\/office-des-cereales-vers-la-creation-de-nouvelles-capacites-de-stockage-de-lordre-de-120-mille-tonnes\/"},"author":{"name":"sami belezzi","@id":"https:\/\/www.oc.com.tn\/fr\/#\/schema\/person\/bf94285c5ffd6ac109db665f9e4cc047"},"headline":"Office des c\u00e9r\u00e9ales : Vers la cr\u00e9ation de nouvelles capacit\u00e9s de stockage de l&#8217;ordre de 120 mille tonnes","datePublished":"2025-03-18T09:34:02+00:00","dateModified":"2025-03-18T09:44:02+00:00","mainEntityOfPage":{"@id":"https:\/\/www.oc.com.tn\/fr\/office-des-cereales-vers-la-creation-de-nouvelles-capacites-de-stockage-de-lordre-de-120-mille-tonnes\/"},"wordCount":29,"publisher":{"@id":"https:\/\/www.oc.com.tn\/fr\/#organization"},"image":{"@id":"https:\/\/www.oc.com.tn\/fr\/office-des-cereales-vers-la-creation-de-nouvelles-capacites-de-stockage-de-lordre-de-120-mille-tonnes\/#primaryimage"},"thumbnailUrl":"https:\/\/www.oc.com.tn\/wp-content\/uploads\/2025\/03\/180320256.jpg","articleSection":["Actualit\u00e9s"],"inLanguage":"fr-FR"},{"@type":"WebPage","@id":"https:\/\/www.oc.com.tn\/fr\/office-des-cereales-vers-la-creation-de-nouvelles-capacites-de-stockage-de-lordre-de-120-mille-tonnes\/","url":"https:\/\/www.oc.com.tn\/fr\/office-des-cereales-vers-la-creation-de-nouvelles-capacites-de-stockage-de-lordre-de-120-mille-tonnes\/","name":"Office des c\u00e9r\u00e9ales : Vers la cr\u00e9ation de nouvelles capacit\u00e9s de stockage de l'ordre de 120 mille tonnes - Office des C\u00e9r\u00e9ales - Tunisie","isPartOf":{"@id":"https:\/\/www.oc.com.tn\/fr\/#website"},"primaryImageOfPage":{"@id":"https:\/\/www.oc.com.tn\/fr\/office-des-cereales-vers-la-creation-de-nouvelles-capacites-de-stockage-de-lordre-de-120-mille-tonnes\/#primaryimage"},"image":{"@id":"https:\/\/www.oc.com.tn\/fr\/office-des-cereales-vers-la-creation-de-nouvelles-capacites-de-stockage-de-lordre-de-120-mille-tonnes\/#primaryimage"},"thumbnailUrl":"https:\/\/www.oc.com.tn\/wp-content\/uploads\/2025\/03\/180320256.jpg","datePublished":"2025-03-18T09:34:02+00:00","dateModified":"2025-03-18T09:44:02+00:00","description":"Office des C\u00e9r\u00e9ales","breadcrumb":{"@id":"https:\/\/www.oc.com.tn\/fr\/office-des-cereales-vers-la-creation-de-nouvelles-capacites-de-stockage-de-lordre-de-120-mille-tonnes\/#breadcrumb"},"inLanguage":"fr-FR","potentialAction":[{"@type":"ReadAction","target":["https:\/\/www.oc.com.tn\/fr\/office-des-cereales-vers-la-creation-de-nouvelles-capacites-de-stockage-de-lordre-de-120-mille-tonnes\/"]}]},{"@type":"ImageObject","inLanguage":"fr-FR","@id":"https:\/\/www.oc.com.tn\/fr\/office-des-cereales-vers-la-creation-de-nouvelles-capacites-de-stockage-de-lordre-de-120-mille-tonnes\/#primaryimage","url":"https:\/\/www.oc.com.tn\/wp-content\/uploads\/2025\/03\/180320256.jpg","contentUrl":"https:\/\/www.oc.com.tn\/wp-content\/uploads\/2025\/03\/180320256.jpg","width":1085,"height":672},{"@type":"BreadcrumbList","@id":"https:\/\/www.oc.com.tn\/fr\/office-des-cereales-vers-la-creation-de-nouvelles-capacites-de-stockage-de-lordre-de-120-mille-tonnes\/#breadcrumb","itemListElement":[{"@type":"ListItem","position":1,"name":"Accueil","item":"https:\/\/www.oc.com.tn\/fr\/"},{"@type":"ListItem","position":2,"name":"Office des c\u00e9r\u00e9ales : Vers la cr\u00e9ation de nouvelles capacit\u00e9s de stockage de l&#8217;ordre de 120 mille tonnes"}]},{"@type":"WebSite","@id":"https:\/\/www.oc.com.tn\/fr\/#website","url":"https:\/\/www.oc.com.tn\/fr\/","name":"Office des C\u00e9r\u00e9ales - Tunisie","description":"Office des C\u00e9r\u00e9ales - Tunisie","publisher":{"@id":"https:\/\/www.oc.com.tn\/fr\/#organization"},"alternateName":"Office des C\u00e9r\u00e9ales - Tunisie","potentialAction":[{"@type":"SearchAction","target":{"@type":"EntryPoint","urlTemplate":"https:\/\/www.oc.com.tn\/fr\/?s={search_term_string}"},"query-input":{"@type":"PropertyValueSpecification","valueRequired":true,"valueName":"search_term_string"}}],"inLanguage":"fr-FR"},{"@type":"Organization","@id":"https:\/\/www.oc.com.tn\/fr\/#organization","name":"Office des C\u00e9r\u00e9ales - Tunisie","url":"https:\/\/www.oc.com.tn\/fr\/","logo":{"@type":"ImageObject","inLanguage":"fr-FR","@id":"https:\/\/www.oc.com.tn\/fr\/#\/schema\/logo\/image\/","url":"https:\/\/www.oc.com.tn\/wp-content\/uploads\/2020\/07\/Logo.png","contentUrl":"https:\/\/www.oc.com.tn\/wp-content\/uploads\/2020\/07\/Logo.png","width":47,"height":74,"caption":"Office des C\u00e9r\u00e9ales - Tunisie"},"image":{"@id":"https:\/\/www.oc.com.tn\/fr\/#\/schema\/logo\/image\/"},"sameAs":["https:\/\/www.facebook.com\/profile.php?id=100069933501880"]},{"@type":"Person","@id":"https:\/\/www.oc.com.tn\/fr\/#\/schema\/person\/bf94285c5ffd6ac109db665f9e4cc047","name":"sami belezzi","image":{"@type":"ImageObject","inLanguage":"fr-FR","@id":"https:\/\/www.oc.com.tn\/fr\/#\/schema\/person\/image\/","url":"https:\/\/secure.gravatar.com\/avatar\/e3dd0a40533272e7df68dcc7598e85c566c44756658420c976d9f111328b3bb2?s=96&d=mm&r=g","contentUrl":"https:\/\/secure.gravatar.com\/avatar\/e3dd0a40533272e7df68dcc7598e85c566c44756658420c976d9f111328b3bb2?s=96&d=mm&r=g","caption":"sami belezzi"},"url":"https:\/\/www.oc.com.tn\/fr\/author\/adminoc\/"}]}},"_links":{"self":[{"href":"https:\/\/www.oc.com.tn\/fr\/wp-json\/wp\/v2\/posts\/17141","targetHints":{"allow":["GET"]}}],"collection":[{"href":"https:\/\/www.oc.com.tn\/fr\/wp-json\/wp\/v2\/posts"}],"about":[{"href":"https:\/\/www.oc.com.tn\/fr\/wp-json\/wp\/v2\/types\/post"}],"author":[{"embeddable":true,"href":"https:\/\/www.oc.com.tn\/fr\/wp-json\/wp\/v2\/users\/9"}],"replies":[{"embeddable":true,"href":"https:\/\/www.oc.com.tn\/fr\/wp-json\/wp\/v2\/comments?post=17141"}],"version-history":[{"count":2,"href":"https:\/\/www.oc.com.tn\/fr\/wp-json\/wp\/v2\/posts\/17141\/revisions"}],"predecessor-version":[{"id":17147,"href":"https:\/\/www.oc.com.tn\/fr\/wp-json\/wp\/v2\/posts\/17141\/revisions\/17147"}],"wp:featuredmedia":[{"embeddable":true,"href":"https:\/\/www.oc.com.tn\/fr\/wp-json\/wp\/v2\/media\/17148"}],"wp:attachment":[{"href":"https:\/\/www.oc.com.tn\/fr\/wp-json\/wp\/v2\/media?parent=17141"}],"wp:term":[{"taxonomy":"category","embeddable":true,"href":"https:\/\/www.oc.com.tn\/fr\/wp-json\/wp\/v2\/categories?post=17141"},{"taxonomy":"post_tag","embeddable":true,"href":"https:\/\/www.oc.com.tn\/fr\/wp-json\/wp\/v2\/tags?post=17141"}],"curies":[{"name":"wp","href":"https:\/\/api.w.org\/{rel}","templated":true}]}}