

{"id":17102,"date":"2025-03-13T13:15:17","date_gmt":"2025-03-13T12:15:17","guid":{"rendered":"https:\/\/www.oc.com.tn\/?p=17102"},"modified":"2025-03-13T13:48:32","modified_gmt":"2025-03-13T12:48:32","slug":"preparation-de-la-saison-de-collecte-2025-2","status":"publish","type":"post","link":"https:\/\/www.oc.com.tn\/fr\/preparation-de-la-saison-de-collecte-2025-2\/","title":{"rendered":"Pr\u00e9paration de la saison de collecte 2025"},"content":{"rendered":"\n<figure class=\"wp-block-video\"><video controls src=\"https:\/\/www.oc.com.tn\/wp-content\/uploads\/2025\/03\/\u062f\u064a\u0648\u0627\u0646_\u0627\u0644\u062d\u0628\u0648\u0628-\u0625\u062c\u0631\u0627\u0621\u0627\u062a-\u0627\u0633\u062a\u0628\u0627\u0642\u064a\u0629-\u0627\u0633\u062a\u0639\u062f\u0627\u062f\u0627-\u0644\u0645\u0648\u0633\u0645-\u062a\u062c\u0645\u064a\u0639-\u0627\u0644\u062d\u0628\u0648\u0628.mp4\"><\/video><\/figure>\n\n\n\n<figure class=\"wp-block-gallery has-nested-images columns-default is-cropped wp-block-gallery-1 is-layout-flex wp-block-gallery-is-layout-flex\">\n<figure class=\"wp-block-image size-large\"><img fetchpriority=\"high\" decoding=\"async\" width=\"1024\" height=\"682\" data-id=\"17115\" src=\"https:\/\/www.oc.com.tn\/wp-content\/uploads\/2025\/03\/collecte1-1-1024x682.jpg\" alt=\"\" class=\"wp-image-17115\" srcset=\"https:\/\/www.oc.com.tn\/wp-content\/uploads\/2025\/03\/collecte1-1-1024x682.jpg 1024w, https:\/\/www.oc.com.tn\/wp-content\/uploads\/2025\/03\/collecte1-1-300x200.jpg 300w, https:\/\/www.oc.com.tn\/wp-content\/uploads\/2025\/03\/collecte1-1-768x512.jpg 768w, https:\/\/www.oc.com.tn\/wp-content\/uploads\/2025\/03\/collecte1-1-1536x1023.jpg 1536w, https:\/\/www.oc.com.tn\/wp-content\/uploads\/2025\/03\/collecte1-1-730x486.jpg 730w, https:\/\/www.oc.com.tn\/wp-content\/uploads\/2025\/03\/collecte1-1-1070x713.jpg 1070w, https:\/\/www.oc.com.tn\/wp-content\/uploads\/2025\/03\/collecte1-1.jpg 1600w\" sizes=\"(max-width: 1024px) 100vw, 1024px\" \/><\/figure>\n\n\n\n<figure class=\"wp-block-image size-large\"><img decoding=\"async\" width=\"1024\" height=\"566\" data-id=\"17117\" data-src=\"https:\/\/www.oc.com.tn\/wp-content\/uploads\/2025\/03\/collecte-3-1024x566.jpg\" alt=\"\" class=\"wp-image-17117 lazyload\" data-srcset=\"https:\/\/www.oc.com.tn\/wp-content\/uploads\/2025\/03\/collecte-3-1024x566.jpg 1024w, https:\/\/www.oc.com.tn\/wp-content\/uploads\/2025\/03\/collecte-3-300x166.jpg 300w, https:\/\/www.oc.com.tn\/wp-content\/uploads\/2025\/03\/collecte-3-768x425.jpg 768w, https:\/\/www.oc.com.tn\/wp-content\/uploads\/2025\/03\/collecte-3-1536x850.jpg 1536w, https:\/\/www.oc.com.tn\/wp-content\/uploads\/2025\/03\/collecte-3-730x404.jpg 730w, https:\/\/www.oc.com.tn\/wp-content\/uploads\/2025\/03\/collecte-3-1070x592.jpg 1070w, https:\/\/www.oc.com.tn\/wp-content\/uploads\/2025\/03\/collecte-3.jpg 1600w\" data-sizes=\"(max-width: 1024px) 100vw, 1024px\" src=\"data:image\/svg+xml;base64,PHN2ZyB3aWR0aD0iMSIgaGVpZ2h0PSIxIiB4bWxucz0iaHR0cDovL3d3dy53My5vcmcvMjAwMC9zdmciPjwvc3ZnPg==\" style=\"--smush-placeholder-width: 1024px; --smush-placeholder-aspect-ratio: 1024\/566;\" \/><\/figure>\n<\/figure>\n","protected":false},"excerpt":{"rendered":"","protected":false},"author":9,"featured_media":17106,"comment_status":"closed","ping_status":"open","sticky":false,"template":"","format":"standard","meta":{"_monsterinsights_skip_tracking":false,"_monsterinsights_sitenote_active":false,"_monsterinsights_sitenote_note":"","_monsterinsights_sitenote_category":0,"footnotes":""},"categories":[98],"tags":[],"class_list":["post-17102","post","type-post","status-publish","format-standard","has-post-thumbnail","hentry","category-actualites"],"yoast_head":"<!-- This site is optimized with the Yoast SEO plugin v25.5 - https:\/\/yoast.com\/wordpress\/plugins\/seo\/ -->\n<title>Pr\u00e9paration de la saison de collecte 2025 - Office des C\u00e9r\u00e9ales - Tunisie<\/title>\n<meta name=\"description\" content=\"Office des C\u00e9r\u00e9ales\" \/>\n<meta name=\"robots\" content=\"index, follow, max-snippet:-1, max-image-preview:large, max-video-preview:-1\" \/>\n<link rel=\"canonical\" href=\"https:\/\/www.oc.com.tn\/fr\/preparation-de-la-saison-de-collecte-2025-2\/\" \/>\n<meta property=\"og:locale\" content=\"fr_FR\" \/>\n<meta property=\"og:type\" content=\"article\" \/>\n<meta property=\"og:title\" content=\"Pr\u00e9paration de la saison de collecte 2025 - Office des C\u00e9r\u00e9ales - Tunisie\" \/>\n<meta property=\"og:description\" content=\"Office des C\u00e9r\u00e9ales\" \/>\n<meta property=\"og:url\" content=\"https:\/\/www.oc.com.tn\/fr\/preparation-de-la-saison-de-collecte-2025-2\/\" \/>\n<meta property=\"og:site_name\" content=\"Office des C\u00e9r\u00e9ales - Tunisie\" \/>\n<meta property=\"article:publisher\" content=\"https:\/\/www.facebook.com\/profile.php?id=100069933501880\" \/>\n<meta property=\"article:published_time\" content=\"2025-03-13T12:15:17+00:00\" \/>\n<meta property=\"article:modified_time\" content=\"2025-03-13T12:48:32+00:00\" \/>\n<meta property=\"og:image\" content=\"https:\/\/www.oc.com.tn\/wp-content\/uploads\/2025\/03\/collecte2.png\" \/>\n\t<meta property=\"og:image:width\" content=\"1189\" \/>\n\t<meta property=\"og:image:height\" content=\"669\" \/>\n\t<meta property=\"og:image:type\" content=\"image\/png\" \/>\n<meta name=\"author\" content=\"sami belezzi\" \/>\n<meta name=\"twitter:card\" content=\"summary_large_image\" \/>\n<meta name=\"twitter:label1\" content=\"\u00c9crit par\" \/>\n\t<meta name=\"twitter:data1\" content=\"sami belezzi\" \/>\n<script type=\"application\/ld+json\" class=\"yoast-schema-graph\">{\"@context\":\"https:\/\/schema.org\",\"@graph\":[{\"@type\":\"Article\",\"@id\":\"https:\/\/www.oc.com.tn\/fr\/preparation-de-la-saison-de-collecte-2025-2\/#article\",\"isPartOf\":{\"@id\":\"https:\/\/www.oc.com.tn\/fr\/preparation-de-la-saison-de-collecte-2025-2\/\"},\"author\":{\"name\":\"sami belezzi\",\"@id\":\"https:\/\/www.oc.com.tn\/fr\/#\/schema\/person\/bf94285c5ffd6ac109db665f9e4cc047\"},\"headline\":\"Pr\u00e9paration de la saison de collecte 2025\",\"datePublished\":\"2025-03-13T12:15:17+00:00\",\"dateModified\":\"2025-03-13T12:48:32+00:00\",\"mainEntityOfPage\":{\"@id\":\"https:\/\/www.oc.com.tn\/fr\/preparation-de-la-saison-de-collecte-2025-2\/\"},\"wordCount\":7,\"publisher\":{\"@id\":\"https:\/\/www.oc.com.tn\/fr\/#organization\"},\"image\":{\"@id\":\"https:\/\/www.oc.com.tn\/fr\/preparation-de-la-saison-de-collecte-2025-2\/#primaryimage\"},\"thumbnailUrl\":\"https:\/\/www.oc.com.tn\/wp-content\/uploads\/2025\/03\/collecte2.png\",\"articleSection\":[\"Actualit\u00e9s\"],\"inLanguage\":\"fr-FR\"},{\"@type\":\"WebPage\",\"@id\":\"https:\/\/www.oc.com.tn\/fr\/preparation-de-la-saison-de-collecte-2025-2\/\",\"url\":\"https:\/\/www.oc.com.tn\/fr\/preparation-de-la-saison-de-collecte-2025-2\/\",\"name\":\"Pr\u00e9paration de la saison de collecte 2025 - Office des C\u00e9r\u00e9ales - Tunisie\",\"isPartOf\":{\"@id\":\"https:\/\/www.oc.com.tn\/fr\/#website\"},\"primaryImageOfPage\":{\"@id\":\"https:\/\/www.oc.com.tn\/fr\/preparation-de-la-saison-de-collecte-2025-2\/#primaryimage\"},\"image\":{\"@id\":\"https:\/\/www.oc.com.tn\/fr\/preparation-de-la-saison-de-collecte-2025-2\/#primaryimage\"},\"thumbnailUrl\":\"https:\/\/www.oc.com.tn\/wp-content\/uploads\/2025\/03\/collecte2.png\",\"datePublished\":\"2025-03-13T12:15:17+00:00\",\"dateModified\":\"2025-03-13T12:48:32+00:00\",\"description\":\"Office des C\u00e9r\u00e9ales\",\"breadcrumb\":{\"@id\":\"https:\/\/www.oc.com.tn\/fr\/preparation-de-la-saison-de-collecte-2025-2\/#breadcrumb\"},\"inLanguage\":\"fr-FR\",\"potentialAction\":[{\"@type\":\"ReadAction\",\"target\":[\"https:\/\/www.oc.com.tn\/fr\/preparation-de-la-saison-de-collecte-2025-2\/\"]}]},{\"@type\":\"ImageObject\",\"inLanguage\":\"fr-FR\",\"@id\":\"https:\/\/www.oc.com.tn\/fr\/preparation-de-la-saison-de-collecte-2025-2\/#primaryimage\",\"url\":\"https:\/\/www.oc.com.tn\/wp-content\/uploads\/2025\/03\/collecte2.png\",\"contentUrl\":\"https:\/\/www.oc.com.tn\/wp-content\/uploads\/2025\/03\/collecte2.png\",\"width\":1189,\"height\":669},{\"@type\":\"BreadcrumbList\",\"@id\":\"https:\/\/www.oc.com.tn\/fr\/preparation-de-la-saison-de-collecte-2025-2\/#breadcrumb\",\"itemListElement\":[{\"@type\":\"ListItem\",\"position\":1,\"name\":\"Accueil\",\"item\":\"https:\/\/www.oc.com.tn\/fr\/\"},{\"@type\":\"ListItem\",\"position\":2,\"name\":\"Pr\u00e9paration de la saison de collecte 2025\"}]},{\"@type\":\"WebSite\",\"@id\":\"https:\/\/www.oc.com.tn\/fr\/#website\",\"url\":\"https:\/\/www.oc.com.tn\/fr\/\",\"name\":\"Office des C\u00e9r\u00e9ales - Tunisie\",\"description\":\"Office des C\u00e9r\u00e9ales - Tunisie\",\"publisher\":{\"@id\":\"https:\/\/www.oc.com.tn\/fr\/#organization\"},\"alternateName\":\"Office des C\u00e9r\u00e9ales - Tunisie\",\"potentialAction\":[{\"@type\":\"SearchAction\",\"target\":{\"@type\":\"EntryPoint\",\"urlTemplate\":\"https:\/\/www.oc.com.tn\/fr\/?s={search_term_string}\"},\"query-input\":{\"@type\":\"PropertyValueSpecification\",\"valueRequired\":true,\"valueName\":\"search_term_string\"}}],\"inLanguage\":\"fr-FR\"},{\"@type\":\"Organization\",\"@id\":\"https:\/\/www.oc.com.tn\/fr\/#organization\",\"name\":\"Office des C\u00e9r\u00e9ales - Tunisie\",\"url\":\"https:\/\/www.oc.com.tn\/fr\/\",\"logo\":{\"@type\":\"ImageObject\",\"inLanguage\":\"fr-FR\",\"@id\":\"https:\/\/www.oc.com.tn\/fr\/#\/schema\/logo\/image\/\",\"url\":\"https:\/\/www.oc.com.tn\/wp-content\/uploads\/2020\/07\/Logo.png\",\"contentUrl\":\"https:\/\/www.oc.com.tn\/wp-content\/uploads\/2020\/07\/Logo.png\",\"width\":47,\"height\":74,\"caption\":\"Office des C\u00e9r\u00e9ales - Tunisie\"},\"image\":{\"@id\":\"https:\/\/www.oc.com.tn\/fr\/#\/schema\/logo\/image\/\"},\"sameAs\":[\"https:\/\/www.facebook.com\/profile.php?id=100069933501880\"]},{\"@type\":\"Person\",\"@id\":\"https:\/\/www.oc.com.tn\/fr\/#\/schema\/person\/bf94285c5ffd6ac109db665f9e4cc047\",\"name\":\"sami belezzi\",\"image\":{\"@type\":\"ImageObject\",\"inLanguage\":\"fr-FR\",\"@id\":\"https:\/\/www.oc.com.tn\/fr\/#\/schema\/person\/image\/\",\"url\":\"https:\/\/secure.gravatar.com\/avatar\/e3dd0a40533272e7df68dcc7598e85c566c44756658420c976d9f111328b3bb2?s=96&d=mm&r=g\",\"contentUrl\":\"https:\/\/secure.gravatar.com\/avatar\/e3dd0a40533272e7df68dcc7598e85c566c44756658420c976d9f111328b3bb2?s=96&d=mm&r=g\",\"caption\":\"sami belezzi\"},\"url\":\"https:\/\/www.oc.com.tn\/fr\/author\/adminoc\/\"}]}<\/script>\n<!-- \/ Yoast SEO plugin. -->","yoast_head_json":{"title":"Pr\u00e9paration de la saison de collecte 2025 - Office des C\u00e9r\u00e9ales - Tunisie","description":"Office des C\u00e9r\u00e9ales","robots":{"index":"index","follow":"follow","max-snippet":"max-snippet:-1","max-image-preview":"max-image-preview:large","max-video-preview":"max-video-preview:-1"},"canonical":"https:\/\/www.oc.com.tn\/fr\/preparation-de-la-saison-de-collecte-2025-2\/","og_locale":"fr_FR","og_type":"article","og_title":"Pr\u00e9paration de la saison de collecte 2025 - Office des C\u00e9r\u00e9ales - Tunisie","og_description":"Office des C\u00e9r\u00e9ales","og_url":"https:\/\/www.oc.com.tn\/fr\/preparation-de-la-saison-de-collecte-2025-2\/","og_site_name":"Office des C\u00e9r\u00e9ales - Tunisie","article_publisher":"https:\/\/www.facebook.com\/profile.php?id=100069933501880","article_published_time":"2025-03-13T12:15:17+00:00","article_modified_time":"2025-03-13T12:48:32+00:00","og_image":[{"width":1189,"height":669,"url":"https:\/\/www.oc.com.tn\/wp-content\/uploads\/2025\/03\/collecte2.png","type":"image\/png"}],"author":"sami belezzi","twitter_card":"summary_large_image","twitter_misc":{"\u00c9crit par":"sami belezzi"},"schema":{"@context":"https:\/\/schema.org","@graph":[{"@type":"Article","@id":"https:\/\/www.oc.com.tn\/fr\/preparation-de-la-saison-de-collecte-2025-2\/#article","isPartOf":{"@id":"https:\/\/www.oc.com.tn\/fr\/preparation-de-la-saison-de-collecte-2025-2\/"},"author":{"name":"sami belezzi","@id":"https:\/\/www.oc.com.tn\/fr\/#\/schema\/person\/bf94285c5ffd6ac109db665f9e4cc047"},"headline":"Pr\u00e9paration de la saison de collecte 2025","datePublished":"2025-03-13T12:15:17+00:00","dateModified":"2025-03-13T12:48:32+00:00","mainEntityOfPage":{"@id":"https:\/\/www.oc.com.tn\/fr\/preparation-de-la-saison-de-collecte-2025-2\/"},"wordCount":7,"publisher":{"@id":"https:\/\/www.oc.com.tn\/fr\/#organization"},"image":{"@id":"https:\/\/www.oc.com.tn\/fr\/preparation-de-la-saison-de-collecte-2025-2\/#primaryimage"},"thumbnailUrl":"https:\/\/www.oc.com.tn\/wp-content\/uploads\/2025\/03\/collecte2.png","articleSection":["Actualit\u00e9s"],"inLanguage":"fr-FR"},{"@type":"WebPage","@id":"https:\/\/www.oc.com.tn\/fr\/preparation-de-la-saison-de-collecte-2025-2\/","url":"https:\/\/www.oc.com.tn\/fr\/preparation-de-la-saison-de-collecte-2025-2\/","name":"Pr\u00e9paration de la saison de collecte 2025 - Office des C\u00e9r\u00e9ales - Tunisie","isPartOf":{"@id":"https:\/\/www.oc.com.tn\/fr\/#website"},"primaryImageOfPage":{"@id":"https:\/\/www.oc.com.tn\/fr\/preparation-de-la-saison-de-collecte-2025-2\/#primaryimage"},"image":{"@id":"https:\/\/www.oc.com.tn\/fr\/preparation-de-la-saison-de-collecte-2025-2\/#primaryimage"},"thumbnailUrl":"https:\/\/www.oc.com.tn\/wp-content\/uploads\/2025\/03\/collecte2.png","datePublished":"2025-03-13T12:15:17+00:00","dateModified":"2025-03-13T12:48:32+00:00","description":"Office des C\u00e9r\u00e9ales","breadcrumb":{"@id":"https:\/\/www.oc.com.tn\/fr\/preparation-de-la-saison-de-collecte-2025-2\/#breadcrumb"},"inLanguage":"fr-FR","potentialAction":[{"@type":"ReadAction","target":["https:\/\/www.oc.com.tn\/fr\/preparation-de-la-saison-de-collecte-2025-2\/"]}]},{"@type":"ImageObject","inLanguage":"fr-FR","@id":"https:\/\/www.oc.com.tn\/fr\/preparation-de-la-saison-de-collecte-2025-2\/#primaryimage","url":"https:\/\/www.oc.com.tn\/wp-content\/uploads\/2025\/03\/collecte2.png","contentUrl":"https:\/\/www.oc.com.tn\/wp-content\/uploads\/2025\/03\/collecte2.png","width":1189,"height":669},{"@type":"BreadcrumbList","@id":"https:\/\/www.oc.com.tn\/fr\/preparation-de-la-saison-de-collecte-2025-2\/#breadcrumb","itemListElement":[{"@type":"ListItem","position":1,"name":"Accueil","item":"https:\/\/www.oc.com.tn\/fr\/"},{"@type":"ListItem","position":2,"name":"Pr\u00e9paration de la saison de collecte 2025"}]},{"@type":"WebSite","@id":"https:\/\/www.oc.com.tn\/fr\/#website","url":"https:\/\/www.oc.com.tn\/fr\/","name":"Office des C\u00e9r\u00e9ales - Tunisie","description":"Office des C\u00e9r\u00e9ales - Tunisie","publisher":{"@id":"https:\/\/www.oc.com.tn\/fr\/#organization"},"alternateName":"Office des C\u00e9r\u00e9ales - Tunisie","potentialAction":[{"@type":"SearchAction","target":{"@type":"EntryPoint","urlTemplate":"https:\/\/www.oc.com.tn\/fr\/?s={search_term_string}"},"query-input":{"@type":"PropertyValueSpecification","valueRequired":true,"valueName":"search_term_string"}}],"inLanguage":"fr-FR"},{"@type":"Organization","@id":"https:\/\/www.oc.com.tn\/fr\/#organization","name":"Office des C\u00e9r\u00e9ales - Tunisie","url":"https:\/\/www.oc.com.tn\/fr\/","logo":{"@type":"ImageObject","inLanguage":"fr-FR","@id":"https:\/\/www.oc.com.tn\/fr\/#\/schema\/logo\/image\/","url":"https:\/\/www.oc.com.tn\/wp-content\/uploads\/2020\/07\/Logo.png","contentUrl":"https:\/\/www.oc.com.tn\/wp-content\/uploads\/2020\/07\/Logo.png","width":47,"height":74,"caption":"Office des C\u00e9r\u00e9ales - Tunisie"},"image":{"@id":"https:\/\/www.oc.com.tn\/fr\/#\/schema\/logo\/image\/"},"sameAs":["https:\/\/www.facebook.com\/profile.php?id=100069933501880"]},{"@type":"Person","@id":"https:\/\/www.oc.com.tn\/fr\/#\/schema\/person\/bf94285c5ffd6ac109db665f9e4cc047","name":"sami belezzi","image":{"@type":"ImageObject","inLanguage":"fr-FR","@id":"https:\/\/www.oc.com.tn\/fr\/#\/schema\/person\/image\/","url":"https:\/\/secure.gravatar.com\/avatar\/e3dd0a40533272e7df68dcc7598e85c566c44756658420c976d9f111328b3bb2?s=96&d=mm&r=g","contentUrl":"https:\/\/secure.gravatar.com\/avatar\/e3dd0a40533272e7df68dcc7598e85c566c44756658420c976d9f111328b3bb2?s=96&d=mm&r=g","caption":"sami belezzi"},"url":"https:\/\/www.oc.com.tn\/fr\/author\/adminoc\/"}]}},"_links":{"self":[{"href":"https:\/\/www.oc.com.tn\/fr\/wp-json\/wp\/v2\/posts\/17102","targetHints":{"allow":["GET"]}}],"collection":[{"href":"https:\/\/www.oc.com.tn\/fr\/wp-json\/wp\/v2\/posts"}],"about":[{"href":"https:\/\/www.oc.com.tn\/fr\/wp-json\/wp\/v2\/types\/post"}],"author":[{"embeddable":true,"href":"https:\/\/www.oc.com.tn\/fr\/wp-json\/wp\/v2\/users\/9"}],"replies":[{"embeddable":true,"href":"https:\/\/www.oc.com.tn\/fr\/wp-json\/wp\/v2\/comments?post=17102"}],"version-history":[{"count":5,"href":"https:\/\/www.oc.com.tn\/fr\/wp-json\/wp\/v2\/posts\/17102\/revisions"}],"predecessor-version":[{"id":17130,"href":"https:\/\/www.oc.com.tn\/fr\/wp-json\/wp\/v2\/posts\/17102\/revisions\/17130"}],"wp:featuredmedia":[{"embeddable":true,"href":"https:\/\/www.oc.com.tn\/fr\/wp-json\/wp\/v2\/media\/17106"}],"wp:attachment":[{"href":"https:\/\/www.oc.com.tn\/fr\/wp-json\/wp\/v2\/media?parent=17102"}],"wp:term":[{"taxonomy":"category","embeddable":true,"href":"https:\/\/www.oc.com.tn\/fr\/wp-json\/wp\/v2\/categories?post=17102"},{"taxonomy":"post_tag","embeddable":true,"href":"https:\/\/www.oc.com.tn\/fr\/wp-json\/wp\/v2\/tags?post=17102"}],"curies":[{"name":"wp","href":"https:\/\/api.w.org\/{rel}","templated":true}]}}