

{"id":17019,"date":"2025-02-24T17:00:00","date_gmt":"2025-02-24T16:00:00","guid":{"rendered":"https:\/\/www.oc.com.tn\/?p=17019"},"modified":"2025-02-25T08:52:07","modified_gmt":"2025-02-25T07:52:07","slug":"visite-de-travail-aux-emirats-arabes-unis","status":"publish","type":"post","link":"https:\/\/www.oc.com.tn\/fr\/visite-de-travail-aux-emirats-arabes-unis\/","title":{"rendered":"Visite de travail aux \u00c9mirats arabes unis"},"content":{"rendered":"\n<p>Dans le cadre de la troisi\u00e8me session du Forum des exportateurs de c\u00e9r\u00e9ales de la F\u00e9d\u00e9ration de Russie, tenue \u00e0 Duba\u00ef du 17 au 19 f\u00e9vrier 2025, en pr\u00e9sence de toutes les entreprises, agriculteurs et fournisseurs sous la supervision de la ministre russe de l\u2019Agriculture Oksana Lut dans le but de renforcer la coop\u00e9ration entre les producteurs, les exportateurs et les importateurs dans le secteur des c\u00e9r\u00e9ales et des l\u00e9gumineuses, la Pr\u00e9sidente et Directrice g\u00e9n\u00e9rale de l\u2019Office des c\u00e9r\u00e9ales a \u00e9t\u00e9 invit\u00e9e \u00e0 participer \u00e0 ce forum, o\u00f9 elle a fait une pr\u00e9sentation sur le secteur agricole en Tunisie, notamment le syst\u00e8me c\u00e9r\u00e9alier et les d\u00e9fis pos\u00e9s \u00e0 la lumi\u00e8re du changement climatique. Une s\u00e9ance de travail a \u00e9galement eu lieu avec la ministre russe de l\u2019Agriculture Oksana Lut en pr\u00e9sence du vice-ministre de l\u2019Agriculture Maxim Markovich, de M. Maxim Kashchuk, attach\u00e9 agricole \u00e0 l\u2019ambassade de Russie en Tunisie et de M. Eduard Zernin, pr\u00e9sident de la F\u00e9d\u00e9ration russe des exportateurs de c\u00e9r\u00e9ales, afin de renforcer le partenariat entre la Tunisie et la Russie dans plusieurs domaines, notamment l\u2019\u00e9conomie, l\u2019\u00e9change de connaissances et d\u2019exp\u00e9riences dans le domaine agricole, l\u2019acc\u00e8s aux technologies modernes li\u00e9es aux conditions techniques et sanitaires, la qualit\u00e9 des c\u00e9r\u00e9ales et l\u2019exploitation des opportunit\u00e9s d\u2019expansion du commerce alimentaire.<\/p>\n\n\n\n<figure class=\"wp-block-gallery has-nested-images columns-default is-cropped wp-block-gallery-1 is-layout-flex wp-block-gallery-is-layout-flex\">\n<figure class=\"wp-block-image size-large\"><img fetchpriority=\"high\" decoding=\"async\" width=\"1024\" height=\"683\" data-id=\"17032\" src=\"https:\/\/www.oc.com.tn\/wp-content\/uploads\/2025\/02\/d5-1024x683.jpg\" alt=\"\" class=\"wp-image-17032\" srcset=\"https:\/\/www.oc.com.tn\/wp-content\/uploads\/2025\/02\/d5-1024x683.jpg 1024w, https:\/\/www.oc.com.tn\/wp-content\/uploads\/2025\/02\/d5-300x200.jpg 300w, https:\/\/www.oc.com.tn\/wp-content\/uploads\/2025\/02\/d5-768x513.jpg 768w, https:\/\/www.oc.com.tn\/wp-content\/uploads\/2025\/02\/d5-730x487.jpg 730w, https:\/\/www.oc.com.tn\/wp-content\/uploads\/2025\/02\/d5-1070x714.jpg 1070w, https:\/\/www.oc.com.tn\/wp-content\/uploads\/2025\/02\/d5.jpg 1386w\" sizes=\"(max-width: 1024px) 100vw, 1024px\" \/><\/figure>\n\n\n\n<figure class=\"wp-block-image size-large\"><img decoding=\"async\" width=\"592\" height=\"395\" data-id=\"17029\" data-src=\"https:\/\/www.oc.com.tn\/wp-content\/uploads\/2025\/02\/d4.jpg\" alt=\"\" class=\"wp-image-17029 lazyload\" data-srcset=\"https:\/\/www.oc.com.tn\/wp-content\/uploads\/2025\/02\/d4.jpg 592w, https:\/\/www.oc.com.tn\/wp-content\/uploads\/2025\/02\/d4-300x200.jpg 300w\" data-sizes=\"(max-width: 592px) 100vw, 592px\" src=\"data:image\/svg+xml;base64,PHN2ZyB3aWR0aD0iMSIgaGVpZ2h0PSIxIiB4bWxucz0iaHR0cDovL3d3dy53My5vcmcvMjAwMC9zdmciPjwvc3ZnPg==\" style=\"--smush-placeholder-width: 592px; --smush-placeholder-aspect-ratio: 592\/395;\" \/><\/figure>\n\n\n\n<figure class=\"wp-block-image size-large\"><img decoding=\"async\" width=\"592\" height=\"395\" data-id=\"17026\" data-src=\"https:\/\/www.oc.com.tn\/wp-content\/uploads\/2025\/02\/d3.jpg\" alt=\"\" class=\"wp-image-17026 lazyload\" data-srcset=\"https:\/\/www.oc.com.tn\/wp-content\/uploads\/2025\/02\/d3.jpg 592w, https:\/\/www.oc.com.tn\/wp-content\/uploads\/2025\/02\/d3-300x200.jpg 300w\" data-sizes=\"(max-width: 592px) 100vw, 592px\" src=\"data:image\/svg+xml;base64,PHN2ZyB3aWR0aD0iMSIgaGVpZ2h0PSIxIiB4bWxucz0iaHR0cDovL3d3dy53My5vcmcvMjAwMC9zdmciPjwvc3ZnPg==\" style=\"--smush-placeholder-width: 592px; --smush-placeholder-aspect-ratio: 592\/395;\" \/><\/figure>\n\n\n\n<figure class=\"wp-block-image size-large\"><img decoding=\"async\" width=\"1024\" height=\"611\" data-id=\"17023\" data-src=\"https:\/\/www.oc.com.tn\/wp-content\/uploads\/2025\/02\/d2-1024x611.jpg\" alt=\"\" class=\"wp-image-17023 lazyload\" data-srcset=\"https:\/\/www.oc.com.tn\/wp-content\/uploads\/2025\/02\/d2-1024x611.jpg 1024w, https:\/\/www.oc.com.tn\/wp-content\/uploads\/2025\/02\/d2-300x179.jpg 300w, https:\/\/www.oc.com.tn\/wp-content\/uploads\/2025\/02\/d2-768x458.jpg 768w, https:\/\/www.oc.com.tn\/wp-content\/uploads\/2025\/02\/d2-730x436.jpg 730w, https:\/\/www.oc.com.tn\/wp-content\/uploads\/2025\/02\/d2-1070x639.jpg 1070w, https:\/\/www.oc.com.tn\/wp-content\/uploads\/2025\/02\/d2.jpg 1280w\" data-sizes=\"(max-width: 1024px) 100vw, 1024px\" src=\"data:image\/svg+xml;base64,PHN2ZyB3aWR0aD0iMSIgaGVpZ2h0PSIxIiB4bWxucz0iaHR0cDovL3d3dy53My5vcmcvMjAwMC9zdmciPjwvc3ZnPg==\" style=\"--smush-placeholder-width: 1024px; --smush-placeholder-aspect-ratio: 1024\/611;\" \/><\/figure>\n\n\n\n<figure class=\"wp-block-image size-large\"><img decoding=\"async\" width=\"1024\" height=\"683\" data-id=\"17020\" data-src=\"https:\/\/www.oc.com.tn\/wp-content\/uploads\/2025\/02\/d1-1024x683.jpg\" alt=\"\" class=\"wp-image-17020 lazyload\" data-srcset=\"https:\/\/www.oc.com.tn\/wp-content\/uploads\/2025\/02\/d1-1024x683.jpg 1024w, https:\/\/www.oc.com.tn\/wp-content\/uploads\/2025\/02\/d1-300x200.jpg 300w, https:\/\/www.oc.com.tn\/wp-content\/uploads\/2025\/02\/d1-768x512.jpg 768w, https:\/\/www.oc.com.tn\/wp-content\/uploads\/2025\/02\/d1-730x487.jpg 730w, https:\/\/www.oc.com.tn\/wp-content\/uploads\/2025\/02\/d1-1070x714.jpg 1070w, https:\/\/www.oc.com.tn\/wp-content\/uploads\/2025\/02\/d1.jpg 1280w\" data-sizes=\"(max-width: 1024px) 100vw, 1024px\" src=\"data:image\/svg+xml;base64,PHN2ZyB3aWR0aD0iMSIgaGVpZ2h0PSIxIiB4bWxucz0iaHR0cDovL3d3dy53My5vcmcvMjAwMC9zdmciPjwvc3ZnPg==\" style=\"--smush-placeholder-width: 1024px; --smush-placeholder-aspect-ratio: 1024\/683;\" \/><\/figure>\n<\/figure>\n","protected":false},"excerpt":{"rendered":"<p>Dans le cadre de la troisi\u00e8me session du Forum des exportateurs de c\u00e9r\u00e9ales de la F\u00e9d\u00e9ration de Russie, tenue \u00e0 Duba\u00ef du 17 au 19 f\u00e9vrier 2025, en pr\u00e9sence de toutes les entreprises, agriculteurs et fournisseurs sous la supervision de la ministre russe de l\u2019Agriculture Oksana Lut dans le but de renforcer la coop\u00e9ration entre [&hellip;]<\/p>\n","protected":false},"author":9,"featured_media":17032,"comment_status":"closed","ping_status":"open","sticky":false,"template":"","format":"standard","meta":{"_monsterinsights_skip_tracking":false,"_monsterinsights_sitenote_active":false,"_monsterinsights_sitenote_note":"","_monsterinsights_sitenote_category":0,"footnotes":""},"categories":[98],"tags":[],"class_list":["post-17019","post","type-post","status-publish","format-standard","has-post-thumbnail","hentry","category-actualites"],"yoast_head":"<!-- This site is optimized with the Yoast SEO plugin v25.5 - https:\/\/yoast.com\/wordpress\/plugins\/seo\/ -->\n<title>Visite de travail aux \u00c9mirats arabes unis - Office des C\u00e9r\u00e9ales - Tunisie<\/title>\n<meta name=\"description\" content=\"Office des C\u00e9r\u00e9ales\" \/>\n<meta name=\"robots\" content=\"index, follow, max-snippet:-1, max-image-preview:large, max-video-preview:-1\" \/>\n<link rel=\"canonical\" href=\"https:\/\/www.oc.com.tn\/fr\/visite-de-travail-aux-emirats-arabes-unis\/\" \/>\n<meta property=\"og:locale\" content=\"fr_FR\" \/>\n<meta property=\"og:type\" content=\"article\" \/>\n<meta property=\"og:title\" content=\"Visite de travail aux \u00c9mirats arabes unis - Office des C\u00e9r\u00e9ales - Tunisie\" \/>\n<meta property=\"og:description\" content=\"Office des C\u00e9r\u00e9ales\" \/>\n<meta property=\"og:url\" content=\"https:\/\/www.oc.com.tn\/fr\/visite-de-travail-aux-emirats-arabes-unis\/\" \/>\n<meta property=\"og:site_name\" content=\"Office des C\u00e9r\u00e9ales - Tunisie\" \/>\n<meta property=\"article:publisher\" content=\"https:\/\/www.facebook.com\/profile.php?id=100069933501880\" \/>\n<meta property=\"article:published_time\" content=\"2025-02-24T16:00:00+00:00\" \/>\n<meta property=\"article:modified_time\" content=\"2025-02-25T07:52:07+00:00\" \/>\n<meta property=\"og:image\" content=\"https:\/\/www.oc.com.tn\/wp-content\/uploads\/2025\/02\/d5.jpg\" \/>\n\t<meta property=\"og:image:width\" content=\"1386\" \/>\n\t<meta property=\"og:image:height\" content=\"925\" \/>\n\t<meta property=\"og:image:type\" content=\"image\/jpeg\" \/>\n<meta name=\"author\" content=\"sami belezzi\" \/>\n<meta name=\"twitter:card\" content=\"summary_large_image\" \/>\n<meta name=\"twitter:label1\" content=\"\u00c9crit par\" \/>\n\t<meta name=\"twitter:data1\" content=\"sami belezzi\" \/>\n\t<meta name=\"twitter:label2\" content=\"Dur\u00e9e de lecture estim\u00e9e\" \/>\n\t<meta name=\"twitter:data2\" content=\"1 minute\" \/>\n<script type=\"application\/ld+json\" class=\"yoast-schema-graph\">{\"@context\":\"https:\/\/schema.org\",\"@graph\":[{\"@type\":\"Article\",\"@id\":\"https:\/\/www.oc.com.tn\/fr\/visite-de-travail-aux-emirats-arabes-unis\/#article\",\"isPartOf\":{\"@id\":\"https:\/\/www.oc.com.tn\/fr\/visite-de-travail-aux-emirats-arabes-unis\/\"},\"author\":{\"name\":\"sami belezzi\",\"@id\":\"https:\/\/www.oc.com.tn\/fr\/#\/schema\/person\/bf94285c5ffd6ac109db665f9e4cc047\"},\"headline\":\"Visite de travail aux \u00c9mirats arabes unis\",\"datePublished\":\"2025-02-24T16:00:00+00:00\",\"dateModified\":\"2025-02-25T07:52:07+00:00\",\"mainEntityOfPage\":{\"@id\":\"https:\/\/www.oc.com.tn\/fr\/visite-de-travail-aux-emirats-arabes-unis\/\"},\"wordCount\":257,\"publisher\":{\"@id\":\"https:\/\/www.oc.com.tn\/fr\/#organization\"},\"image\":{\"@id\":\"https:\/\/www.oc.com.tn\/fr\/visite-de-travail-aux-emirats-arabes-unis\/#primaryimage\"},\"thumbnailUrl\":\"https:\/\/www.oc.com.tn\/wp-content\/uploads\/2025\/02\/d5.jpg\",\"articleSection\":[\"Actualit\u00e9s\"],\"inLanguage\":\"fr-FR\"},{\"@type\":\"WebPage\",\"@id\":\"https:\/\/www.oc.com.tn\/fr\/visite-de-travail-aux-emirats-arabes-unis\/\",\"url\":\"https:\/\/www.oc.com.tn\/fr\/visite-de-travail-aux-emirats-arabes-unis\/\",\"name\":\"Visite de travail aux \u00c9mirats arabes unis - Office des C\u00e9r\u00e9ales - Tunisie\",\"isPartOf\":{\"@id\":\"https:\/\/www.oc.com.tn\/fr\/#website\"},\"primaryImageOfPage\":{\"@id\":\"https:\/\/www.oc.com.tn\/fr\/visite-de-travail-aux-emirats-arabes-unis\/#primaryimage\"},\"image\":{\"@id\":\"https:\/\/www.oc.com.tn\/fr\/visite-de-travail-aux-emirats-arabes-unis\/#primaryimage\"},\"thumbnailUrl\":\"https:\/\/www.oc.com.tn\/wp-content\/uploads\/2025\/02\/d5.jpg\",\"datePublished\":\"2025-02-24T16:00:00+00:00\",\"dateModified\":\"2025-02-25T07:52:07+00:00\",\"description\":\"Office des C\u00e9r\u00e9ales\",\"breadcrumb\":{\"@id\":\"https:\/\/www.oc.com.tn\/fr\/visite-de-travail-aux-emirats-arabes-unis\/#breadcrumb\"},\"inLanguage\":\"fr-FR\",\"potentialAction\":[{\"@type\":\"ReadAction\",\"target\":[\"https:\/\/www.oc.com.tn\/fr\/visite-de-travail-aux-emirats-arabes-unis\/\"]}]},{\"@type\":\"ImageObject\",\"inLanguage\":\"fr-FR\",\"@id\":\"https:\/\/www.oc.com.tn\/fr\/visite-de-travail-aux-emirats-arabes-unis\/#primaryimage\",\"url\":\"https:\/\/www.oc.com.tn\/wp-content\/uploads\/2025\/02\/d5.jpg\",\"contentUrl\":\"https:\/\/www.oc.com.tn\/wp-content\/uploads\/2025\/02\/d5.jpg\",\"width\":1386,\"height\":925},{\"@type\":\"BreadcrumbList\",\"@id\":\"https:\/\/www.oc.com.tn\/fr\/visite-de-travail-aux-emirats-arabes-unis\/#breadcrumb\",\"itemListElement\":[{\"@type\":\"ListItem\",\"position\":1,\"name\":\"Accueil\",\"item\":\"https:\/\/www.oc.com.tn\/fr\/\"},{\"@type\":\"ListItem\",\"position\":2,\"name\":\"Visite de travail aux \u00c9mirats arabes unis\"}]},{\"@type\":\"WebSite\",\"@id\":\"https:\/\/www.oc.com.tn\/fr\/#website\",\"url\":\"https:\/\/www.oc.com.tn\/fr\/\",\"name\":\"Office des C\u00e9r\u00e9ales - Tunisie\",\"description\":\"Office des C\u00e9r\u00e9ales - Tunisie\",\"publisher\":{\"@id\":\"https:\/\/www.oc.com.tn\/fr\/#organization\"},\"alternateName\":\"Office des C\u00e9r\u00e9ales - Tunisie\",\"potentialAction\":[{\"@type\":\"SearchAction\",\"target\":{\"@type\":\"EntryPoint\",\"urlTemplate\":\"https:\/\/www.oc.com.tn\/fr\/?s={search_term_string}\"},\"query-input\":{\"@type\":\"PropertyValueSpecification\",\"valueRequired\":true,\"valueName\":\"search_term_string\"}}],\"inLanguage\":\"fr-FR\"},{\"@type\":\"Organization\",\"@id\":\"https:\/\/www.oc.com.tn\/fr\/#organization\",\"name\":\"Office des C\u00e9r\u00e9ales - Tunisie\",\"url\":\"https:\/\/www.oc.com.tn\/fr\/\",\"logo\":{\"@type\":\"ImageObject\",\"inLanguage\":\"fr-FR\",\"@id\":\"https:\/\/www.oc.com.tn\/fr\/#\/schema\/logo\/image\/\",\"url\":\"https:\/\/www.oc.com.tn\/wp-content\/uploads\/2020\/07\/Logo.png\",\"contentUrl\":\"https:\/\/www.oc.com.tn\/wp-content\/uploads\/2020\/07\/Logo.png\",\"width\":47,\"height\":74,\"caption\":\"Office des C\u00e9r\u00e9ales - Tunisie\"},\"image\":{\"@id\":\"https:\/\/www.oc.com.tn\/fr\/#\/schema\/logo\/image\/\"},\"sameAs\":[\"https:\/\/www.facebook.com\/profile.php?id=100069933501880\"]},{\"@type\":\"Person\",\"@id\":\"https:\/\/www.oc.com.tn\/fr\/#\/schema\/person\/bf94285c5ffd6ac109db665f9e4cc047\",\"name\":\"sami belezzi\",\"image\":{\"@type\":\"ImageObject\",\"inLanguage\":\"fr-FR\",\"@id\":\"https:\/\/www.oc.com.tn\/fr\/#\/schema\/person\/image\/\",\"url\":\"https:\/\/secure.gravatar.com\/avatar\/e3dd0a40533272e7df68dcc7598e85c566c44756658420c976d9f111328b3bb2?s=96&d=mm&r=g\",\"contentUrl\":\"https:\/\/secure.gravatar.com\/avatar\/e3dd0a40533272e7df68dcc7598e85c566c44756658420c976d9f111328b3bb2?s=96&d=mm&r=g\",\"caption\":\"sami belezzi\"},\"url\":\"https:\/\/www.oc.com.tn\/fr\/author\/adminoc\/\"}]}<\/script>\n<!-- \/ Yoast SEO plugin. -->","yoast_head_json":{"title":"Visite de travail aux \u00c9mirats arabes unis - Office des C\u00e9r\u00e9ales - Tunisie","description":"Office des C\u00e9r\u00e9ales","robots":{"index":"index","follow":"follow","max-snippet":"max-snippet:-1","max-image-preview":"max-image-preview:large","max-video-preview":"max-video-preview:-1"},"canonical":"https:\/\/www.oc.com.tn\/fr\/visite-de-travail-aux-emirats-arabes-unis\/","og_locale":"fr_FR","og_type":"article","og_title":"Visite de travail aux \u00c9mirats arabes unis - Office des C\u00e9r\u00e9ales - Tunisie","og_description":"Office des C\u00e9r\u00e9ales","og_url":"https:\/\/www.oc.com.tn\/fr\/visite-de-travail-aux-emirats-arabes-unis\/","og_site_name":"Office des C\u00e9r\u00e9ales - Tunisie","article_publisher":"https:\/\/www.facebook.com\/profile.php?id=100069933501880","article_published_time":"2025-02-24T16:00:00+00:00","article_modified_time":"2025-02-25T07:52:07+00:00","og_image":[{"width":1386,"height":925,"url":"https:\/\/www.oc.com.tn\/wp-content\/uploads\/2025\/02\/d5.jpg","type":"image\/jpeg"}],"author":"sami belezzi","twitter_card":"summary_large_image","twitter_misc":{"\u00c9crit par":"sami belezzi","Dur\u00e9e de lecture estim\u00e9e":"1 minute"},"schema":{"@context":"https:\/\/schema.org","@graph":[{"@type":"Article","@id":"https:\/\/www.oc.com.tn\/fr\/visite-de-travail-aux-emirats-arabes-unis\/#article","isPartOf":{"@id":"https:\/\/www.oc.com.tn\/fr\/visite-de-travail-aux-emirats-arabes-unis\/"},"author":{"name":"sami belezzi","@id":"https:\/\/www.oc.com.tn\/fr\/#\/schema\/person\/bf94285c5ffd6ac109db665f9e4cc047"},"headline":"Visite de travail aux \u00c9mirats arabes unis","datePublished":"2025-02-24T16:00:00+00:00","dateModified":"2025-02-25T07:52:07+00:00","mainEntityOfPage":{"@id":"https:\/\/www.oc.com.tn\/fr\/visite-de-travail-aux-emirats-arabes-unis\/"},"wordCount":257,"publisher":{"@id":"https:\/\/www.oc.com.tn\/fr\/#organization"},"image":{"@id":"https:\/\/www.oc.com.tn\/fr\/visite-de-travail-aux-emirats-arabes-unis\/#primaryimage"},"thumbnailUrl":"https:\/\/www.oc.com.tn\/wp-content\/uploads\/2025\/02\/d5.jpg","articleSection":["Actualit\u00e9s"],"inLanguage":"fr-FR"},{"@type":"WebPage","@id":"https:\/\/www.oc.com.tn\/fr\/visite-de-travail-aux-emirats-arabes-unis\/","url":"https:\/\/www.oc.com.tn\/fr\/visite-de-travail-aux-emirats-arabes-unis\/","name":"Visite de travail aux \u00c9mirats arabes unis - Office des C\u00e9r\u00e9ales - Tunisie","isPartOf":{"@id":"https:\/\/www.oc.com.tn\/fr\/#website"},"primaryImageOfPage":{"@id":"https:\/\/www.oc.com.tn\/fr\/visite-de-travail-aux-emirats-arabes-unis\/#primaryimage"},"image":{"@id":"https:\/\/www.oc.com.tn\/fr\/visite-de-travail-aux-emirats-arabes-unis\/#primaryimage"},"thumbnailUrl":"https:\/\/www.oc.com.tn\/wp-content\/uploads\/2025\/02\/d5.jpg","datePublished":"2025-02-24T16:00:00+00:00","dateModified":"2025-02-25T07:52:07+00:00","description":"Office des C\u00e9r\u00e9ales","breadcrumb":{"@id":"https:\/\/www.oc.com.tn\/fr\/visite-de-travail-aux-emirats-arabes-unis\/#breadcrumb"},"inLanguage":"fr-FR","potentialAction":[{"@type":"ReadAction","target":["https:\/\/www.oc.com.tn\/fr\/visite-de-travail-aux-emirats-arabes-unis\/"]}]},{"@type":"ImageObject","inLanguage":"fr-FR","@id":"https:\/\/www.oc.com.tn\/fr\/visite-de-travail-aux-emirats-arabes-unis\/#primaryimage","url":"https:\/\/www.oc.com.tn\/wp-content\/uploads\/2025\/02\/d5.jpg","contentUrl":"https:\/\/www.oc.com.tn\/wp-content\/uploads\/2025\/02\/d5.jpg","width":1386,"height":925},{"@type":"BreadcrumbList","@id":"https:\/\/www.oc.com.tn\/fr\/visite-de-travail-aux-emirats-arabes-unis\/#breadcrumb","itemListElement":[{"@type":"ListItem","position":1,"name":"Accueil","item":"https:\/\/www.oc.com.tn\/fr\/"},{"@type":"ListItem","position":2,"name":"Visite de travail aux \u00c9mirats arabes unis"}]},{"@type":"WebSite","@id":"https:\/\/www.oc.com.tn\/fr\/#website","url":"https:\/\/www.oc.com.tn\/fr\/","name":"Office des C\u00e9r\u00e9ales - Tunisie","description":"Office des C\u00e9r\u00e9ales - Tunisie","publisher":{"@id":"https:\/\/www.oc.com.tn\/fr\/#organization"},"alternateName":"Office des C\u00e9r\u00e9ales - Tunisie","potentialAction":[{"@type":"SearchAction","target":{"@type":"EntryPoint","urlTemplate":"https:\/\/www.oc.com.tn\/fr\/?s={search_term_string}"},"query-input":{"@type":"PropertyValueSpecification","valueRequired":true,"valueName":"search_term_string"}}],"inLanguage":"fr-FR"},{"@type":"Organization","@id":"https:\/\/www.oc.com.tn\/fr\/#organization","name":"Office des C\u00e9r\u00e9ales - Tunisie","url":"https:\/\/www.oc.com.tn\/fr\/","logo":{"@type":"ImageObject","inLanguage":"fr-FR","@id":"https:\/\/www.oc.com.tn\/fr\/#\/schema\/logo\/image\/","url":"https:\/\/www.oc.com.tn\/wp-content\/uploads\/2020\/07\/Logo.png","contentUrl":"https:\/\/www.oc.com.tn\/wp-content\/uploads\/2020\/07\/Logo.png","width":47,"height":74,"caption":"Office des C\u00e9r\u00e9ales - Tunisie"},"image":{"@id":"https:\/\/www.oc.com.tn\/fr\/#\/schema\/logo\/image\/"},"sameAs":["https:\/\/www.facebook.com\/profile.php?id=100069933501880"]},{"@type":"Person","@id":"https:\/\/www.oc.com.tn\/fr\/#\/schema\/person\/bf94285c5ffd6ac109db665f9e4cc047","name":"sami belezzi","image":{"@type":"ImageObject","inLanguage":"fr-FR","@id":"https:\/\/www.oc.com.tn\/fr\/#\/schema\/person\/image\/","url":"https:\/\/secure.gravatar.com\/avatar\/e3dd0a40533272e7df68dcc7598e85c566c44756658420c976d9f111328b3bb2?s=96&d=mm&r=g","contentUrl":"https:\/\/secure.gravatar.com\/avatar\/e3dd0a40533272e7df68dcc7598e85c566c44756658420c976d9f111328b3bb2?s=96&d=mm&r=g","caption":"sami belezzi"},"url":"https:\/\/www.oc.com.tn\/fr\/author\/adminoc\/"}]}},"_links":{"self":[{"href":"https:\/\/www.oc.com.tn\/fr\/wp-json\/wp\/v2\/posts\/17019","targetHints":{"allow":["GET"]}}],"collection":[{"href":"https:\/\/www.oc.com.tn\/fr\/wp-json\/wp\/v2\/posts"}],"about":[{"href":"https:\/\/www.oc.com.tn\/fr\/wp-json\/wp\/v2\/types\/post"}],"author":[{"embeddable":true,"href":"https:\/\/www.oc.com.tn\/fr\/wp-json\/wp\/v2\/users\/9"}],"replies":[{"embeddable":true,"href":"https:\/\/www.oc.com.tn\/fr\/wp-json\/wp\/v2\/comments?post=17019"}],"version-history":[{"count":2,"href":"https:\/\/www.oc.com.tn\/fr\/wp-json\/wp\/v2\/posts\/17019\/revisions"}],"predecessor-version":[{"id":17049,"href":"https:\/\/www.oc.com.tn\/fr\/wp-json\/wp\/v2\/posts\/17019\/revisions\/17049"}],"wp:featuredmedia":[{"embeddable":true,"href":"https:\/\/www.oc.com.tn\/fr\/wp-json\/wp\/v2\/media\/17032"}],"wp:attachment":[{"href":"https:\/\/www.oc.com.tn\/fr\/wp-json\/wp\/v2\/media?parent=17019"}],"wp:term":[{"taxonomy":"category","embeddable":true,"href":"https:\/\/www.oc.com.tn\/fr\/wp-json\/wp\/v2\/categories?post=17019"},{"taxonomy":"post_tag","embeddable":true,"href":"https:\/\/www.oc.com.tn\/fr\/wp-json\/wp\/v2\/tags?post=17019"}],"curies":[{"name":"wp","href":"https:\/\/api.w.org\/{rel}","templated":true}]}}