

{"id":16799,"date":"2025-01-29T15:38:15","date_gmt":"2025-01-29T14:38:15","guid":{"rendered":"https:\/\/www.oc.com.tn\/?p=16799"},"modified":"2025-01-29T15:38:19","modified_gmt":"2025-01-29T14:38:19","slug":"reunion-de-travail-avec-les-membres-de-la-banque-europeenne-pour-la-reconstruction-et-le-developpement-berd","status":"publish","type":"post","link":"https:\/\/www.oc.com.tn\/fr\/reunion-de-travail-avec-les-membres-de-la-banque-europeenne-pour-la-reconstruction-et-le-developpement-berd\/","title":{"rendered":"REUNION DE TRAVAIL AVEC LES MEMBRES DE LA BANQUE EUROPEENNE POUR LA RECONSTRUCTION ET LE DEVELOPPEMENT ( BERD)"},"content":{"rendered":"\n<p>Une r\u00e9union de travail s\u2019est tenue le lundi 27 janvier 2025 au si\u00e8ge de l\u2019Office des C\u00e9r\u00e9ales en pr\u00e9sence des membres de la Banque Europ\u00e9enne pour la Reconstruction et le D\u00e9veloppement (BERD) et du cabinet de consulting DELOITTE et&nbsp; ce dans le cadre du projet d\u2019accompagnement \u00e0 la restructuration de l\u2019Office des C\u00e9r\u00e9ales, intitul\u00e9e \u00ab&nbsp;Advisory and capacity building for corporate level improvement\u2019s in governance,standard and practices for offices des c\u00e9r\u00e9ales&nbsp;\u00bb, qui s\u2019articule autour des trois composantes suivantes&nbsp;:<\/p>\n\n\n\n<ul class=\"wp-block-list\">\n<li>Composante 1\u00a0: Am\u00e9lioration des pratiques d\u2019approvisionnement en c\u00e9r\u00e9ales, de gestion des risques et de gestion financi\u00e8res (y compris la transition des normes comptables de l\u2019OC vers les IFRS et l\u2019\u00e9laboration d\u2019un cadre de gestion des risques)<\/li>\n\n\n\n<li>Composante 2\u00a0:\u00a0 Appui \u00e0 la transformation num\u00e9rique de l\u2019Office des C\u00e9r\u00e9ales par le biais d\u2019une \u00e9valuation de sa maturit\u00e9<\/li>\n\n\n\n<li>Composante 3\u00a0: Renforcement de la gouvernance d\u2019entreprise et de l\u2019organisation interne de l\u2019Office de C\u00e9r\u00e9ales, y compris l\u2019int\u00e9gration de la dimension de genre.<\/li>\n<\/ul>\n\n\n\n<p>Cette r\u00e9union avait pour objectifs la validation des plans de mise en \u0153uvre et le planning de l\u2019impl\u00e9mentation des mini projets en cours ainsi que la programmation des sessions de formations assur\u00e9es par DELOITTE pour le renforcement des comp\u00e9tences des agents de l\u2019Office des C\u00e9r\u00e9ales<\/p>\n\n\n\n<figure class=\"wp-block-gallery has-nested-images columns-default is-cropped wp-block-gallery-1 is-layout-flex wp-block-gallery-is-layout-flex\">\n<figure class=\"wp-block-image size-large\"><img fetchpriority=\"high\" decoding=\"async\" width=\"945\" height=\"456\" data-id=\"16806\" src=\"https:\/\/www.oc.com.tn\/wp-content\/uploads\/2025\/01\/image-18.png\" alt=\"\" class=\"wp-image-16806\" srcset=\"https:\/\/www.oc.com.tn\/wp-content\/uploads\/2025\/01\/image-18.png 945w, https:\/\/www.oc.com.tn\/wp-content\/uploads\/2025\/01\/image-18-300x145.png 300w, https:\/\/www.oc.com.tn\/wp-content\/uploads\/2025\/01\/image-18-768x371.png 768w, https:\/\/www.oc.com.tn\/wp-content\/uploads\/2025\/01\/image-18-730x352.png 730w\" sizes=\"(max-width: 945px) 100vw, 945px\" \/><\/figure>\n\n\n\n<figure class=\"wp-block-image size-large\"><img decoding=\"async\" width=\"946\" height=\"486\" data-id=\"16803\" data-src=\"https:\/\/www.oc.com.tn\/wp-content\/uploads\/2025\/01\/image-17.png\" alt=\"\" class=\"wp-image-16803 lazyload\" data-srcset=\"https:\/\/www.oc.com.tn\/wp-content\/uploads\/2025\/01\/image-17.png 946w, https:\/\/www.oc.com.tn\/wp-content\/uploads\/2025\/01\/image-17-300x154.png 300w, https:\/\/www.oc.com.tn\/wp-content\/uploads\/2025\/01\/image-17-768x395.png 768w, https:\/\/www.oc.com.tn\/wp-content\/uploads\/2025\/01\/image-17-730x375.png 730w\" data-sizes=\"(max-width: 946px) 100vw, 946px\" src=\"data:image\/svg+xml;base64,PHN2ZyB3aWR0aD0iMSIgaGVpZ2h0PSIxIiB4bWxucz0iaHR0cDovL3d3dy53My5vcmcvMjAwMC9zdmciPjwvc3ZnPg==\" style=\"--smush-placeholder-width: 946px; --smush-placeholder-aspect-ratio: 946\/486;\" \/><\/figure>\n<\/figure>\n","protected":false},"excerpt":{"rendered":"<p>Une r\u00e9union de travail s\u2019est tenue le lundi 27 janvier 2025 au si\u00e8ge de l\u2019Office des C\u00e9r\u00e9ales en pr\u00e9sence des membres de la Banque Europ\u00e9enne pour la Reconstruction et le D\u00e9veloppement (BERD) et du cabinet de consulting DELOITTE et&nbsp; ce dans le cadre du projet d\u2019accompagnement \u00e0 la restructuration de l\u2019Office des C\u00e9r\u00e9ales, intitul\u00e9e \u00ab&nbsp;Advisory [&hellip;]<\/p>\n","protected":false},"author":5,"featured_media":16800,"comment_status":"closed","ping_status":"open","sticky":false,"template":"","format":"standard","meta":{"_monsterinsights_skip_tracking":false,"_monsterinsights_sitenote_active":false,"_monsterinsights_sitenote_note":"","_monsterinsights_sitenote_category":0,"footnotes":""},"categories":[98],"tags":[],"class_list":["post-16799","post","type-post","status-publish","format-standard","has-post-thumbnail","hentry","category-actualites"],"yoast_head":"<!-- This site is optimized with the Yoast SEO plugin v25.5 - https:\/\/yoast.com\/wordpress\/plugins\/seo\/ -->\n<title>REUNION DE TRAVAIL AVEC LES MEMBRES DE LA BANQUE EUROPEENNE POUR LA RECONSTRUCTION ET LE DEVELOPPEMENT ( BERD) - Office des C\u00e9r\u00e9ales - Tunisie<\/title>\n<meta name=\"description\" content=\"Office des C\u00e9r\u00e9ales\" \/>\n<meta name=\"robots\" content=\"index, follow, max-snippet:-1, max-image-preview:large, max-video-preview:-1\" \/>\n<link rel=\"canonical\" href=\"https:\/\/www.oc.com.tn\/fr\/reunion-de-travail-avec-les-membres-de-la-banque-europeenne-pour-la-reconstruction-et-le-developpement-berd\/\" \/>\n<meta property=\"og:locale\" content=\"fr_FR\" \/>\n<meta property=\"og:type\" content=\"article\" \/>\n<meta property=\"og:title\" content=\"REUNION DE TRAVAIL AVEC LES MEMBRES DE LA BANQUE EUROPEENNE POUR LA RECONSTRUCTION ET LE DEVELOPPEMENT ( BERD) - Office des C\u00e9r\u00e9ales - Tunisie\" \/>\n<meta property=\"og:description\" content=\"Office des C\u00e9r\u00e9ales\" \/>\n<meta property=\"og:url\" content=\"https:\/\/www.oc.com.tn\/fr\/reunion-de-travail-avec-les-membres-de-la-banque-europeenne-pour-la-reconstruction-et-le-developpement-berd\/\" \/>\n<meta property=\"og:site_name\" content=\"Office des C\u00e9r\u00e9ales - Tunisie\" \/>\n<meta property=\"article:publisher\" content=\"https:\/\/www.facebook.com\/profile.php?id=100069933501880\" \/>\n<meta property=\"article:published_time\" content=\"2025-01-29T14:38:15+00:00\" \/>\n<meta property=\"article:modified_time\" content=\"2025-01-29T14:38:19+00:00\" \/>\n<meta property=\"og:image\" content=\"https:\/\/www.oc.com.tn\/wp-content\/uploads\/2025\/01\/image-16.png\" \/>\n\t<meta property=\"og:image:width\" content=\"947\" \/>\n\t<meta property=\"og:image:height\" content=\"416\" \/>\n\t<meta property=\"og:image:type\" content=\"image\/png\" \/>\n<meta name=\"author\" content=\"tender\" \/>\n<meta name=\"twitter:card\" content=\"summary_large_image\" \/>\n<meta name=\"twitter:label1\" content=\"\u00c9crit par\" \/>\n\t<meta name=\"twitter:data1\" content=\"tender\" \/>\n\t<meta name=\"twitter:label2\" content=\"Dur\u00e9e de lecture estim\u00e9e\" \/>\n\t<meta name=\"twitter:data2\" content=\"1 minute\" \/>\n<script type=\"application\/ld+json\" class=\"yoast-schema-graph\">{\"@context\":\"https:\/\/schema.org\",\"@graph\":[{\"@type\":\"Article\",\"@id\":\"https:\/\/www.oc.com.tn\/fr\/reunion-de-travail-avec-les-membres-de-la-banque-europeenne-pour-la-reconstruction-et-le-developpement-berd\/#article\",\"isPartOf\":{\"@id\":\"https:\/\/www.oc.com.tn\/fr\/reunion-de-travail-avec-les-membres-de-la-banque-europeenne-pour-la-reconstruction-et-le-developpement-berd\/\"},\"author\":{\"name\":\"tender\",\"@id\":\"https:\/\/www.oc.com.tn\/fr\/#\/schema\/person\/7d67e98c12dbea10942a0f7988e7f7ac\"},\"headline\":\"REUNION DE TRAVAIL AVEC LES MEMBRES DE LA BANQUE EUROPEENNE POUR LA RECONSTRUCTION ET LE DEVELOPPEMENT ( BERD)\",\"datePublished\":\"2025-01-29T14:38:15+00:00\",\"dateModified\":\"2025-01-29T14:38:19+00:00\",\"mainEntityOfPage\":{\"@id\":\"https:\/\/www.oc.com.tn\/fr\/reunion-de-travail-avec-les-membres-de-la-banque-europeenne-pour-la-reconstruction-et-le-developpement-berd\/\"},\"wordCount\":261,\"publisher\":{\"@id\":\"https:\/\/www.oc.com.tn\/fr\/#organization\"},\"image\":{\"@id\":\"https:\/\/www.oc.com.tn\/fr\/reunion-de-travail-avec-les-membres-de-la-banque-europeenne-pour-la-reconstruction-et-le-developpement-berd\/#primaryimage\"},\"thumbnailUrl\":\"https:\/\/www.oc.com.tn\/wp-content\/uploads\/2025\/01\/image-16.png\",\"articleSection\":[\"Actualit\u00e9s\"],\"inLanguage\":\"fr-FR\"},{\"@type\":\"WebPage\",\"@id\":\"https:\/\/www.oc.com.tn\/fr\/reunion-de-travail-avec-les-membres-de-la-banque-europeenne-pour-la-reconstruction-et-le-developpement-berd\/\",\"url\":\"https:\/\/www.oc.com.tn\/fr\/reunion-de-travail-avec-les-membres-de-la-banque-europeenne-pour-la-reconstruction-et-le-developpement-berd\/\",\"name\":\"REUNION DE TRAVAIL AVEC LES MEMBRES DE LA BANQUE EUROPEENNE POUR LA RECONSTRUCTION ET LE DEVELOPPEMENT ( BERD) - Office des C\u00e9r\u00e9ales - Tunisie\",\"isPartOf\":{\"@id\":\"https:\/\/www.oc.com.tn\/fr\/#website\"},\"primaryImageOfPage\":{\"@id\":\"https:\/\/www.oc.com.tn\/fr\/reunion-de-travail-avec-les-membres-de-la-banque-europeenne-pour-la-reconstruction-et-le-developpement-berd\/#primaryimage\"},\"image\":{\"@id\":\"https:\/\/www.oc.com.tn\/fr\/reunion-de-travail-avec-les-membres-de-la-banque-europeenne-pour-la-reconstruction-et-le-developpement-berd\/#primaryimage\"},\"thumbnailUrl\":\"https:\/\/www.oc.com.tn\/wp-content\/uploads\/2025\/01\/image-16.png\",\"datePublished\":\"2025-01-29T14:38:15+00:00\",\"dateModified\":\"2025-01-29T14:38:19+00:00\",\"description\":\"Office des C\u00e9r\u00e9ales\",\"breadcrumb\":{\"@id\":\"https:\/\/www.oc.com.tn\/fr\/reunion-de-travail-avec-les-membres-de-la-banque-europeenne-pour-la-reconstruction-et-le-developpement-berd\/#breadcrumb\"},\"inLanguage\":\"fr-FR\",\"potentialAction\":[{\"@type\":\"ReadAction\",\"target\":[\"https:\/\/www.oc.com.tn\/fr\/reunion-de-travail-avec-les-membres-de-la-banque-europeenne-pour-la-reconstruction-et-le-developpement-berd\/\"]}]},{\"@type\":\"ImageObject\",\"inLanguage\":\"fr-FR\",\"@id\":\"https:\/\/www.oc.com.tn\/fr\/reunion-de-travail-avec-les-membres-de-la-banque-europeenne-pour-la-reconstruction-et-le-developpement-berd\/#primaryimage\",\"url\":\"https:\/\/www.oc.com.tn\/wp-content\/uploads\/2025\/01\/image-16.png\",\"contentUrl\":\"https:\/\/www.oc.com.tn\/wp-content\/uploads\/2025\/01\/image-16.png\",\"width\":947,\"height\":416},{\"@type\":\"BreadcrumbList\",\"@id\":\"https:\/\/www.oc.com.tn\/fr\/reunion-de-travail-avec-les-membres-de-la-banque-europeenne-pour-la-reconstruction-et-le-developpement-berd\/#breadcrumb\",\"itemListElement\":[{\"@type\":\"ListItem\",\"position\":1,\"name\":\"Accueil\",\"item\":\"https:\/\/www.oc.com.tn\/fr\/\"},{\"@type\":\"ListItem\",\"position\":2,\"name\":\"REUNION DE TRAVAIL AVEC LES MEMBRES DE LA BANQUE EUROPEENNE POUR LA RECONSTRUCTION ET LE DEVELOPPEMENT ( BERD)\"}]},{\"@type\":\"WebSite\",\"@id\":\"https:\/\/www.oc.com.tn\/fr\/#website\",\"url\":\"https:\/\/www.oc.com.tn\/fr\/\",\"name\":\"Office des C\u00e9r\u00e9ales - Tunisie\",\"description\":\"Office des C\u00e9r\u00e9ales - Tunisie\",\"publisher\":{\"@id\":\"https:\/\/www.oc.com.tn\/fr\/#organization\"},\"alternateName\":\"Office des C\u00e9r\u00e9ales - Tunisie\",\"potentialAction\":[{\"@type\":\"SearchAction\",\"target\":{\"@type\":\"EntryPoint\",\"urlTemplate\":\"https:\/\/www.oc.com.tn\/fr\/?s={search_term_string}\"},\"query-input\":{\"@type\":\"PropertyValueSpecification\",\"valueRequired\":true,\"valueName\":\"search_term_string\"}}],\"inLanguage\":\"fr-FR\"},{\"@type\":\"Organization\",\"@id\":\"https:\/\/www.oc.com.tn\/fr\/#organization\",\"name\":\"Office des C\u00e9r\u00e9ales - Tunisie\",\"url\":\"https:\/\/www.oc.com.tn\/fr\/\",\"logo\":{\"@type\":\"ImageObject\",\"inLanguage\":\"fr-FR\",\"@id\":\"https:\/\/www.oc.com.tn\/fr\/#\/schema\/logo\/image\/\",\"url\":\"https:\/\/www.oc.com.tn\/wp-content\/uploads\/2020\/07\/Logo.png\",\"contentUrl\":\"https:\/\/www.oc.com.tn\/wp-content\/uploads\/2020\/07\/Logo.png\",\"width\":47,\"height\":74,\"caption\":\"Office des C\u00e9r\u00e9ales - Tunisie\"},\"image\":{\"@id\":\"https:\/\/www.oc.com.tn\/fr\/#\/schema\/logo\/image\/\"},\"sameAs\":[\"https:\/\/www.facebook.com\/profile.php?id=100069933501880\"]},{\"@type\":\"Person\",\"@id\":\"https:\/\/www.oc.com.tn\/fr\/#\/schema\/person\/7d67e98c12dbea10942a0f7988e7f7ac\",\"name\":\"tender\",\"image\":{\"@type\":\"ImageObject\",\"inLanguage\":\"fr-FR\",\"@id\":\"https:\/\/www.oc.com.tn\/fr\/#\/schema\/person\/image\/\",\"url\":\"https:\/\/secure.gravatar.com\/avatar\/61d83a4ac29a23ca8e4f6724b2138881ea510fe08034853f92679db97b103b3d?s=96&d=mm&r=g\",\"contentUrl\":\"https:\/\/secure.gravatar.com\/avatar\/61d83a4ac29a23ca8e4f6724b2138881ea510fe08034853f92679db97b103b3d?s=96&d=mm&r=g\",\"caption\":\"tender\"},\"url\":\"https:\/\/www.oc.com.tn\/fr\/author\/tender\/\"}]}<\/script>\n<!-- \/ Yoast SEO plugin. -->","yoast_head_json":{"title":"REUNION DE TRAVAIL AVEC LES MEMBRES DE LA BANQUE EUROPEENNE POUR LA RECONSTRUCTION ET LE DEVELOPPEMENT ( BERD) - Office des C\u00e9r\u00e9ales - Tunisie","description":"Office des C\u00e9r\u00e9ales","robots":{"index":"index","follow":"follow","max-snippet":"max-snippet:-1","max-image-preview":"max-image-preview:large","max-video-preview":"max-video-preview:-1"},"canonical":"https:\/\/www.oc.com.tn\/fr\/reunion-de-travail-avec-les-membres-de-la-banque-europeenne-pour-la-reconstruction-et-le-developpement-berd\/","og_locale":"fr_FR","og_type":"article","og_title":"REUNION DE TRAVAIL AVEC LES MEMBRES DE LA BANQUE EUROPEENNE POUR LA RECONSTRUCTION ET LE DEVELOPPEMENT ( BERD) - Office des C\u00e9r\u00e9ales - Tunisie","og_description":"Office des C\u00e9r\u00e9ales","og_url":"https:\/\/www.oc.com.tn\/fr\/reunion-de-travail-avec-les-membres-de-la-banque-europeenne-pour-la-reconstruction-et-le-developpement-berd\/","og_site_name":"Office des C\u00e9r\u00e9ales - Tunisie","article_publisher":"https:\/\/www.facebook.com\/profile.php?id=100069933501880","article_published_time":"2025-01-29T14:38:15+00:00","article_modified_time":"2025-01-29T14:38:19+00:00","og_image":[{"width":947,"height":416,"url":"https:\/\/www.oc.com.tn\/wp-content\/uploads\/2025\/01\/image-16.png","type":"image\/png"}],"author":"tender","twitter_card":"summary_large_image","twitter_misc":{"\u00c9crit par":"tender","Dur\u00e9e de lecture estim\u00e9e":"1 minute"},"schema":{"@context":"https:\/\/schema.org","@graph":[{"@type":"Article","@id":"https:\/\/www.oc.com.tn\/fr\/reunion-de-travail-avec-les-membres-de-la-banque-europeenne-pour-la-reconstruction-et-le-developpement-berd\/#article","isPartOf":{"@id":"https:\/\/www.oc.com.tn\/fr\/reunion-de-travail-avec-les-membres-de-la-banque-europeenne-pour-la-reconstruction-et-le-developpement-berd\/"},"author":{"name":"tender","@id":"https:\/\/www.oc.com.tn\/fr\/#\/schema\/person\/7d67e98c12dbea10942a0f7988e7f7ac"},"headline":"REUNION DE TRAVAIL AVEC LES MEMBRES DE LA BANQUE EUROPEENNE POUR LA RECONSTRUCTION ET LE DEVELOPPEMENT ( BERD)","datePublished":"2025-01-29T14:38:15+00:00","dateModified":"2025-01-29T14:38:19+00:00","mainEntityOfPage":{"@id":"https:\/\/www.oc.com.tn\/fr\/reunion-de-travail-avec-les-membres-de-la-banque-europeenne-pour-la-reconstruction-et-le-developpement-berd\/"},"wordCount":261,"publisher":{"@id":"https:\/\/www.oc.com.tn\/fr\/#organization"},"image":{"@id":"https:\/\/www.oc.com.tn\/fr\/reunion-de-travail-avec-les-membres-de-la-banque-europeenne-pour-la-reconstruction-et-le-developpement-berd\/#primaryimage"},"thumbnailUrl":"https:\/\/www.oc.com.tn\/wp-content\/uploads\/2025\/01\/image-16.png","articleSection":["Actualit\u00e9s"],"inLanguage":"fr-FR"},{"@type":"WebPage","@id":"https:\/\/www.oc.com.tn\/fr\/reunion-de-travail-avec-les-membres-de-la-banque-europeenne-pour-la-reconstruction-et-le-developpement-berd\/","url":"https:\/\/www.oc.com.tn\/fr\/reunion-de-travail-avec-les-membres-de-la-banque-europeenne-pour-la-reconstruction-et-le-developpement-berd\/","name":"REUNION DE TRAVAIL AVEC LES MEMBRES DE LA BANQUE EUROPEENNE POUR LA RECONSTRUCTION ET LE DEVELOPPEMENT ( BERD) - Office des C\u00e9r\u00e9ales - Tunisie","isPartOf":{"@id":"https:\/\/www.oc.com.tn\/fr\/#website"},"primaryImageOfPage":{"@id":"https:\/\/www.oc.com.tn\/fr\/reunion-de-travail-avec-les-membres-de-la-banque-europeenne-pour-la-reconstruction-et-le-developpement-berd\/#primaryimage"},"image":{"@id":"https:\/\/www.oc.com.tn\/fr\/reunion-de-travail-avec-les-membres-de-la-banque-europeenne-pour-la-reconstruction-et-le-developpement-berd\/#primaryimage"},"thumbnailUrl":"https:\/\/www.oc.com.tn\/wp-content\/uploads\/2025\/01\/image-16.png","datePublished":"2025-01-29T14:38:15+00:00","dateModified":"2025-01-29T14:38:19+00:00","description":"Office des C\u00e9r\u00e9ales","breadcrumb":{"@id":"https:\/\/www.oc.com.tn\/fr\/reunion-de-travail-avec-les-membres-de-la-banque-europeenne-pour-la-reconstruction-et-le-developpement-berd\/#breadcrumb"},"inLanguage":"fr-FR","potentialAction":[{"@type":"ReadAction","target":["https:\/\/www.oc.com.tn\/fr\/reunion-de-travail-avec-les-membres-de-la-banque-europeenne-pour-la-reconstruction-et-le-developpement-berd\/"]}]},{"@type":"ImageObject","inLanguage":"fr-FR","@id":"https:\/\/www.oc.com.tn\/fr\/reunion-de-travail-avec-les-membres-de-la-banque-europeenne-pour-la-reconstruction-et-le-developpement-berd\/#primaryimage","url":"https:\/\/www.oc.com.tn\/wp-content\/uploads\/2025\/01\/image-16.png","contentUrl":"https:\/\/www.oc.com.tn\/wp-content\/uploads\/2025\/01\/image-16.png","width":947,"height":416},{"@type":"BreadcrumbList","@id":"https:\/\/www.oc.com.tn\/fr\/reunion-de-travail-avec-les-membres-de-la-banque-europeenne-pour-la-reconstruction-et-le-developpement-berd\/#breadcrumb","itemListElement":[{"@type":"ListItem","position":1,"name":"Accueil","item":"https:\/\/www.oc.com.tn\/fr\/"},{"@type":"ListItem","position":2,"name":"REUNION DE TRAVAIL AVEC LES MEMBRES DE LA BANQUE EUROPEENNE POUR LA RECONSTRUCTION ET LE DEVELOPPEMENT ( BERD)"}]},{"@type":"WebSite","@id":"https:\/\/www.oc.com.tn\/fr\/#website","url":"https:\/\/www.oc.com.tn\/fr\/","name":"Office des C\u00e9r\u00e9ales - Tunisie","description":"Office des C\u00e9r\u00e9ales - Tunisie","publisher":{"@id":"https:\/\/www.oc.com.tn\/fr\/#organization"},"alternateName":"Office des C\u00e9r\u00e9ales - Tunisie","potentialAction":[{"@type":"SearchAction","target":{"@type":"EntryPoint","urlTemplate":"https:\/\/www.oc.com.tn\/fr\/?s={search_term_string}"},"query-input":{"@type":"PropertyValueSpecification","valueRequired":true,"valueName":"search_term_string"}}],"inLanguage":"fr-FR"},{"@type":"Organization","@id":"https:\/\/www.oc.com.tn\/fr\/#organization","name":"Office des C\u00e9r\u00e9ales - Tunisie","url":"https:\/\/www.oc.com.tn\/fr\/","logo":{"@type":"ImageObject","inLanguage":"fr-FR","@id":"https:\/\/www.oc.com.tn\/fr\/#\/schema\/logo\/image\/","url":"https:\/\/www.oc.com.tn\/wp-content\/uploads\/2020\/07\/Logo.png","contentUrl":"https:\/\/www.oc.com.tn\/wp-content\/uploads\/2020\/07\/Logo.png","width":47,"height":74,"caption":"Office des C\u00e9r\u00e9ales - Tunisie"},"image":{"@id":"https:\/\/www.oc.com.tn\/fr\/#\/schema\/logo\/image\/"},"sameAs":["https:\/\/www.facebook.com\/profile.php?id=100069933501880"]},{"@type":"Person","@id":"https:\/\/www.oc.com.tn\/fr\/#\/schema\/person\/7d67e98c12dbea10942a0f7988e7f7ac","name":"tender","image":{"@type":"ImageObject","inLanguage":"fr-FR","@id":"https:\/\/www.oc.com.tn\/fr\/#\/schema\/person\/image\/","url":"https:\/\/secure.gravatar.com\/avatar\/61d83a4ac29a23ca8e4f6724b2138881ea510fe08034853f92679db97b103b3d?s=96&d=mm&r=g","contentUrl":"https:\/\/secure.gravatar.com\/avatar\/61d83a4ac29a23ca8e4f6724b2138881ea510fe08034853f92679db97b103b3d?s=96&d=mm&r=g","caption":"tender"},"url":"https:\/\/www.oc.com.tn\/fr\/author\/tender\/"}]}},"_links":{"self":[{"href":"https:\/\/www.oc.com.tn\/fr\/wp-json\/wp\/v2\/posts\/16799","targetHints":{"allow":["GET"]}}],"collection":[{"href":"https:\/\/www.oc.com.tn\/fr\/wp-json\/wp\/v2\/posts"}],"about":[{"href":"https:\/\/www.oc.com.tn\/fr\/wp-json\/wp\/v2\/types\/post"}],"author":[{"embeddable":true,"href":"https:\/\/www.oc.com.tn\/fr\/wp-json\/wp\/v2\/users\/5"}],"replies":[{"embeddable":true,"href":"https:\/\/www.oc.com.tn\/fr\/wp-json\/wp\/v2\/comments?post=16799"}],"version-history":[{"count":1,"href":"https:\/\/www.oc.com.tn\/fr\/wp-json\/wp\/v2\/posts\/16799\/revisions"}],"predecessor-version":[{"id":16809,"href":"https:\/\/www.oc.com.tn\/fr\/wp-json\/wp\/v2\/posts\/16799\/revisions\/16809"}],"wp:featuredmedia":[{"embeddable":true,"href":"https:\/\/www.oc.com.tn\/fr\/wp-json\/wp\/v2\/media\/16800"}],"wp:attachment":[{"href":"https:\/\/www.oc.com.tn\/fr\/wp-json\/wp\/v2\/media?parent=16799"}],"wp:term":[{"taxonomy":"category","embeddable":true,"href":"https:\/\/www.oc.com.tn\/fr\/wp-json\/wp\/v2\/categories?post=16799"},{"taxonomy":"post_tag","embeddable":true,"href":"https:\/\/www.oc.com.tn\/fr\/wp-json\/wp\/v2\/tags?post=16799"}],"curies":[{"name":"wp","href":"https:\/\/api.w.org\/{rel}","templated":true}]}}