

{"id":16748,"date":"2025-01-23T16:08:35","date_gmt":"2025-01-23T15:08:35","guid":{"rendered":"https:\/\/www.oc.com.tn\/?p=16748"},"modified":"2025-01-23T16:08:39","modified_gmt":"2025-01-23T15:08:39","slug":"preparation-de-la-saison-de-collecte-2025","status":"publish","type":"post","link":"https:\/\/www.oc.com.tn\/fr\/preparation-de-la-saison-de-collecte-2025\/","title":{"rendered":"Pr\u00e9paration de la saison de collecte 2025"},"content":{"rendered":"\n<p>Dans le cadre de la pr\u00e9paration de la collecte 2025, une s\u00e9ance de travail s\u2019est tenue le mercredi 22 janvier 2025 au si\u00e8ge de l\u2019Office des C\u00e9r\u00e9ales sous la supervision de madame la Pr\u00e9sidente Directrice G\u00e9n\u00e9rale et en pr\u00e9sence des collecteurs priv\u00e9s et de certains cadres et responsables de l\u2019Office. La r\u00e9union a port\u00e9 essentiellement sur les diff\u00e9rentes \u00e9tapes de la pr\u00e9paration de la collecte \u00e0 savoir les aspects juridiques, logistiques et financiers. Madame la Pr\u00e9sidente Directrice G\u00e9n\u00e9rale a mis aussi l\u2019accent sur l\u2019importance \u00e0 ce que les centres de collecte soient pr\u00eats dans les d\u00e9lais afin \u00a0que l\u2019Office puisse recevoir les c\u00e9r\u00e9ales collect\u00e9es dans les meilleures conditions. Enfin de r\u00e9union elle a invit\u00e9 tous les collecteurs de leur cot\u00e9 \u00e0 bien se pr\u00e9parer pour prot\u00e9ger les c\u00e9r\u00e9ales collect\u00e9es.<\/p>\n\n\n\n<figure class=\"wp-block-gallery has-nested-images columns-default is-cropped wp-block-gallery-1 is-layout-flex wp-block-gallery-is-layout-flex\">\n<figure class=\"wp-block-image size-large\"><img fetchpriority=\"high\" decoding=\"async\" width=\"945\" height=\"636\" data-id=\"16752\" src=\"https:\/\/www.oc.com.tn\/wp-content\/uploads\/2025\/01\/image-9.png\" alt=\"\" class=\"wp-image-16752\" srcset=\"https:\/\/www.oc.com.tn\/wp-content\/uploads\/2025\/01\/image-9.png 945w, https:\/\/www.oc.com.tn\/wp-content\/uploads\/2025\/01\/image-9-300x202.png 300w, https:\/\/www.oc.com.tn\/wp-content\/uploads\/2025\/01\/image-9-768x517.png 768w, https:\/\/www.oc.com.tn\/wp-content\/uploads\/2025\/01\/image-9-730x491.png 730w\" sizes=\"(max-width: 945px) 100vw, 945px\" \/><\/figure>\n\n\n\n<figure class=\"wp-block-image size-large\"><img decoding=\"async\" width=\"945\" height=\"633\" data-id=\"16749\" data-src=\"https:\/\/www.oc.com.tn\/wp-content\/uploads\/2025\/01\/image-8.png\" alt=\"\" class=\"wp-image-16749 lazyload\" data-srcset=\"https:\/\/www.oc.com.tn\/wp-content\/uploads\/2025\/01\/image-8.png 945w, https:\/\/www.oc.com.tn\/wp-content\/uploads\/2025\/01\/image-8-300x201.png 300w, https:\/\/www.oc.com.tn\/wp-content\/uploads\/2025\/01\/image-8-768x514.png 768w, https:\/\/www.oc.com.tn\/wp-content\/uploads\/2025\/01\/image-8-730x489.png 730w\" data-sizes=\"(max-width: 945px) 100vw, 945px\" src=\"data:image\/svg+xml;base64,PHN2ZyB3aWR0aD0iMSIgaGVpZ2h0PSIxIiB4bWxucz0iaHR0cDovL3d3dy53My5vcmcvMjAwMC9zdmciPjwvc3ZnPg==\" style=\"--smush-placeholder-width: 945px; --smush-placeholder-aspect-ratio: 945\/633;\" \/><\/figure>\n<\/figure>\n","protected":false},"excerpt":{"rendered":"<p>Dans le cadre de la pr\u00e9paration de la collecte 2025, une s\u00e9ance de travail s\u2019est tenue le mercredi 22 janvier 2025 au si\u00e8ge de l\u2019Office des C\u00e9r\u00e9ales sous la supervision de madame la Pr\u00e9sidente Directrice G\u00e9n\u00e9rale et en pr\u00e9sence des collecteurs priv\u00e9s et de certains cadres et responsables de l\u2019Office. La r\u00e9union a port\u00e9 essentiellement [&hellip;]<\/p>\n","protected":false},"author":5,"featured_media":16755,"comment_status":"closed","ping_status":"open","sticky":false,"template":"","format":"standard","meta":{"_monsterinsights_skip_tracking":false,"_monsterinsights_sitenote_active":false,"_monsterinsights_sitenote_note":"","_monsterinsights_sitenote_category":0,"footnotes":""},"categories":[98],"tags":[],"class_list":["post-16748","post","type-post","status-publish","format-standard","has-post-thumbnail","hentry","category-actualites"],"yoast_head":"<!-- This site is optimized with the Yoast SEO plugin v25.5 - https:\/\/yoast.com\/wordpress\/plugins\/seo\/ -->\n<title>Pr\u00e9paration de la saison de collecte 2025 - Office des C\u00e9r\u00e9ales - Tunisie<\/title>\n<meta name=\"description\" content=\"Office des C\u00e9r\u00e9ales\" \/>\n<meta name=\"robots\" content=\"index, follow, max-snippet:-1, max-image-preview:large, max-video-preview:-1\" \/>\n<link rel=\"canonical\" href=\"https:\/\/www.oc.com.tn\/fr\/preparation-de-la-saison-de-collecte-2025\/\" \/>\n<meta property=\"og:locale\" content=\"fr_FR\" \/>\n<meta property=\"og:type\" content=\"article\" \/>\n<meta property=\"og:title\" content=\"Pr\u00e9paration de la saison de collecte 2025 - Office des C\u00e9r\u00e9ales - Tunisie\" \/>\n<meta property=\"og:description\" content=\"Office des C\u00e9r\u00e9ales\" \/>\n<meta property=\"og:url\" content=\"https:\/\/www.oc.com.tn\/fr\/preparation-de-la-saison-de-collecte-2025\/\" \/>\n<meta property=\"og:site_name\" content=\"Office des C\u00e9r\u00e9ales - Tunisie\" \/>\n<meta property=\"article:publisher\" content=\"https:\/\/www.facebook.com\/profile.php?id=100069933501880\" \/>\n<meta property=\"article:published_time\" content=\"2025-01-23T15:08:35+00:00\" \/>\n<meta property=\"article:modified_time\" content=\"2025-01-23T15:08:39+00:00\" \/>\n<meta property=\"og:image\" content=\"https:\/\/www.oc.com.tn\/wp-content\/uploads\/2025\/01\/image-10.png\" \/>\n\t<meta property=\"og:image:width\" content=\"945\" \/>\n\t<meta property=\"og:image:height\" content=\"664\" \/>\n\t<meta property=\"og:image:type\" content=\"image\/png\" \/>\n<meta name=\"author\" content=\"tender\" \/>\n<meta name=\"twitter:card\" content=\"summary_large_image\" \/>\n<meta name=\"twitter:label1\" content=\"\u00c9crit par\" \/>\n\t<meta name=\"twitter:data1\" content=\"tender\" \/>\n\t<meta name=\"twitter:label2\" content=\"Dur\u00e9e de lecture estim\u00e9e\" \/>\n\t<meta name=\"twitter:data2\" content=\"1 minute\" \/>\n<script type=\"application\/ld+json\" class=\"yoast-schema-graph\">{\"@context\":\"https:\/\/schema.org\",\"@graph\":[{\"@type\":\"Article\",\"@id\":\"https:\/\/www.oc.com.tn\/fr\/preparation-de-la-saison-de-collecte-2025\/#article\",\"isPartOf\":{\"@id\":\"https:\/\/www.oc.com.tn\/fr\/preparation-de-la-saison-de-collecte-2025\/\"},\"author\":{\"name\":\"tender\",\"@id\":\"https:\/\/www.oc.com.tn\/fr\/#\/schema\/person\/7d67e98c12dbea10942a0f7988e7f7ac\"},\"headline\":\"Pr\u00e9paration de la saison de collecte 2025\",\"datePublished\":\"2025-01-23T15:08:35+00:00\",\"dateModified\":\"2025-01-23T15:08:39+00:00\",\"mainEntityOfPage\":{\"@id\":\"https:\/\/www.oc.com.tn\/fr\/preparation-de-la-saison-de-collecte-2025\/\"},\"wordCount\":163,\"publisher\":{\"@id\":\"https:\/\/www.oc.com.tn\/fr\/#organization\"},\"image\":{\"@id\":\"https:\/\/www.oc.com.tn\/fr\/preparation-de-la-saison-de-collecte-2025\/#primaryimage\"},\"thumbnailUrl\":\"https:\/\/www.oc.com.tn\/wp-content\/uploads\/2025\/01\/image-10.png\",\"articleSection\":[\"Actualit\u00e9s\"],\"inLanguage\":\"fr-FR\"},{\"@type\":\"WebPage\",\"@id\":\"https:\/\/www.oc.com.tn\/fr\/preparation-de-la-saison-de-collecte-2025\/\",\"url\":\"https:\/\/www.oc.com.tn\/fr\/preparation-de-la-saison-de-collecte-2025\/\",\"name\":\"Pr\u00e9paration de la saison de collecte 2025 - Office des C\u00e9r\u00e9ales - Tunisie\",\"isPartOf\":{\"@id\":\"https:\/\/www.oc.com.tn\/fr\/#website\"},\"primaryImageOfPage\":{\"@id\":\"https:\/\/www.oc.com.tn\/fr\/preparation-de-la-saison-de-collecte-2025\/#primaryimage\"},\"image\":{\"@id\":\"https:\/\/www.oc.com.tn\/fr\/preparation-de-la-saison-de-collecte-2025\/#primaryimage\"},\"thumbnailUrl\":\"https:\/\/www.oc.com.tn\/wp-content\/uploads\/2025\/01\/image-10.png\",\"datePublished\":\"2025-01-23T15:08:35+00:00\",\"dateModified\":\"2025-01-23T15:08:39+00:00\",\"description\":\"Office des C\u00e9r\u00e9ales\",\"breadcrumb\":{\"@id\":\"https:\/\/www.oc.com.tn\/fr\/preparation-de-la-saison-de-collecte-2025\/#breadcrumb\"},\"inLanguage\":\"fr-FR\",\"potentialAction\":[{\"@type\":\"ReadAction\",\"target\":[\"https:\/\/www.oc.com.tn\/fr\/preparation-de-la-saison-de-collecte-2025\/\"]}]},{\"@type\":\"ImageObject\",\"inLanguage\":\"fr-FR\",\"@id\":\"https:\/\/www.oc.com.tn\/fr\/preparation-de-la-saison-de-collecte-2025\/#primaryimage\",\"url\":\"https:\/\/www.oc.com.tn\/wp-content\/uploads\/2025\/01\/image-10.png\",\"contentUrl\":\"https:\/\/www.oc.com.tn\/wp-content\/uploads\/2025\/01\/image-10.png\",\"width\":945,\"height\":664},{\"@type\":\"BreadcrumbList\",\"@id\":\"https:\/\/www.oc.com.tn\/fr\/preparation-de-la-saison-de-collecte-2025\/#breadcrumb\",\"itemListElement\":[{\"@type\":\"ListItem\",\"position\":1,\"name\":\"Accueil\",\"item\":\"https:\/\/www.oc.com.tn\/fr\/\"},{\"@type\":\"ListItem\",\"position\":2,\"name\":\"Pr\u00e9paration de la saison de collecte 2025\"}]},{\"@type\":\"WebSite\",\"@id\":\"https:\/\/www.oc.com.tn\/fr\/#website\",\"url\":\"https:\/\/www.oc.com.tn\/fr\/\",\"name\":\"Office des C\u00e9r\u00e9ales - Tunisie\",\"description\":\"Office des C\u00e9r\u00e9ales - Tunisie\",\"publisher\":{\"@id\":\"https:\/\/www.oc.com.tn\/fr\/#organization\"},\"alternateName\":\"Office des C\u00e9r\u00e9ales - Tunisie\",\"potentialAction\":[{\"@type\":\"SearchAction\",\"target\":{\"@type\":\"EntryPoint\",\"urlTemplate\":\"https:\/\/www.oc.com.tn\/fr\/?s={search_term_string}\"},\"query-input\":{\"@type\":\"PropertyValueSpecification\",\"valueRequired\":true,\"valueName\":\"search_term_string\"}}],\"inLanguage\":\"fr-FR\"},{\"@type\":\"Organization\",\"@id\":\"https:\/\/www.oc.com.tn\/fr\/#organization\",\"name\":\"Office des C\u00e9r\u00e9ales - Tunisie\",\"url\":\"https:\/\/www.oc.com.tn\/fr\/\",\"logo\":{\"@type\":\"ImageObject\",\"inLanguage\":\"fr-FR\",\"@id\":\"https:\/\/www.oc.com.tn\/fr\/#\/schema\/logo\/image\/\",\"url\":\"https:\/\/www.oc.com.tn\/wp-content\/uploads\/2020\/07\/Logo.png\",\"contentUrl\":\"https:\/\/www.oc.com.tn\/wp-content\/uploads\/2020\/07\/Logo.png\",\"width\":47,\"height\":74,\"caption\":\"Office des C\u00e9r\u00e9ales - Tunisie\"},\"image\":{\"@id\":\"https:\/\/www.oc.com.tn\/fr\/#\/schema\/logo\/image\/\"},\"sameAs\":[\"https:\/\/www.facebook.com\/profile.php?id=100069933501880\"]},{\"@type\":\"Person\",\"@id\":\"https:\/\/www.oc.com.tn\/fr\/#\/schema\/person\/7d67e98c12dbea10942a0f7988e7f7ac\",\"name\":\"tender\",\"image\":{\"@type\":\"ImageObject\",\"inLanguage\":\"fr-FR\",\"@id\":\"https:\/\/www.oc.com.tn\/fr\/#\/schema\/person\/image\/\",\"url\":\"https:\/\/secure.gravatar.com\/avatar\/61d83a4ac29a23ca8e4f6724b2138881ea510fe08034853f92679db97b103b3d?s=96&d=mm&r=g\",\"contentUrl\":\"https:\/\/secure.gravatar.com\/avatar\/61d83a4ac29a23ca8e4f6724b2138881ea510fe08034853f92679db97b103b3d?s=96&d=mm&r=g\",\"caption\":\"tender\"},\"url\":\"https:\/\/www.oc.com.tn\/fr\/author\/tender\/\"}]}<\/script>\n<!-- \/ Yoast SEO plugin. -->","yoast_head_json":{"title":"Pr\u00e9paration de la saison de collecte 2025 - Office des C\u00e9r\u00e9ales - Tunisie","description":"Office des C\u00e9r\u00e9ales","robots":{"index":"index","follow":"follow","max-snippet":"max-snippet:-1","max-image-preview":"max-image-preview:large","max-video-preview":"max-video-preview:-1"},"canonical":"https:\/\/www.oc.com.tn\/fr\/preparation-de-la-saison-de-collecte-2025\/","og_locale":"fr_FR","og_type":"article","og_title":"Pr\u00e9paration de la saison de collecte 2025 - Office des C\u00e9r\u00e9ales - Tunisie","og_description":"Office des C\u00e9r\u00e9ales","og_url":"https:\/\/www.oc.com.tn\/fr\/preparation-de-la-saison-de-collecte-2025\/","og_site_name":"Office des C\u00e9r\u00e9ales - Tunisie","article_publisher":"https:\/\/www.facebook.com\/profile.php?id=100069933501880","article_published_time":"2025-01-23T15:08:35+00:00","article_modified_time":"2025-01-23T15:08:39+00:00","og_image":[{"width":945,"height":664,"url":"https:\/\/www.oc.com.tn\/wp-content\/uploads\/2025\/01\/image-10.png","type":"image\/png"}],"author":"tender","twitter_card":"summary_large_image","twitter_misc":{"\u00c9crit par":"tender","Dur\u00e9e de lecture estim\u00e9e":"1 minute"},"schema":{"@context":"https:\/\/schema.org","@graph":[{"@type":"Article","@id":"https:\/\/www.oc.com.tn\/fr\/preparation-de-la-saison-de-collecte-2025\/#article","isPartOf":{"@id":"https:\/\/www.oc.com.tn\/fr\/preparation-de-la-saison-de-collecte-2025\/"},"author":{"name":"tender","@id":"https:\/\/www.oc.com.tn\/fr\/#\/schema\/person\/7d67e98c12dbea10942a0f7988e7f7ac"},"headline":"Pr\u00e9paration de la saison de collecte 2025","datePublished":"2025-01-23T15:08:35+00:00","dateModified":"2025-01-23T15:08:39+00:00","mainEntityOfPage":{"@id":"https:\/\/www.oc.com.tn\/fr\/preparation-de-la-saison-de-collecte-2025\/"},"wordCount":163,"publisher":{"@id":"https:\/\/www.oc.com.tn\/fr\/#organization"},"image":{"@id":"https:\/\/www.oc.com.tn\/fr\/preparation-de-la-saison-de-collecte-2025\/#primaryimage"},"thumbnailUrl":"https:\/\/www.oc.com.tn\/wp-content\/uploads\/2025\/01\/image-10.png","articleSection":["Actualit\u00e9s"],"inLanguage":"fr-FR"},{"@type":"WebPage","@id":"https:\/\/www.oc.com.tn\/fr\/preparation-de-la-saison-de-collecte-2025\/","url":"https:\/\/www.oc.com.tn\/fr\/preparation-de-la-saison-de-collecte-2025\/","name":"Pr\u00e9paration de la saison de collecte 2025 - Office des C\u00e9r\u00e9ales - Tunisie","isPartOf":{"@id":"https:\/\/www.oc.com.tn\/fr\/#website"},"primaryImageOfPage":{"@id":"https:\/\/www.oc.com.tn\/fr\/preparation-de-la-saison-de-collecte-2025\/#primaryimage"},"image":{"@id":"https:\/\/www.oc.com.tn\/fr\/preparation-de-la-saison-de-collecte-2025\/#primaryimage"},"thumbnailUrl":"https:\/\/www.oc.com.tn\/wp-content\/uploads\/2025\/01\/image-10.png","datePublished":"2025-01-23T15:08:35+00:00","dateModified":"2025-01-23T15:08:39+00:00","description":"Office des C\u00e9r\u00e9ales","breadcrumb":{"@id":"https:\/\/www.oc.com.tn\/fr\/preparation-de-la-saison-de-collecte-2025\/#breadcrumb"},"inLanguage":"fr-FR","potentialAction":[{"@type":"ReadAction","target":["https:\/\/www.oc.com.tn\/fr\/preparation-de-la-saison-de-collecte-2025\/"]}]},{"@type":"ImageObject","inLanguage":"fr-FR","@id":"https:\/\/www.oc.com.tn\/fr\/preparation-de-la-saison-de-collecte-2025\/#primaryimage","url":"https:\/\/www.oc.com.tn\/wp-content\/uploads\/2025\/01\/image-10.png","contentUrl":"https:\/\/www.oc.com.tn\/wp-content\/uploads\/2025\/01\/image-10.png","width":945,"height":664},{"@type":"BreadcrumbList","@id":"https:\/\/www.oc.com.tn\/fr\/preparation-de-la-saison-de-collecte-2025\/#breadcrumb","itemListElement":[{"@type":"ListItem","position":1,"name":"Accueil","item":"https:\/\/www.oc.com.tn\/fr\/"},{"@type":"ListItem","position":2,"name":"Pr\u00e9paration de la saison de collecte 2025"}]},{"@type":"WebSite","@id":"https:\/\/www.oc.com.tn\/fr\/#website","url":"https:\/\/www.oc.com.tn\/fr\/","name":"Office des C\u00e9r\u00e9ales - Tunisie","description":"Office des C\u00e9r\u00e9ales - Tunisie","publisher":{"@id":"https:\/\/www.oc.com.tn\/fr\/#organization"},"alternateName":"Office des C\u00e9r\u00e9ales - Tunisie","potentialAction":[{"@type":"SearchAction","target":{"@type":"EntryPoint","urlTemplate":"https:\/\/www.oc.com.tn\/fr\/?s={search_term_string}"},"query-input":{"@type":"PropertyValueSpecification","valueRequired":true,"valueName":"search_term_string"}}],"inLanguage":"fr-FR"},{"@type":"Organization","@id":"https:\/\/www.oc.com.tn\/fr\/#organization","name":"Office des C\u00e9r\u00e9ales - Tunisie","url":"https:\/\/www.oc.com.tn\/fr\/","logo":{"@type":"ImageObject","inLanguage":"fr-FR","@id":"https:\/\/www.oc.com.tn\/fr\/#\/schema\/logo\/image\/","url":"https:\/\/www.oc.com.tn\/wp-content\/uploads\/2020\/07\/Logo.png","contentUrl":"https:\/\/www.oc.com.tn\/wp-content\/uploads\/2020\/07\/Logo.png","width":47,"height":74,"caption":"Office des C\u00e9r\u00e9ales - Tunisie"},"image":{"@id":"https:\/\/www.oc.com.tn\/fr\/#\/schema\/logo\/image\/"},"sameAs":["https:\/\/www.facebook.com\/profile.php?id=100069933501880"]},{"@type":"Person","@id":"https:\/\/www.oc.com.tn\/fr\/#\/schema\/person\/7d67e98c12dbea10942a0f7988e7f7ac","name":"tender","image":{"@type":"ImageObject","inLanguage":"fr-FR","@id":"https:\/\/www.oc.com.tn\/fr\/#\/schema\/person\/image\/","url":"https:\/\/secure.gravatar.com\/avatar\/61d83a4ac29a23ca8e4f6724b2138881ea510fe08034853f92679db97b103b3d?s=96&d=mm&r=g","contentUrl":"https:\/\/secure.gravatar.com\/avatar\/61d83a4ac29a23ca8e4f6724b2138881ea510fe08034853f92679db97b103b3d?s=96&d=mm&r=g","caption":"tender"},"url":"https:\/\/www.oc.com.tn\/fr\/author\/tender\/"}]}},"_links":{"self":[{"href":"https:\/\/www.oc.com.tn\/fr\/wp-json\/wp\/v2\/posts\/16748","targetHints":{"allow":["GET"]}}],"collection":[{"href":"https:\/\/www.oc.com.tn\/fr\/wp-json\/wp\/v2\/posts"}],"about":[{"href":"https:\/\/www.oc.com.tn\/fr\/wp-json\/wp\/v2\/types\/post"}],"author":[{"embeddable":true,"href":"https:\/\/www.oc.com.tn\/fr\/wp-json\/wp\/v2\/users\/5"}],"replies":[{"embeddable":true,"href":"https:\/\/www.oc.com.tn\/fr\/wp-json\/wp\/v2\/comments?post=16748"}],"version-history":[{"count":1,"href":"https:\/\/www.oc.com.tn\/fr\/wp-json\/wp\/v2\/posts\/16748\/revisions"}],"predecessor-version":[{"id":16758,"href":"https:\/\/www.oc.com.tn\/fr\/wp-json\/wp\/v2\/posts\/16748\/revisions\/16758"}],"wp:featuredmedia":[{"embeddable":true,"href":"https:\/\/www.oc.com.tn\/fr\/wp-json\/wp\/v2\/media\/16755"}],"wp:attachment":[{"href":"https:\/\/www.oc.com.tn\/fr\/wp-json\/wp\/v2\/media?parent=16748"}],"wp:term":[{"taxonomy":"category","embeddable":true,"href":"https:\/\/www.oc.com.tn\/fr\/wp-json\/wp\/v2\/categories?post=16748"},{"taxonomy":"post_tag","embeddable":true,"href":"https:\/\/www.oc.com.tn\/fr\/wp-json\/wp\/v2\/tags?post=16748"}],"curies":[{"name":"wp","href":"https:\/\/api.w.org\/{rel}","templated":true}]}}