

{"id":16661,"date":"2025-01-22T15:10:00","date_gmt":"2025-01-22T14:10:00","guid":{"rendered":"https:\/\/www.oc.com.tn\/?p=16661"},"modified":"2025-01-22T15:10:05","modified_gmt":"2025-01-22T14:10:05","slug":"visite-de-travail-aux-gouvernorats-de-tozeur-et-kebili","status":"publish","type":"post","link":"https:\/\/www.oc.com.tn\/fr\/visite-de-travail-aux-gouvernorats-de-tozeur-et-kebili\/","title":{"rendered":"Visite de travail aux Gouvernorats de Tozeur et Kebili"},"content":{"rendered":"\n<p>Dans le cadre du suivi de l\u2019activit\u00e9 des circonscriptions r\u00e9gionales de l\u2019Office des c\u00e9r\u00e9ales, la Pr\u00e9sidente Directrice G\u00e9n\u00e9rale a effectu\u00e9 le vendredi 17 janvier 2025 une visite de travail dans les Gouvernorats de Kebili et de Tozeur. Cette visite a d\u00e9but\u00e9 par une s\u00e9ance de travail au si\u00e8ge du Gouvernorat de Kebili en pr\u00e9sence Monsieur le Secr\u00e9taire G\u00e9n\u00e9ral du gouvernorat, cette r\u00e9union &nbsp;a port\u00e9 essentiellement sur la distribution de l\u2019orge et du son et aussi d\u2019\u00e9tudier la possibilit\u00e9&nbsp; d\u2019augmenter la quantit\u00e9 du son destin\u00e9e au gouvernorat de Kebili en raison de la sp\u00e9cificit\u00e9 de la r\u00e9gion et de la demande des \u00e9leveurs.<\/p>\n\n\n\n<p>Ensuite la Pr\u00e9sidente Directrice G\u00e9n\u00e9rale s\u2019est rendue au si\u00e8ge de la Direction R\u00e9gionale de l\u2019Office \u00e0 K\u00e9bili ou elle a rencontr\u00e9 le personnel de l\u2019administration et \u00e9couter leur pr\u00e9occupation. Au cours de l\u2019apr\u00e8s-midi, elle s\u2019est d\u00e9plac\u00e9e au gouvernorat de Tozeur ou elle a eu un entretien avec monsieur le gouverneur de la r\u00e9gion. Il a \u00e9t\u00e9 discut\u00e9 des besoins des agriculteurs de la r\u00e9gion des produits de l\u2019orge et du son.<\/p>\n\n\n\n<figure class=\"wp-block-gallery has-nested-images columns-default is-cropped wp-block-gallery-1 is-layout-flex wp-block-gallery-is-layout-flex\">\n<figure class=\"wp-block-image size-large\"><img fetchpriority=\"high\" decoding=\"async\" width=\"1024\" height=\"683\" data-id=\"16680\" src=\"https:\/\/www.oc.com.tn\/wp-content\/uploads\/2025\/01\/7-1024x683.jpg\" alt=\"\" class=\"wp-image-16680\" srcset=\"https:\/\/www.oc.com.tn\/wp-content\/uploads\/2025\/01\/7-1024x683.jpg 1024w, https:\/\/www.oc.com.tn\/wp-content\/uploads\/2025\/01\/7-300x200.jpg 300w, https:\/\/www.oc.com.tn\/wp-content\/uploads\/2025\/01\/7-768x513.jpg 768w, https:\/\/www.oc.com.tn\/wp-content\/uploads\/2025\/01\/7-730x487.jpg 730w, https:\/\/www.oc.com.tn\/wp-content\/uploads\/2025\/01\/7-1070x714.jpg 1070w, https:\/\/www.oc.com.tn\/wp-content\/uploads\/2025\/01\/7.jpg 1386w\" sizes=\"(max-width: 1024px) 100vw, 1024px\" \/><\/figure>\n\n\n\n<figure class=\"wp-block-image size-large\"><img decoding=\"async\" width=\"592\" height=\"395\" data-id=\"16668\" data-src=\"https:\/\/www.oc.com.tn\/wp-content\/uploads\/2025\/01\/2-2.jpg\" alt=\"\" class=\"wp-image-16668 lazyload\" data-srcset=\"https:\/\/www.oc.com.tn\/wp-content\/uploads\/2025\/01\/2-2.jpg 592w, https:\/\/www.oc.com.tn\/wp-content\/uploads\/2025\/01\/2-2-300x200.jpg 300w\" data-sizes=\"(max-width: 592px) 100vw, 592px\" src=\"data:image\/svg+xml;base64,PHN2ZyB3aWR0aD0iMSIgaGVpZ2h0PSIxIiB4bWxucz0iaHR0cDovL3d3dy53My5vcmcvMjAwMC9zdmciPjwvc3ZnPg==\" style=\"--smush-placeholder-width: 592px; --smush-placeholder-aspect-ratio: 592\/395;\" \/><\/figure>\n\n\n\n<figure class=\"wp-block-image size-large\"><img decoding=\"async\" width=\"592\" height=\"395\" data-id=\"16665\" data-src=\"https:\/\/www.oc.com.tn\/wp-content\/uploads\/2025\/01\/3-2.jpg\" alt=\"\" class=\"wp-image-16665 lazyload\" data-srcset=\"https:\/\/www.oc.com.tn\/wp-content\/uploads\/2025\/01\/3-2.jpg 592w, https:\/\/www.oc.com.tn\/wp-content\/uploads\/2025\/01\/3-2-300x200.jpg 300w\" data-sizes=\"(max-width: 592px) 100vw, 592px\" src=\"data:image\/svg+xml;base64,PHN2ZyB3aWR0aD0iMSIgaGVpZ2h0PSIxIiB4bWxucz0iaHR0cDovL3d3dy53My5vcmcvMjAwMC9zdmciPjwvc3ZnPg==\" style=\"--smush-placeholder-width: 592px; --smush-placeholder-aspect-ratio: 592\/395;\" \/><\/figure>\n\n\n\n<figure class=\"wp-block-image size-large\"><img decoding=\"async\" width=\"593\" height=\"395\" data-id=\"16671\" data-src=\"https:\/\/www.oc.com.tn\/wp-content\/uploads\/2025\/01\/4-2.jpg\" alt=\"\" class=\"wp-image-16671 lazyload\" data-srcset=\"https:\/\/www.oc.com.tn\/wp-content\/uploads\/2025\/01\/4-2.jpg 593w, https:\/\/www.oc.com.tn\/wp-content\/uploads\/2025\/01\/4-2-300x200.jpg 300w\" data-sizes=\"(max-width: 593px) 100vw, 593px\" src=\"data:image\/svg+xml;base64,PHN2ZyB3aWR0aD0iMSIgaGVpZ2h0PSIxIiB4bWxucz0iaHR0cDovL3d3dy53My5vcmcvMjAwMC9zdmciPjwvc3ZnPg==\" style=\"--smush-placeholder-width: 593px; --smush-placeholder-aspect-ratio: 593\/395;\" \/><\/figure>\n\n\n\n<figure class=\"wp-block-image size-large\"><img decoding=\"async\" width=\"593\" height=\"395\" data-id=\"16674\" data-src=\"https:\/\/www.oc.com.tn\/wp-content\/uploads\/2025\/01\/5-2.jpg\" alt=\"\" class=\"wp-image-16674 lazyload\" data-srcset=\"https:\/\/www.oc.com.tn\/wp-content\/uploads\/2025\/01\/5-2.jpg 593w, https:\/\/www.oc.com.tn\/wp-content\/uploads\/2025\/01\/5-2-300x200.jpg 300w\" data-sizes=\"(max-width: 593px) 100vw, 593px\" src=\"data:image\/svg+xml;base64,PHN2ZyB3aWR0aD0iMSIgaGVpZ2h0PSIxIiB4bWxucz0iaHR0cDovL3d3dy53My5vcmcvMjAwMC9zdmciPjwvc3ZnPg==\" style=\"--smush-placeholder-width: 593px; --smush-placeholder-aspect-ratio: 593\/395;\" \/><\/figure>\n\n\n\n<figure class=\"wp-block-image size-large\"><img decoding=\"async\" width=\"1024\" height=\"683\" data-id=\"16677\" data-src=\"https:\/\/www.oc.com.tn\/wp-content\/uploads\/2025\/01\/6-2-1024x683.jpg\" alt=\"\" class=\"wp-image-16677 lazyload\" data-srcset=\"https:\/\/www.oc.com.tn\/wp-content\/uploads\/2025\/01\/6-2-1024x683.jpg 1024w, https:\/\/www.oc.com.tn\/wp-content\/uploads\/2025\/01\/6-2-300x200.jpg 300w, https:\/\/www.oc.com.tn\/wp-content\/uploads\/2025\/01\/6-2-768x513.jpg 768w, https:\/\/www.oc.com.tn\/wp-content\/uploads\/2025\/01\/6-2-730x487.jpg 730w, https:\/\/www.oc.com.tn\/wp-content\/uploads\/2025\/01\/6-2-1070x714.jpg 1070w, https:\/\/www.oc.com.tn\/wp-content\/uploads\/2025\/01\/6-2.jpg 1386w\" data-sizes=\"(max-width: 1024px) 100vw, 1024px\" src=\"data:image\/svg+xml;base64,PHN2ZyB3aWR0aD0iMSIgaGVpZ2h0PSIxIiB4bWxucz0iaHR0cDovL3d3dy53My5vcmcvMjAwMC9zdmciPjwvc3ZnPg==\" style=\"--smush-placeholder-width: 1024px; --smush-placeholder-aspect-ratio: 1024\/683;\" \/><\/figure>\n<\/figure>\n","protected":false},"excerpt":{"rendered":"<p>Dans le cadre du suivi de l\u2019activit\u00e9 des circonscriptions r\u00e9gionales de l\u2019Office des c\u00e9r\u00e9ales, la Pr\u00e9sidente Directrice G\u00e9n\u00e9rale a effectu\u00e9 le vendredi 17 janvier 2025 une visite de travail dans les Gouvernorats de Kebili et de Tozeur. Cette visite a d\u00e9but\u00e9 par une s\u00e9ance de travail au si\u00e8ge du Gouvernorat de Kebili en pr\u00e9sence Monsieur [&hellip;]<\/p>\n","protected":false},"author":5,"featured_media":16662,"comment_status":"closed","ping_status":"open","sticky":false,"template":"","format":"standard","meta":{"_monsterinsights_skip_tracking":false,"_monsterinsights_sitenote_active":false,"_monsterinsights_sitenote_note":"","_monsterinsights_sitenote_category":0,"footnotes":""},"categories":[98],"tags":[],"class_list":["post-16661","post","type-post","status-publish","format-standard","has-post-thumbnail","hentry","category-actualites"],"yoast_head":"<!-- This site is optimized with the Yoast SEO plugin v25.5 - https:\/\/yoast.com\/wordpress\/plugins\/seo\/ -->\n<title>Visite de travail aux Gouvernorats de Tozeur et Kebili - Office des C\u00e9r\u00e9ales - Tunisie<\/title>\n<meta name=\"description\" content=\"Office des C\u00e9r\u00e9ales\" \/>\n<meta name=\"robots\" content=\"index, follow, max-snippet:-1, max-image-preview:large, max-video-preview:-1\" \/>\n<link rel=\"canonical\" href=\"https:\/\/www.oc.com.tn\/fr\/visite-de-travail-aux-gouvernorats-de-tozeur-et-kebili\/\" \/>\n<meta property=\"og:locale\" content=\"fr_FR\" \/>\n<meta property=\"og:type\" content=\"article\" \/>\n<meta property=\"og:title\" content=\"Visite de travail aux Gouvernorats de Tozeur et Kebili - Office des C\u00e9r\u00e9ales - Tunisie\" \/>\n<meta property=\"og:description\" content=\"Office des C\u00e9r\u00e9ales\" \/>\n<meta property=\"og:url\" content=\"https:\/\/www.oc.com.tn\/fr\/visite-de-travail-aux-gouvernorats-de-tozeur-et-kebili\/\" \/>\n<meta property=\"og:site_name\" content=\"Office des C\u00e9r\u00e9ales - Tunisie\" \/>\n<meta property=\"article:publisher\" content=\"https:\/\/www.facebook.com\/profile.php?id=100069933501880\" \/>\n<meta property=\"article:published_time\" content=\"2025-01-22T14:10:00+00:00\" \/>\n<meta property=\"article:modified_time\" content=\"2025-01-22T14:10:05+00:00\" \/>\n<meta property=\"og:image\" content=\"https:\/\/www.oc.com.tn\/wp-content\/uploads\/2025\/01\/1-2.jpg\" \/>\n\t<meta property=\"og:image:width\" content=\"590\" \/>\n\t<meta property=\"og:image:height\" content=\"403\" \/>\n\t<meta property=\"og:image:type\" content=\"image\/jpeg\" \/>\n<meta name=\"author\" content=\"tender\" \/>\n<meta name=\"twitter:card\" content=\"summary_large_image\" \/>\n<meta name=\"twitter:label1\" content=\"\u00c9crit par\" \/>\n\t<meta name=\"twitter:data1\" content=\"tender\" \/>\n\t<meta name=\"twitter:label2\" content=\"Dur\u00e9e de lecture estim\u00e9e\" \/>\n\t<meta name=\"twitter:data2\" content=\"1 minute\" \/>\n<script type=\"application\/ld+json\" class=\"yoast-schema-graph\">{\"@context\":\"https:\/\/schema.org\",\"@graph\":[{\"@type\":\"Article\",\"@id\":\"https:\/\/www.oc.com.tn\/fr\/visite-de-travail-aux-gouvernorats-de-tozeur-et-kebili\/#article\",\"isPartOf\":{\"@id\":\"https:\/\/www.oc.com.tn\/fr\/visite-de-travail-aux-gouvernorats-de-tozeur-et-kebili\/\"},\"author\":{\"name\":\"tender\",\"@id\":\"https:\/\/www.oc.com.tn\/fr\/#\/schema\/person\/7d67e98c12dbea10942a0f7988e7f7ac\"},\"headline\":\"Visite de travail aux Gouvernorats de Tozeur et Kebili\",\"datePublished\":\"2025-01-22T14:10:00+00:00\",\"dateModified\":\"2025-01-22T14:10:05+00:00\",\"mainEntityOfPage\":{\"@id\":\"https:\/\/www.oc.com.tn\/fr\/visite-de-travail-aux-gouvernorats-de-tozeur-et-kebili\/\"},\"wordCount\":221,\"publisher\":{\"@id\":\"https:\/\/www.oc.com.tn\/fr\/#organization\"},\"image\":{\"@id\":\"https:\/\/www.oc.com.tn\/fr\/visite-de-travail-aux-gouvernorats-de-tozeur-et-kebili\/#primaryimage\"},\"thumbnailUrl\":\"https:\/\/www.oc.com.tn\/wp-content\/uploads\/2025\/01\/1-2.jpg\",\"articleSection\":[\"Actualit\u00e9s\"],\"inLanguage\":\"fr-FR\"},{\"@type\":\"WebPage\",\"@id\":\"https:\/\/www.oc.com.tn\/fr\/visite-de-travail-aux-gouvernorats-de-tozeur-et-kebili\/\",\"url\":\"https:\/\/www.oc.com.tn\/fr\/visite-de-travail-aux-gouvernorats-de-tozeur-et-kebili\/\",\"name\":\"Visite de travail aux Gouvernorats de Tozeur et Kebili - Office des C\u00e9r\u00e9ales - Tunisie\",\"isPartOf\":{\"@id\":\"https:\/\/www.oc.com.tn\/fr\/#website\"},\"primaryImageOfPage\":{\"@id\":\"https:\/\/www.oc.com.tn\/fr\/visite-de-travail-aux-gouvernorats-de-tozeur-et-kebili\/#primaryimage\"},\"image\":{\"@id\":\"https:\/\/www.oc.com.tn\/fr\/visite-de-travail-aux-gouvernorats-de-tozeur-et-kebili\/#primaryimage\"},\"thumbnailUrl\":\"https:\/\/www.oc.com.tn\/wp-content\/uploads\/2025\/01\/1-2.jpg\",\"datePublished\":\"2025-01-22T14:10:00+00:00\",\"dateModified\":\"2025-01-22T14:10:05+00:00\",\"description\":\"Office des C\u00e9r\u00e9ales\",\"breadcrumb\":{\"@id\":\"https:\/\/www.oc.com.tn\/fr\/visite-de-travail-aux-gouvernorats-de-tozeur-et-kebili\/#breadcrumb\"},\"inLanguage\":\"fr-FR\",\"potentialAction\":[{\"@type\":\"ReadAction\",\"target\":[\"https:\/\/www.oc.com.tn\/fr\/visite-de-travail-aux-gouvernorats-de-tozeur-et-kebili\/\"]}]},{\"@type\":\"ImageObject\",\"inLanguage\":\"fr-FR\",\"@id\":\"https:\/\/www.oc.com.tn\/fr\/visite-de-travail-aux-gouvernorats-de-tozeur-et-kebili\/#primaryimage\",\"url\":\"https:\/\/www.oc.com.tn\/wp-content\/uploads\/2025\/01\/1-2.jpg\",\"contentUrl\":\"https:\/\/www.oc.com.tn\/wp-content\/uploads\/2025\/01\/1-2.jpg\",\"width\":590,\"height\":403},{\"@type\":\"BreadcrumbList\",\"@id\":\"https:\/\/www.oc.com.tn\/fr\/visite-de-travail-aux-gouvernorats-de-tozeur-et-kebili\/#breadcrumb\",\"itemListElement\":[{\"@type\":\"ListItem\",\"position\":1,\"name\":\"Accueil\",\"item\":\"https:\/\/www.oc.com.tn\/fr\/\"},{\"@type\":\"ListItem\",\"position\":2,\"name\":\"Visite de travail aux Gouvernorats de Tozeur et Kebili\"}]},{\"@type\":\"WebSite\",\"@id\":\"https:\/\/www.oc.com.tn\/fr\/#website\",\"url\":\"https:\/\/www.oc.com.tn\/fr\/\",\"name\":\"Office des C\u00e9r\u00e9ales - Tunisie\",\"description\":\"Office des C\u00e9r\u00e9ales - Tunisie\",\"publisher\":{\"@id\":\"https:\/\/www.oc.com.tn\/fr\/#organization\"},\"alternateName\":\"Office des C\u00e9r\u00e9ales - Tunisie\",\"potentialAction\":[{\"@type\":\"SearchAction\",\"target\":{\"@type\":\"EntryPoint\",\"urlTemplate\":\"https:\/\/www.oc.com.tn\/fr\/?s={search_term_string}\"},\"query-input\":{\"@type\":\"PropertyValueSpecification\",\"valueRequired\":true,\"valueName\":\"search_term_string\"}}],\"inLanguage\":\"fr-FR\"},{\"@type\":\"Organization\",\"@id\":\"https:\/\/www.oc.com.tn\/fr\/#organization\",\"name\":\"Office des C\u00e9r\u00e9ales - Tunisie\",\"url\":\"https:\/\/www.oc.com.tn\/fr\/\",\"logo\":{\"@type\":\"ImageObject\",\"inLanguage\":\"fr-FR\",\"@id\":\"https:\/\/www.oc.com.tn\/fr\/#\/schema\/logo\/image\/\",\"url\":\"https:\/\/www.oc.com.tn\/wp-content\/uploads\/2020\/07\/Logo.png\",\"contentUrl\":\"https:\/\/www.oc.com.tn\/wp-content\/uploads\/2020\/07\/Logo.png\",\"width\":47,\"height\":74,\"caption\":\"Office des C\u00e9r\u00e9ales - Tunisie\"},\"image\":{\"@id\":\"https:\/\/www.oc.com.tn\/fr\/#\/schema\/logo\/image\/\"},\"sameAs\":[\"https:\/\/www.facebook.com\/profile.php?id=100069933501880\"]},{\"@type\":\"Person\",\"@id\":\"https:\/\/www.oc.com.tn\/fr\/#\/schema\/person\/7d67e98c12dbea10942a0f7988e7f7ac\",\"name\":\"tender\",\"image\":{\"@type\":\"ImageObject\",\"inLanguage\":\"fr-FR\",\"@id\":\"https:\/\/www.oc.com.tn\/fr\/#\/schema\/person\/image\/\",\"url\":\"https:\/\/secure.gravatar.com\/avatar\/61d83a4ac29a23ca8e4f6724b2138881ea510fe08034853f92679db97b103b3d?s=96&d=mm&r=g\",\"contentUrl\":\"https:\/\/secure.gravatar.com\/avatar\/61d83a4ac29a23ca8e4f6724b2138881ea510fe08034853f92679db97b103b3d?s=96&d=mm&r=g\",\"caption\":\"tender\"},\"url\":\"https:\/\/www.oc.com.tn\/fr\/author\/tender\/\"}]}<\/script>\n<!-- \/ Yoast SEO plugin. -->","yoast_head_json":{"title":"Visite de travail aux Gouvernorats de Tozeur et Kebili - Office des C\u00e9r\u00e9ales - Tunisie","description":"Office des C\u00e9r\u00e9ales","robots":{"index":"index","follow":"follow","max-snippet":"max-snippet:-1","max-image-preview":"max-image-preview:large","max-video-preview":"max-video-preview:-1"},"canonical":"https:\/\/www.oc.com.tn\/fr\/visite-de-travail-aux-gouvernorats-de-tozeur-et-kebili\/","og_locale":"fr_FR","og_type":"article","og_title":"Visite de travail aux Gouvernorats de Tozeur et Kebili - Office des C\u00e9r\u00e9ales - Tunisie","og_description":"Office des C\u00e9r\u00e9ales","og_url":"https:\/\/www.oc.com.tn\/fr\/visite-de-travail-aux-gouvernorats-de-tozeur-et-kebili\/","og_site_name":"Office des C\u00e9r\u00e9ales - Tunisie","article_publisher":"https:\/\/www.facebook.com\/profile.php?id=100069933501880","article_published_time":"2025-01-22T14:10:00+00:00","article_modified_time":"2025-01-22T14:10:05+00:00","og_image":[{"width":590,"height":403,"url":"https:\/\/www.oc.com.tn\/wp-content\/uploads\/2025\/01\/1-2.jpg","type":"image\/jpeg"}],"author":"tender","twitter_card":"summary_large_image","twitter_misc":{"\u00c9crit par":"tender","Dur\u00e9e de lecture estim\u00e9e":"1 minute"},"schema":{"@context":"https:\/\/schema.org","@graph":[{"@type":"Article","@id":"https:\/\/www.oc.com.tn\/fr\/visite-de-travail-aux-gouvernorats-de-tozeur-et-kebili\/#article","isPartOf":{"@id":"https:\/\/www.oc.com.tn\/fr\/visite-de-travail-aux-gouvernorats-de-tozeur-et-kebili\/"},"author":{"name":"tender","@id":"https:\/\/www.oc.com.tn\/fr\/#\/schema\/person\/7d67e98c12dbea10942a0f7988e7f7ac"},"headline":"Visite de travail aux Gouvernorats de Tozeur et Kebili","datePublished":"2025-01-22T14:10:00+00:00","dateModified":"2025-01-22T14:10:05+00:00","mainEntityOfPage":{"@id":"https:\/\/www.oc.com.tn\/fr\/visite-de-travail-aux-gouvernorats-de-tozeur-et-kebili\/"},"wordCount":221,"publisher":{"@id":"https:\/\/www.oc.com.tn\/fr\/#organization"},"image":{"@id":"https:\/\/www.oc.com.tn\/fr\/visite-de-travail-aux-gouvernorats-de-tozeur-et-kebili\/#primaryimage"},"thumbnailUrl":"https:\/\/www.oc.com.tn\/wp-content\/uploads\/2025\/01\/1-2.jpg","articleSection":["Actualit\u00e9s"],"inLanguage":"fr-FR"},{"@type":"WebPage","@id":"https:\/\/www.oc.com.tn\/fr\/visite-de-travail-aux-gouvernorats-de-tozeur-et-kebili\/","url":"https:\/\/www.oc.com.tn\/fr\/visite-de-travail-aux-gouvernorats-de-tozeur-et-kebili\/","name":"Visite de travail aux Gouvernorats de Tozeur et Kebili - Office des C\u00e9r\u00e9ales - Tunisie","isPartOf":{"@id":"https:\/\/www.oc.com.tn\/fr\/#website"},"primaryImageOfPage":{"@id":"https:\/\/www.oc.com.tn\/fr\/visite-de-travail-aux-gouvernorats-de-tozeur-et-kebili\/#primaryimage"},"image":{"@id":"https:\/\/www.oc.com.tn\/fr\/visite-de-travail-aux-gouvernorats-de-tozeur-et-kebili\/#primaryimage"},"thumbnailUrl":"https:\/\/www.oc.com.tn\/wp-content\/uploads\/2025\/01\/1-2.jpg","datePublished":"2025-01-22T14:10:00+00:00","dateModified":"2025-01-22T14:10:05+00:00","description":"Office des C\u00e9r\u00e9ales","breadcrumb":{"@id":"https:\/\/www.oc.com.tn\/fr\/visite-de-travail-aux-gouvernorats-de-tozeur-et-kebili\/#breadcrumb"},"inLanguage":"fr-FR","potentialAction":[{"@type":"ReadAction","target":["https:\/\/www.oc.com.tn\/fr\/visite-de-travail-aux-gouvernorats-de-tozeur-et-kebili\/"]}]},{"@type":"ImageObject","inLanguage":"fr-FR","@id":"https:\/\/www.oc.com.tn\/fr\/visite-de-travail-aux-gouvernorats-de-tozeur-et-kebili\/#primaryimage","url":"https:\/\/www.oc.com.tn\/wp-content\/uploads\/2025\/01\/1-2.jpg","contentUrl":"https:\/\/www.oc.com.tn\/wp-content\/uploads\/2025\/01\/1-2.jpg","width":590,"height":403},{"@type":"BreadcrumbList","@id":"https:\/\/www.oc.com.tn\/fr\/visite-de-travail-aux-gouvernorats-de-tozeur-et-kebili\/#breadcrumb","itemListElement":[{"@type":"ListItem","position":1,"name":"Accueil","item":"https:\/\/www.oc.com.tn\/fr\/"},{"@type":"ListItem","position":2,"name":"Visite de travail aux Gouvernorats de Tozeur et Kebili"}]},{"@type":"WebSite","@id":"https:\/\/www.oc.com.tn\/fr\/#website","url":"https:\/\/www.oc.com.tn\/fr\/","name":"Office des C\u00e9r\u00e9ales - Tunisie","description":"Office des C\u00e9r\u00e9ales - Tunisie","publisher":{"@id":"https:\/\/www.oc.com.tn\/fr\/#organization"},"alternateName":"Office des C\u00e9r\u00e9ales - Tunisie","potentialAction":[{"@type":"SearchAction","target":{"@type":"EntryPoint","urlTemplate":"https:\/\/www.oc.com.tn\/fr\/?s={search_term_string}"},"query-input":{"@type":"PropertyValueSpecification","valueRequired":true,"valueName":"search_term_string"}}],"inLanguage":"fr-FR"},{"@type":"Organization","@id":"https:\/\/www.oc.com.tn\/fr\/#organization","name":"Office des C\u00e9r\u00e9ales - Tunisie","url":"https:\/\/www.oc.com.tn\/fr\/","logo":{"@type":"ImageObject","inLanguage":"fr-FR","@id":"https:\/\/www.oc.com.tn\/fr\/#\/schema\/logo\/image\/","url":"https:\/\/www.oc.com.tn\/wp-content\/uploads\/2020\/07\/Logo.png","contentUrl":"https:\/\/www.oc.com.tn\/wp-content\/uploads\/2020\/07\/Logo.png","width":47,"height":74,"caption":"Office des C\u00e9r\u00e9ales - Tunisie"},"image":{"@id":"https:\/\/www.oc.com.tn\/fr\/#\/schema\/logo\/image\/"},"sameAs":["https:\/\/www.facebook.com\/profile.php?id=100069933501880"]},{"@type":"Person","@id":"https:\/\/www.oc.com.tn\/fr\/#\/schema\/person\/7d67e98c12dbea10942a0f7988e7f7ac","name":"tender","image":{"@type":"ImageObject","inLanguage":"fr-FR","@id":"https:\/\/www.oc.com.tn\/fr\/#\/schema\/person\/image\/","url":"https:\/\/secure.gravatar.com\/avatar\/61d83a4ac29a23ca8e4f6724b2138881ea510fe08034853f92679db97b103b3d?s=96&d=mm&r=g","contentUrl":"https:\/\/secure.gravatar.com\/avatar\/61d83a4ac29a23ca8e4f6724b2138881ea510fe08034853f92679db97b103b3d?s=96&d=mm&r=g","caption":"tender"},"url":"https:\/\/www.oc.com.tn\/fr\/author\/tender\/"}]}},"_links":{"self":[{"href":"https:\/\/www.oc.com.tn\/fr\/wp-json\/wp\/v2\/posts\/16661","targetHints":{"allow":["GET"]}}],"collection":[{"href":"https:\/\/www.oc.com.tn\/fr\/wp-json\/wp\/v2\/posts"}],"about":[{"href":"https:\/\/www.oc.com.tn\/fr\/wp-json\/wp\/v2\/types\/post"}],"author":[{"embeddable":true,"href":"https:\/\/www.oc.com.tn\/fr\/wp-json\/wp\/v2\/users\/5"}],"replies":[{"embeddable":true,"href":"https:\/\/www.oc.com.tn\/fr\/wp-json\/wp\/v2\/comments?post=16661"}],"version-history":[{"count":1,"href":"https:\/\/www.oc.com.tn\/fr\/wp-json\/wp\/v2\/posts\/16661\/revisions"}],"predecessor-version":[{"id":16683,"href":"https:\/\/www.oc.com.tn\/fr\/wp-json\/wp\/v2\/posts\/16661\/revisions\/16683"}],"wp:featuredmedia":[{"embeddable":true,"href":"https:\/\/www.oc.com.tn\/fr\/wp-json\/wp\/v2\/media\/16662"}],"wp:attachment":[{"href":"https:\/\/www.oc.com.tn\/fr\/wp-json\/wp\/v2\/media?parent=16661"}],"wp:term":[{"taxonomy":"category","embeddable":true,"href":"https:\/\/www.oc.com.tn\/fr\/wp-json\/wp\/v2\/categories?post=16661"},{"taxonomy":"post_tag","embeddable":true,"href":"https:\/\/www.oc.com.tn\/fr\/wp-json\/wp\/v2\/tags?post=16661"}],"curies":[{"name":"wp","href":"https:\/\/api.w.org\/{rel}","templated":true}]}}