

{"id":16321,"date":"2024-12-12T14:35:39","date_gmt":"2024-12-12T13:35:39","guid":{"rendered":"https:\/\/www.oc.com.tn\/?p=16321"},"modified":"2024-12-12T14:35:43","modified_gmt":"2024-12-12T13:35:43","slug":"reunion-de-travail-avec-delegation-de-la-stam","status":"publish","type":"post","link":"https:\/\/www.oc.com.tn\/fr\/reunion-de-travail-avec-delegation-de-la-stam\/","title":{"rendered":"R\u00e9union de travail avec d\u00e9l\u00e9gation de la STAM"},"content":{"rendered":"\n<p>&nbsp;&nbsp;&nbsp;&nbsp;&nbsp;&nbsp; Dans le cadre du partenariat strat\u00e9gique entre l\u2019Office des c\u00e9r\u00e9ales et la Soci\u00e9t\u00e9 tunisienne d\u2019Acconage et de Manutention, une r\u00e9union de travail s\u2019est tenue au si\u00e8ge de l\u2019Office des C\u00e9r\u00e9ales le mardi 10 d\u00e9cembre 2024&nbsp; sous la supervision de de Mme la Pr\u00e9sidente Directrice de G\u00e9n\u00e9rale de L\u2019Office et de Monsieur Chokri Laamiri, Pr\u00e9sident Directeur G\u00e9n\u00e9ral de la STAM. &nbsp;La r\u00e9union a port\u00e9 essentiellement sur les probl\u00e9matiques et les insuffisances enregistr\u00e9s qui emp\u00eachent d\u2019augmenter le rythme et la rentabilit\u00e9 du d\u00e9chargement des navires. Au cours de cette r\u00e9union, il a \u00e9t\u00e9 convenu d\u2019am\u00e9liorer les services existants ainsi que d\u2019\u00e9changer les donn\u00e9es concernant les programmes d\u2019investissement programm\u00e9s par les deux institutions. Il a \u00e9t\u00e9 d\u00e9cid\u00e9 aussi de d\u00e9velopper un cadre juridique qui r\u00e9gularise le processus de transaction entre l\u2019Office des c\u00e9r\u00e9ales et la STAM.<\/p>\n","protected":false},"excerpt":{"rendered":"<p>&nbsp;&nbsp;&nbsp;&nbsp;&nbsp;&nbsp; Dans le cadre du partenariat strat\u00e9gique entre l\u2019Office des c\u00e9r\u00e9ales et la Soci\u00e9t\u00e9 tunisienne d\u2019Acconage et de Manutention, une r\u00e9union de travail s\u2019est tenue au si\u00e8ge de l\u2019Office des C\u00e9r\u00e9ales le mardi 10 d\u00e9cembre 2024&nbsp; sous la supervision de de Mme la Pr\u00e9sidente Directrice de G\u00e9n\u00e9rale de L\u2019Office et de Monsieur Chokri Laamiri, Pr\u00e9sident [&hellip;]<\/p>\n","protected":false},"author":5,"featured_media":16322,"comment_status":"closed","ping_status":"open","sticky":false,"template":"","format":"standard","meta":{"_monsterinsights_skip_tracking":false,"_monsterinsights_sitenote_active":false,"_monsterinsights_sitenote_note":"","_monsterinsights_sitenote_category":0,"footnotes":""},"categories":[98],"tags":[],"class_list":["post-16321","post","type-post","status-publish","format-standard","has-post-thumbnail","hentry","category-actualites"],"yoast_head":"<!-- This site is optimized with the Yoast SEO plugin v25.5 - https:\/\/yoast.com\/wordpress\/plugins\/seo\/ -->\n<title>R\u00e9union de travail avec d\u00e9l\u00e9gation de la STAM - Office des C\u00e9r\u00e9ales - Tunisie<\/title>\n<meta name=\"description\" content=\"Office des C\u00e9r\u00e9ales\" \/>\n<meta name=\"robots\" content=\"index, follow, max-snippet:-1, max-image-preview:large, max-video-preview:-1\" \/>\n<link rel=\"canonical\" href=\"https:\/\/www.oc.com.tn\/fr\/reunion-de-travail-avec-delegation-de-la-stam\/\" \/>\n<meta property=\"og:locale\" content=\"fr_FR\" \/>\n<meta property=\"og:type\" content=\"article\" \/>\n<meta property=\"og:title\" content=\"R\u00e9union de travail avec d\u00e9l\u00e9gation de la STAM - Office des C\u00e9r\u00e9ales - Tunisie\" \/>\n<meta property=\"og:description\" content=\"Office des C\u00e9r\u00e9ales\" \/>\n<meta property=\"og:url\" content=\"https:\/\/www.oc.com.tn\/fr\/reunion-de-travail-avec-delegation-de-la-stam\/\" \/>\n<meta property=\"og:site_name\" content=\"Office des C\u00e9r\u00e9ales - Tunisie\" \/>\n<meta property=\"article:publisher\" content=\"https:\/\/www.facebook.com\/profile.php?id=100069933501880\" \/>\n<meta property=\"article:published_time\" content=\"2024-12-12T13:35:39+00:00\" \/>\n<meta property=\"article:modified_time\" content=\"2024-12-12T13:35:43+00:00\" \/>\n<meta property=\"og:image\" content=\"https:\/\/www.oc.com.tn\/wp-content\/uploads\/2024\/12\/image-4.png\" \/>\n\t<meta property=\"og:image:width\" content=\"945\" \/>\n\t<meta property=\"og:image:height\" content=\"531\" \/>\n\t<meta property=\"og:image:type\" content=\"image\/png\" \/>\n<meta name=\"author\" content=\"tender\" \/>\n<meta name=\"twitter:card\" content=\"summary_large_image\" \/>\n<meta name=\"twitter:label1\" content=\"\u00c9crit par\" \/>\n\t<meta name=\"twitter:data1\" content=\"tender\" \/>\n\t<meta name=\"twitter:label2\" content=\"Dur\u00e9e de lecture estim\u00e9e\" \/>\n\t<meta name=\"twitter:data2\" content=\"1 minute\" \/>\n<script type=\"application\/ld+json\" class=\"yoast-schema-graph\">{\"@context\":\"https:\/\/schema.org\",\"@graph\":[{\"@type\":\"Article\",\"@id\":\"https:\/\/www.oc.com.tn\/fr\/reunion-de-travail-avec-delegation-de-la-stam\/#article\",\"isPartOf\":{\"@id\":\"https:\/\/www.oc.com.tn\/fr\/reunion-de-travail-avec-delegation-de-la-stam\/\"},\"author\":{\"name\":\"tender\",\"@id\":\"https:\/\/www.oc.com.tn\/fr\/#\/schema\/person\/7d67e98c12dbea10942a0f7988e7f7ac\"},\"headline\":\"R\u00e9union de travail avec d\u00e9l\u00e9gation de la STAM\",\"datePublished\":\"2024-12-12T13:35:39+00:00\",\"dateModified\":\"2024-12-12T13:35:43+00:00\",\"mainEntityOfPage\":{\"@id\":\"https:\/\/www.oc.com.tn\/fr\/reunion-de-travail-avec-delegation-de-la-stam\/\"},\"wordCount\":189,\"publisher\":{\"@id\":\"https:\/\/www.oc.com.tn\/fr\/#organization\"},\"image\":{\"@id\":\"https:\/\/www.oc.com.tn\/fr\/reunion-de-travail-avec-delegation-de-la-stam\/#primaryimage\"},\"thumbnailUrl\":\"https:\/\/www.oc.com.tn\/wp-content\/uploads\/2024\/12\/image-4.png\",\"articleSection\":[\"Actualit\u00e9s\"],\"inLanguage\":\"fr-FR\"},{\"@type\":\"WebPage\",\"@id\":\"https:\/\/www.oc.com.tn\/fr\/reunion-de-travail-avec-delegation-de-la-stam\/\",\"url\":\"https:\/\/www.oc.com.tn\/fr\/reunion-de-travail-avec-delegation-de-la-stam\/\",\"name\":\"R\u00e9union de travail avec d\u00e9l\u00e9gation de la STAM - Office des C\u00e9r\u00e9ales - Tunisie\",\"isPartOf\":{\"@id\":\"https:\/\/www.oc.com.tn\/fr\/#website\"},\"primaryImageOfPage\":{\"@id\":\"https:\/\/www.oc.com.tn\/fr\/reunion-de-travail-avec-delegation-de-la-stam\/#primaryimage\"},\"image\":{\"@id\":\"https:\/\/www.oc.com.tn\/fr\/reunion-de-travail-avec-delegation-de-la-stam\/#primaryimage\"},\"thumbnailUrl\":\"https:\/\/www.oc.com.tn\/wp-content\/uploads\/2024\/12\/image-4.png\",\"datePublished\":\"2024-12-12T13:35:39+00:00\",\"dateModified\":\"2024-12-12T13:35:43+00:00\",\"description\":\"Office des C\u00e9r\u00e9ales\",\"breadcrumb\":{\"@id\":\"https:\/\/www.oc.com.tn\/fr\/reunion-de-travail-avec-delegation-de-la-stam\/#breadcrumb\"},\"inLanguage\":\"fr-FR\",\"potentialAction\":[{\"@type\":\"ReadAction\",\"target\":[\"https:\/\/www.oc.com.tn\/fr\/reunion-de-travail-avec-delegation-de-la-stam\/\"]}]},{\"@type\":\"ImageObject\",\"inLanguage\":\"fr-FR\",\"@id\":\"https:\/\/www.oc.com.tn\/fr\/reunion-de-travail-avec-delegation-de-la-stam\/#primaryimage\",\"url\":\"https:\/\/www.oc.com.tn\/wp-content\/uploads\/2024\/12\/image-4.png\",\"contentUrl\":\"https:\/\/www.oc.com.tn\/wp-content\/uploads\/2024\/12\/image-4.png\",\"width\":945,\"height\":531},{\"@type\":\"BreadcrumbList\",\"@id\":\"https:\/\/www.oc.com.tn\/fr\/reunion-de-travail-avec-delegation-de-la-stam\/#breadcrumb\",\"itemListElement\":[{\"@type\":\"ListItem\",\"position\":1,\"name\":\"Accueil\",\"item\":\"https:\/\/www.oc.com.tn\/fr\/\"},{\"@type\":\"ListItem\",\"position\":2,\"name\":\"R\u00e9union de travail avec d\u00e9l\u00e9gation de la STAM\"}]},{\"@type\":\"WebSite\",\"@id\":\"https:\/\/www.oc.com.tn\/fr\/#website\",\"url\":\"https:\/\/www.oc.com.tn\/fr\/\",\"name\":\"Office des C\u00e9r\u00e9ales - Tunisie\",\"description\":\"Office des C\u00e9r\u00e9ales - Tunisie\",\"publisher\":{\"@id\":\"https:\/\/www.oc.com.tn\/fr\/#organization\"},\"alternateName\":\"Office des C\u00e9r\u00e9ales - Tunisie\",\"potentialAction\":[{\"@type\":\"SearchAction\",\"target\":{\"@type\":\"EntryPoint\",\"urlTemplate\":\"https:\/\/www.oc.com.tn\/fr\/?s={search_term_string}\"},\"query-input\":{\"@type\":\"PropertyValueSpecification\",\"valueRequired\":true,\"valueName\":\"search_term_string\"}}],\"inLanguage\":\"fr-FR\"},{\"@type\":\"Organization\",\"@id\":\"https:\/\/www.oc.com.tn\/fr\/#organization\",\"name\":\"Office des C\u00e9r\u00e9ales - Tunisie\",\"url\":\"https:\/\/www.oc.com.tn\/fr\/\",\"logo\":{\"@type\":\"ImageObject\",\"inLanguage\":\"fr-FR\",\"@id\":\"https:\/\/www.oc.com.tn\/fr\/#\/schema\/logo\/image\/\",\"url\":\"https:\/\/www.oc.com.tn\/wp-content\/uploads\/2020\/07\/Logo.png\",\"contentUrl\":\"https:\/\/www.oc.com.tn\/wp-content\/uploads\/2020\/07\/Logo.png\",\"width\":47,\"height\":74,\"caption\":\"Office des C\u00e9r\u00e9ales - Tunisie\"},\"image\":{\"@id\":\"https:\/\/www.oc.com.tn\/fr\/#\/schema\/logo\/image\/\"},\"sameAs\":[\"https:\/\/www.facebook.com\/profile.php?id=100069933501880\"]},{\"@type\":\"Person\",\"@id\":\"https:\/\/www.oc.com.tn\/fr\/#\/schema\/person\/7d67e98c12dbea10942a0f7988e7f7ac\",\"name\":\"tender\",\"image\":{\"@type\":\"ImageObject\",\"inLanguage\":\"fr-FR\",\"@id\":\"https:\/\/www.oc.com.tn\/fr\/#\/schema\/person\/image\/\",\"url\":\"https:\/\/secure.gravatar.com\/avatar\/61d83a4ac29a23ca8e4f6724b2138881ea510fe08034853f92679db97b103b3d?s=96&d=mm&r=g\",\"contentUrl\":\"https:\/\/secure.gravatar.com\/avatar\/61d83a4ac29a23ca8e4f6724b2138881ea510fe08034853f92679db97b103b3d?s=96&d=mm&r=g\",\"caption\":\"tender\"},\"url\":\"https:\/\/www.oc.com.tn\/fr\/author\/tender\/\"}]}<\/script>\n<!-- \/ Yoast SEO plugin. -->","yoast_head_json":{"title":"R\u00e9union de travail avec d\u00e9l\u00e9gation de la STAM - Office des C\u00e9r\u00e9ales - Tunisie","description":"Office des C\u00e9r\u00e9ales","robots":{"index":"index","follow":"follow","max-snippet":"max-snippet:-1","max-image-preview":"max-image-preview:large","max-video-preview":"max-video-preview:-1"},"canonical":"https:\/\/www.oc.com.tn\/fr\/reunion-de-travail-avec-delegation-de-la-stam\/","og_locale":"fr_FR","og_type":"article","og_title":"R\u00e9union de travail avec d\u00e9l\u00e9gation de la STAM - Office des C\u00e9r\u00e9ales - Tunisie","og_description":"Office des C\u00e9r\u00e9ales","og_url":"https:\/\/www.oc.com.tn\/fr\/reunion-de-travail-avec-delegation-de-la-stam\/","og_site_name":"Office des C\u00e9r\u00e9ales - Tunisie","article_publisher":"https:\/\/www.facebook.com\/profile.php?id=100069933501880","article_published_time":"2024-12-12T13:35:39+00:00","article_modified_time":"2024-12-12T13:35:43+00:00","og_image":[{"width":945,"height":531,"url":"https:\/\/www.oc.com.tn\/wp-content\/uploads\/2024\/12\/image-4.png","type":"image\/png"}],"author":"tender","twitter_card":"summary_large_image","twitter_misc":{"\u00c9crit par":"tender","Dur\u00e9e de lecture estim\u00e9e":"1 minute"},"schema":{"@context":"https:\/\/schema.org","@graph":[{"@type":"Article","@id":"https:\/\/www.oc.com.tn\/fr\/reunion-de-travail-avec-delegation-de-la-stam\/#article","isPartOf":{"@id":"https:\/\/www.oc.com.tn\/fr\/reunion-de-travail-avec-delegation-de-la-stam\/"},"author":{"name":"tender","@id":"https:\/\/www.oc.com.tn\/fr\/#\/schema\/person\/7d67e98c12dbea10942a0f7988e7f7ac"},"headline":"R\u00e9union de travail avec d\u00e9l\u00e9gation de la STAM","datePublished":"2024-12-12T13:35:39+00:00","dateModified":"2024-12-12T13:35:43+00:00","mainEntityOfPage":{"@id":"https:\/\/www.oc.com.tn\/fr\/reunion-de-travail-avec-delegation-de-la-stam\/"},"wordCount":189,"publisher":{"@id":"https:\/\/www.oc.com.tn\/fr\/#organization"},"image":{"@id":"https:\/\/www.oc.com.tn\/fr\/reunion-de-travail-avec-delegation-de-la-stam\/#primaryimage"},"thumbnailUrl":"https:\/\/www.oc.com.tn\/wp-content\/uploads\/2024\/12\/image-4.png","articleSection":["Actualit\u00e9s"],"inLanguage":"fr-FR"},{"@type":"WebPage","@id":"https:\/\/www.oc.com.tn\/fr\/reunion-de-travail-avec-delegation-de-la-stam\/","url":"https:\/\/www.oc.com.tn\/fr\/reunion-de-travail-avec-delegation-de-la-stam\/","name":"R\u00e9union de travail avec d\u00e9l\u00e9gation de la STAM - Office des C\u00e9r\u00e9ales - Tunisie","isPartOf":{"@id":"https:\/\/www.oc.com.tn\/fr\/#website"},"primaryImageOfPage":{"@id":"https:\/\/www.oc.com.tn\/fr\/reunion-de-travail-avec-delegation-de-la-stam\/#primaryimage"},"image":{"@id":"https:\/\/www.oc.com.tn\/fr\/reunion-de-travail-avec-delegation-de-la-stam\/#primaryimage"},"thumbnailUrl":"https:\/\/www.oc.com.tn\/wp-content\/uploads\/2024\/12\/image-4.png","datePublished":"2024-12-12T13:35:39+00:00","dateModified":"2024-12-12T13:35:43+00:00","description":"Office des C\u00e9r\u00e9ales","breadcrumb":{"@id":"https:\/\/www.oc.com.tn\/fr\/reunion-de-travail-avec-delegation-de-la-stam\/#breadcrumb"},"inLanguage":"fr-FR","potentialAction":[{"@type":"ReadAction","target":["https:\/\/www.oc.com.tn\/fr\/reunion-de-travail-avec-delegation-de-la-stam\/"]}]},{"@type":"ImageObject","inLanguage":"fr-FR","@id":"https:\/\/www.oc.com.tn\/fr\/reunion-de-travail-avec-delegation-de-la-stam\/#primaryimage","url":"https:\/\/www.oc.com.tn\/wp-content\/uploads\/2024\/12\/image-4.png","contentUrl":"https:\/\/www.oc.com.tn\/wp-content\/uploads\/2024\/12\/image-4.png","width":945,"height":531},{"@type":"BreadcrumbList","@id":"https:\/\/www.oc.com.tn\/fr\/reunion-de-travail-avec-delegation-de-la-stam\/#breadcrumb","itemListElement":[{"@type":"ListItem","position":1,"name":"Accueil","item":"https:\/\/www.oc.com.tn\/fr\/"},{"@type":"ListItem","position":2,"name":"R\u00e9union de travail avec d\u00e9l\u00e9gation de la STAM"}]},{"@type":"WebSite","@id":"https:\/\/www.oc.com.tn\/fr\/#website","url":"https:\/\/www.oc.com.tn\/fr\/","name":"Office des C\u00e9r\u00e9ales - Tunisie","description":"Office des C\u00e9r\u00e9ales - Tunisie","publisher":{"@id":"https:\/\/www.oc.com.tn\/fr\/#organization"},"alternateName":"Office des C\u00e9r\u00e9ales - Tunisie","potentialAction":[{"@type":"SearchAction","target":{"@type":"EntryPoint","urlTemplate":"https:\/\/www.oc.com.tn\/fr\/?s={search_term_string}"},"query-input":{"@type":"PropertyValueSpecification","valueRequired":true,"valueName":"search_term_string"}}],"inLanguage":"fr-FR"},{"@type":"Organization","@id":"https:\/\/www.oc.com.tn\/fr\/#organization","name":"Office des C\u00e9r\u00e9ales - Tunisie","url":"https:\/\/www.oc.com.tn\/fr\/","logo":{"@type":"ImageObject","inLanguage":"fr-FR","@id":"https:\/\/www.oc.com.tn\/fr\/#\/schema\/logo\/image\/","url":"https:\/\/www.oc.com.tn\/wp-content\/uploads\/2020\/07\/Logo.png","contentUrl":"https:\/\/www.oc.com.tn\/wp-content\/uploads\/2020\/07\/Logo.png","width":47,"height":74,"caption":"Office des C\u00e9r\u00e9ales - Tunisie"},"image":{"@id":"https:\/\/www.oc.com.tn\/fr\/#\/schema\/logo\/image\/"},"sameAs":["https:\/\/www.facebook.com\/profile.php?id=100069933501880"]},{"@type":"Person","@id":"https:\/\/www.oc.com.tn\/fr\/#\/schema\/person\/7d67e98c12dbea10942a0f7988e7f7ac","name":"tender","image":{"@type":"ImageObject","inLanguage":"fr-FR","@id":"https:\/\/www.oc.com.tn\/fr\/#\/schema\/person\/image\/","url":"https:\/\/secure.gravatar.com\/avatar\/61d83a4ac29a23ca8e4f6724b2138881ea510fe08034853f92679db97b103b3d?s=96&d=mm&r=g","contentUrl":"https:\/\/secure.gravatar.com\/avatar\/61d83a4ac29a23ca8e4f6724b2138881ea510fe08034853f92679db97b103b3d?s=96&d=mm&r=g","caption":"tender"},"url":"https:\/\/www.oc.com.tn\/fr\/author\/tender\/"}]}},"_links":{"self":[{"href":"https:\/\/www.oc.com.tn\/fr\/wp-json\/wp\/v2\/posts\/16321","targetHints":{"allow":["GET"]}}],"collection":[{"href":"https:\/\/www.oc.com.tn\/fr\/wp-json\/wp\/v2\/posts"}],"about":[{"href":"https:\/\/www.oc.com.tn\/fr\/wp-json\/wp\/v2\/types\/post"}],"author":[{"embeddable":true,"href":"https:\/\/www.oc.com.tn\/fr\/wp-json\/wp\/v2\/users\/5"}],"replies":[{"embeddable":true,"href":"https:\/\/www.oc.com.tn\/fr\/wp-json\/wp\/v2\/comments?post=16321"}],"version-history":[{"count":2,"href":"https:\/\/www.oc.com.tn\/fr\/wp-json\/wp\/v2\/posts\/16321\/revisions"}],"predecessor-version":[{"id":16326,"href":"https:\/\/www.oc.com.tn\/fr\/wp-json\/wp\/v2\/posts\/16321\/revisions\/16326"}],"wp:featuredmedia":[{"embeddable":true,"href":"https:\/\/www.oc.com.tn\/fr\/wp-json\/wp\/v2\/media\/16322"}],"wp:attachment":[{"href":"https:\/\/www.oc.com.tn\/fr\/wp-json\/wp\/v2\/media?parent=16321"}],"wp:term":[{"taxonomy":"category","embeddable":true,"href":"https:\/\/www.oc.com.tn\/fr\/wp-json\/wp\/v2\/categories?post=16321"},{"taxonomy":"post_tag","embeddable":true,"href":"https:\/\/www.oc.com.tn\/fr\/wp-json\/wp\/v2\/tags?post=16321"}],"curies":[{"name":"wp","href":"https:\/\/api.w.org\/{rel}","templated":true}]}}