

{"id":16271,"date":"2024-12-12T08:49:52","date_gmt":"2024-12-12T07:49:52","guid":{"rendered":"https:\/\/www.oc.com.tn\/?p=16271"},"modified":"2024-12-12T08:49:55","modified_gmt":"2024-12-12T07:49:55","slug":"visite-de-travail-a-jendouba-et-beja-renforcement-de-la-distribution-des-semences","status":"publish","type":"post","link":"https:\/\/www.oc.com.tn\/fr\/visite-de-travail-a-jendouba-et-beja-renforcement-de-la-distribution-des-semences\/","title":{"rendered":"Visite de travail \u00e0 Jendouba et B\u00e9ja : Renforcement de la distribution des semences"},"content":{"rendered":"\n<p>&nbsp;&nbsp;&nbsp; Dans le cadre du suivi de la distribution du bl\u00e9 dur contr\u00f4l\u00e9 destin\u00e9 aux semences, la Pr\u00e9sidente Directrice G\u00e9n\u00e9rale de l\u2019Office des C\u00e9r\u00e9ales a conduit une mission de terrain dans les r\u00e9gions de Jendouba et B\u00e9ja, accompagn\u00e9e de cadres de l\u2019Office.<\/p>\n\n\n\n<p>\u00c0 Jendouba, une r\u00e9union s\u2019est tenue avec le Gouverneur et les repr\u00e9sentants du CRDA pour identifier les d\u00e9fis li\u00e9s \u00e0 la distribution des semences et proposer des solutions concr\u00e8tes. Des visites dans plusieurs centres de collecte (Jendouba Ville, Jendouba Nord, Oued Mliz, Bou Salem) ont permis de superviser les op\u00e9rations et d\u2019\u00e9couter les pr\u00e9occupations des agriculteurs. La PDG a insist\u00e9 sur l\u2019\u00e9tablissement de listes nominatives des producteurs pour une meilleure coordination et a recommand\u00e9 une r\u00e9vision des modalit\u00e9s de distribution afin d&#8217;\u00e9viter les engorgements et de satisfaire pleinement les besoins des agriculteurs.<\/p>\n\n\n\n<p>&nbsp;&nbsp;&nbsp;&nbsp;&nbsp;&nbsp; \u00c0 B\u00e9ja, la PDG a supervis\u00e9 les activit\u00e9s de tri et de traitement des semences dans les locaux de la soci\u00e9t\u00e9 &#8220;SOSEM&#8221; et a rencontr\u00e9 le Gouverneur pour \u00e9valuer l\u2019\u00e9tat d\u2019avancement des op\u00e9rations. Des d\u00e9cisions strat\u00e9giques ont \u00e9t\u00e9 prises, notamment l\u2019augmentation des quotas de semences attribu\u00e9s \u00e0 la r\u00e9gion et l\u2019optimisation des processus de distribution, avec une mise en \u0153uvre pr\u00e9vue d\u00e8s le 6 d\u00e9cembre 2024.<\/p>\n\n\n\n<p>La PDG de l\u2019Office des C\u00e9r\u00e9ales a mis l\u2019accent sur la n\u00e9cessit\u00e9 de garantir une distribution efficace et \u00e9quitable des semences, tout en r\u00e9pondant aux attentes des agriculteurs.<\/p>\n\n\n\n<figure class=\"wp-block-gallery aligncenter columns-3 is-cropped wp-block-gallery-1 is-layout-flex wp-block-gallery-is-layout-flex\"><ul class=\"blocks-gallery-grid\"><li class=\"blocks-gallery-item\"><figure><img fetchpriority=\"high\" decoding=\"async\" width=\"926\" height=\"648\" src=\"http:\/\/www.oc.com.tn\/wp-content\/uploads\/2024\/12\/image-3.png\" alt=\"\" data-id=\"16281\" data-full-url=\"http:\/\/www.oc.com.tn\/wp-content\/uploads\/2024\/12\/image-3.png\" data-link=\"https:\/\/www.oc.com.tn\/fr\/?attachment_id=16281\" class=\"wp-image-16281\" srcset=\"https:\/\/www.oc.com.tn\/wp-content\/uploads\/2024\/12\/image-3.png 926w, https:\/\/www.oc.com.tn\/wp-content\/uploads\/2024\/12\/image-3-300x210.png 300w, https:\/\/www.oc.com.tn\/wp-content\/uploads\/2024\/12\/image-3-768x537.png 768w, https:\/\/www.oc.com.tn\/wp-content\/uploads\/2024\/12\/image-3-730x511.png 730w\" sizes=\"(max-width: 926px) 100vw, 926px\" \/><\/figure><\/li><li class=\"blocks-gallery-item\"><figure><img decoding=\"async\" width=\"945\" height=\"655\" data-src=\"http:\/\/www.oc.com.tn\/wp-content\/uploads\/2024\/12\/image-1.png\" alt=\"\" data-id=\"16275\" data-full-url=\"http:\/\/www.oc.com.tn\/wp-content\/uploads\/2024\/12\/image-1.png\" data-link=\"https:\/\/www.oc.com.tn\/fr\/?attachment_id=16275\" class=\"wp-image-16275 lazyload\" data-srcset=\"https:\/\/www.oc.com.tn\/wp-content\/uploads\/2024\/12\/image-1.png 945w, https:\/\/www.oc.com.tn\/wp-content\/uploads\/2024\/12\/image-1-300x208.png 300w, https:\/\/www.oc.com.tn\/wp-content\/uploads\/2024\/12\/image-1-768x532.png 768w, https:\/\/www.oc.com.tn\/wp-content\/uploads\/2024\/12\/image-1-730x506.png 730w\" data-sizes=\"(max-width: 945px) 100vw, 945px\" src=\"data:image\/svg+xml;base64,PHN2ZyB3aWR0aD0iMSIgaGVpZ2h0PSIxIiB4bWxucz0iaHR0cDovL3d3dy53My5vcmcvMjAwMC9zdmciPjwvc3ZnPg==\" style=\"--smush-placeholder-width: 945px; --smush-placeholder-aspect-ratio: 945\/655;\" \/><\/figure><\/li><li class=\"blocks-gallery-item\"><figure><img decoding=\"async\" width=\"945\" height=\"645\" data-src=\"http:\/\/www.oc.com.tn\/wp-content\/uploads\/2024\/12\/image-2.png\" alt=\"\" data-id=\"16278\" data-full-url=\"http:\/\/www.oc.com.tn\/wp-content\/uploads\/2024\/12\/image-2.png\" data-link=\"https:\/\/www.oc.com.tn\/fr\/?attachment_id=16278\" class=\"wp-image-16278 lazyload\" data-srcset=\"https:\/\/www.oc.com.tn\/wp-content\/uploads\/2024\/12\/image-2.png 945w, https:\/\/www.oc.com.tn\/wp-content\/uploads\/2024\/12\/image-2-300x205.png 300w, https:\/\/www.oc.com.tn\/wp-content\/uploads\/2024\/12\/image-2-768x524.png 768w, https:\/\/www.oc.com.tn\/wp-content\/uploads\/2024\/12\/image-2-730x498.png 730w\" data-sizes=\"(max-width: 945px) 100vw, 945px\" src=\"data:image\/svg+xml;base64,PHN2ZyB3aWR0aD0iMSIgaGVpZ2h0PSIxIiB4bWxucz0iaHR0cDovL3d3dy53My5vcmcvMjAwMC9zdmciPjwvc3ZnPg==\" style=\"--smush-placeholder-width: 945px; --smush-placeholder-aspect-ratio: 945\/645;\" \/><\/figure><\/li><\/ul><\/figure>\n","protected":false},"excerpt":{"rendered":"<p>&nbsp;&nbsp;&nbsp; Dans le cadre du suivi de la distribution du bl\u00e9 dur contr\u00f4l\u00e9 destin\u00e9 aux semences, la Pr\u00e9sidente Directrice G\u00e9n\u00e9rale de l\u2019Office des C\u00e9r\u00e9ales a conduit une mission de terrain dans les r\u00e9gions de Jendouba et B\u00e9ja, accompagn\u00e9e de cadres de l\u2019Office. \u00c0 Jendouba, une r\u00e9union s\u2019est tenue avec le Gouverneur et les repr\u00e9sentants du [&hellip;]<\/p>\n","protected":false},"author":5,"featured_media":16278,"comment_status":"closed","ping_status":"open","sticky":false,"template":"","format":"standard","meta":{"_monsterinsights_skip_tracking":false,"_monsterinsights_sitenote_active":false,"_monsterinsights_sitenote_note":"","_monsterinsights_sitenote_category":0,"footnotes":""},"categories":[98],"tags":[],"class_list":["post-16271","post","type-post","status-publish","format-standard","has-post-thumbnail","hentry","category-actualites"],"yoast_head":"<!-- This site is optimized with the Yoast SEO plugin v25.5 - https:\/\/yoast.com\/wordpress\/plugins\/seo\/ -->\n<title>Visite de travail \u00e0 Jendouba et B\u00e9ja : Renforcement de la distribution des semences - Office des C\u00e9r\u00e9ales - Tunisie<\/title>\n<meta name=\"description\" content=\"Office des C\u00e9r\u00e9ales\" \/>\n<meta name=\"robots\" content=\"index, follow, max-snippet:-1, max-image-preview:large, max-video-preview:-1\" \/>\n<link rel=\"canonical\" href=\"https:\/\/www.oc.com.tn\/fr\/visite-de-travail-a-jendouba-et-beja-renforcement-de-la-distribution-des-semences\/\" \/>\n<meta property=\"og:locale\" content=\"fr_FR\" \/>\n<meta property=\"og:type\" content=\"article\" \/>\n<meta property=\"og:title\" content=\"Visite de travail \u00e0 Jendouba et B\u00e9ja : Renforcement de la distribution des semences - Office des C\u00e9r\u00e9ales - Tunisie\" \/>\n<meta property=\"og:description\" content=\"Office des C\u00e9r\u00e9ales\" \/>\n<meta property=\"og:url\" content=\"https:\/\/www.oc.com.tn\/fr\/visite-de-travail-a-jendouba-et-beja-renforcement-de-la-distribution-des-semences\/\" \/>\n<meta property=\"og:site_name\" content=\"Office des C\u00e9r\u00e9ales - Tunisie\" \/>\n<meta property=\"article:publisher\" content=\"https:\/\/www.facebook.com\/profile.php?id=100069933501880\" \/>\n<meta property=\"article:published_time\" content=\"2024-12-12T07:49:52+00:00\" \/>\n<meta property=\"article:modified_time\" content=\"2024-12-12T07:49:55+00:00\" \/>\n<meta property=\"og:image\" content=\"https:\/\/www.oc.com.tn\/wp-content\/uploads\/2024\/12\/image-2.png\" \/>\n\t<meta property=\"og:image:width\" content=\"945\" \/>\n\t<meta property=\"og:image:height\" content=\"645\" \/>\n\t<meta property=\"og:image:type\" content=\"image\/png\" \/>\n<meta name=\"author\" content=\"tender\" \/>\n<meta name=\"twitter:card\" content=\"summary_large_image\" \/>\n<meta name=\"twitter:label1\" content=\"\u00c9crit par\" \/>\n\t<meta name=\"twitter:data1\" content=\"tender\" \/>\n\t<meta name=\"twitter:label2\" content=\"Dur\u00e9e de lecture estim\u00e9e\" \/>\n\t<meta name=\"twitter:data2\" content=\"2 minutes\" \/>\n<script type=\"application\/ld+json\" class=\"yoast-schema-graph\">{\"@context\":\"https:\/\/schema.org\",\"@graph\":[{\"@type\":\"Article\",\"@id\":\"https:\/\/www.oc.com.tn\/fr\/visite-de-travail-a-jendouba-et-beja-renforcement-de-la-distribution-des-semences\/#article\",\"isPartOf\":{\"@id\":\"https:\/\/www.oc.com.tn\/fr\/visite-de-travail-a-jendouba-et-beja-renforcement-de-la-distribution-des-semences\/\"},\"author\":{\"name\":\"tender\",\"@id\":\"https:\/\/www.oc.com.tn\/fr\/#\/schema\/person\/7d67e98c12dbea10942a0f7988e7f7ac\"},\"headline\":\"Visite de travail \u00e0 Jendouba et B\u00e9ja : Renforcement de la distribution des semences\",\"datePublished\":\"2024-12-12T07:49:52+00:00\",\"dateModified\":\"2024-12-12T07:49:55+00:00\",\"mainEntityOfPage\":{\"@id\":\"https:\/\/www.oc.com.tn\/fr\/visite-de-travail-a-jendouba-et-beja-renforcement-de-la-distribution-des-semences\/\"},\"wordCount\":288,\"publisher\":{\"@id\":\"https:\/\/www.oc.com.tn\/fr\/#organization\"},\"image\":{\"@id\":\"https:\/\/www.oc.com.tn\/fr\/visite-de-travail-a-jendouba-et-beja-renforcement-de-la-distribution-des-semences\/#primaryimage\"},\"thumbnailUrl\":\"https:\/\/www.oc.com.tn\/wp-content\/uploads\/2024\/12\/image-2.png\",\"articleSection\":[\"Actualit\u00e9s\"],\"inLanguage\":\"fr-FR\"},{\"@type\":\"WebPage\",\"@id\":\"https:\/\/www.oc.com.tn\/fr\/visite-de-travail-a-jendouba-et-beja-renforcement-de-la-distribution-des-semences\/\",\"url\":\"https:\/\/www.oc.com.tn\/fr\/visite-de-travail-a-jendouba-et-beja-renforcement-de-la-distribution-des-semences\/\",\"name\":\"Visite de travail \u00e0 Jendouba et B\u00e9ja : Renforcement de la distribution des semences - Office des C\u00e9r\u00e9ales - Tunisie\",\"isPartOf\":{\"@id\":\"https:\/\/www.oc.com.tn\/fr\/#website\"},\"primaryImageOfPage\":{\"@id\":\"https:\/\/www.oc.com.tn\/fr\/visite-de-travail-a-jendouba-et-beja-renforcement-de-la-distribution-des-semences\/#primaryimage\"},\"image\":{\"@id\":\"https:\/\/www.oc.com.tn\/fr\/visite-de-travail-a-jendouba-et-beja-renforcement-de-la-distribution-des-semences\/#primaryimage\"},\"thumbnailUrl\":\"https:\/\/www.oc.com.tn\/wp-content\/uploads\/2024\/12\/image-2.png\",\"datePublished\":\"2024-12-12T07:49:52+00:00\",\"dateModified\":\"2024-12-12T07:49:55+00:00\",\"description\":\"Office des C\u00e9r\u00e9ales\",\"breadcrumb\":{\"@id\":\"https:\/\/www.oc.com.tn\/fr\/visite-de-travail-a-jendouba-et-beja-renforcement-de-la-distribution-des-semences\/#breadcrumb\"},\"inLanguage\":\"fr-FR\",\"potentialAction\":[{\"@type\":\"ReadAction\",\"target\":[\"https:\/\/www.oc.com.tn\/fr\/visite-de-travail-a-jendouba-et-beja-renforcement-de-la-distribution-des-semences\/\"]}]},{\"@type\":\"ImageObject\",\"inLanguage\":\"fr-FR\",\"@id\":\"https:\/\/www.oc.com.tn\/fr\/visite-de-travail-a-jendouba-et-beja-renforcement-de-la-distribution-des-semences\/#primaryimage\",\"url\":\"https:\/\/www.oc.com.tn\/wp-content\/uploads\/2024\/12\/image-2.png\",\"contentUrl\":\"https:\/\/www.oc.com.tn\/wp-content\/uploads\/2024\/12\/image-2.png\",\"width\":945,\"height\":645},{\"@type\":\"BreadcrumbList\",\"@id\":\"https:\/\/www.oc.com.tn\/fr\/visite-de-travail-a-jendouba-et-beja-renforcement-de-la-distribution-des-semences\/#breadcrumb\",\"itemListElement\":[{\"@type\":\"ListItem\",\"position\":1,\"name\":\"Accueil\",\"item\":\"https:\/\/www.oc.com.tn\/fr\/\"},{\"@type\":\"ListItem\",\"position\":2,\"name\":\"Visite de travail \u00e0 Jendouba et B\u00e9ja : Renforcement de la distribution des semences\"}]},{\"@type\":\"WebSite\",\"@id\":\"https:\/\/www.oc.com.tn\/fr\/#website\",\"url\":\"https:\/\/www.oc.com.tn\/fr\/\",\"name\":\"Office des C\u00e9r\u00e9ales - Tunisie\",\"description\":\"Office des C\u00e9r\u00e9ales - Tunisie\",\"publisher\":{\"@id\":\"https:\/\/www.oc.com.tn\/fr\/#organization\"},\"alternateName\":\"Office des C\u00e9r\u00e9ales - Tunisie\",\"potentialAction\":[{\"@type\":\"SearchAction\",\"target\":{\"@type\":\"EntryPoint\",\"urlTemplate\":\"https:\/\/www.oc.com.tn\/fr\/?s={search_term_string}\"},\"query-input\":{\"@type\":\"PropertyValueSpecification\",\"valueRequired\":true,\"valueName\":\"search_term_string\"}}],\"inLanguage\":\"fr-FR\"},{\"@type\":\"Organization\",\"@id\":\"https:\/\/www.oc.com.tn\/fr\/#organization\",\"name\":\"Office des C\u00e9r\u00e9ales - Tunisie\",\"url\":\"https:\/\/www.oc.com.tn\/fr\/\",\"logo\":{\"@type\":\"ImageObject\",\"inLanguage\":\"fr-FR\",\"@id\":\"https:\/\/www.oc.com.tn\/fr\/#\/schema\/logo\/image\/\",\"url\":\"https:\/\/www.oc.com.tn\/wp-content\/uploads\/2020\/07\/Logo.png\",\"contentUrl\":\"https:\/\/www.oc.com.tn\/wp-content\/uploads\/2020\/07\/Logo.png\",\"width\":47,\"height\":74,\"caption\":\"Office des C\u00e9r\u00e9ales - Tunisie\"},\"image\":{\"@id\":\"https:\/\/www.oc.com.tn\/fr\/#\/schema\/logo\/image\/\"},\"sameAs\":[\"https:\/\/www.facebook.com\/profile.php?id=100069933501880\"]},{\"@type\":\"Person\",\"@id\":\"https:\/\/www.oc.com.tn\/fr\/#\/schema\/person\/7d67e98c12dbea10942a0f7988e7f7ac\",\"name\":\"tender\",\"image\":{\"@type\":\"ImageObject\",\"inLanguage\":\"fr-FR\",\"@id\":\"https:\/\/www.oc.com.tn\/fr\/#\/schema\/person\/image\/\",\"url\":\"https:\/\/secure.gravatar.com\/avatar\/61d83a4ac29a23ca8e4f6724b2138881ea510fe08034853f92679db97b103b3d?s=96&d=mm&r=g\",\"contentUrl\":\"https:\/\/secure.gravatar.com\/avatar\/61d83a4ac29a23ca8e4f6724b2138881ea510fe08034853f92679db97b103b3d?s=96&d=mm&r=g\",\"caption\":\"tender\"},\"url\":\"https:\/\/www.oc.com.tn\/fr\/author\/tender\/\"}]}<\/script>\n<!-- \/ Yoast SEO plugin. -->","yoast_head_json":{"title":"Visite de travail \u00e0 Jendouba et B\u00e9ja : Renforcement de la distribution des semences - Office des C\u00e9r\u00e9ales - Tunisie","description":"Office des C\u00e9r\u00e9ales","robots":{"index":"index","follow":"follow","max-snippet":"max-snippet:-1","max-image-preview":"max-image-preview:large","max-video-preview":"max-video-preview:-1"},"canonical":"https:\/\/www.oc.com.tn\/fr\/visite-de-travail-a-jendouba-et-beja-renforcement-de-la-distribution-des-semences\/","og_locale":"fr_FR","og_type":"article","og_title":"Visite de travail \u00e0 Jendouba et B\u00e9ja : Renforcement de la distribution des semences - Office des C\u00e9r\u00e9ales - Tunisie","og_description":"Office des C\u00e9r\u00e9ales","og_url":"https:\/\/www.oc.com.tn\/fr\/visite-de-travail-a-jendouba-et-beja-renforcement-de-la-distribution-des-semences\/","og_site_name":"Office des C\u00e9r\u00e9ales - Tunisie","article_publisher":"https:\/\/www.facebook.com\/profile.php?id=100069933501880","article_published_time":"2024-12-12T07:49:52+00:00","article_modified_time":"2024-12-12T07:49:55+00:00","og_image":[{"width":945,"height":645,"url":"https:\/\/www.oc.com.tn\/wp-content\/uploads\/2024\/12\/image-2.png","type":"image\/png"}],"author":"tender","twitter_card":"summary_large_image","twitter_misc":{"\u00c9crit par":"tender","Dur\u00e9e de lecture estim\u00e9e":"2 minutes"},"schema":{"@context":"https:\/\/schema.org","@graph":[{"@type":"Article","@id":"https:\/\/www.oc.com.tn\/fr\/visite-de-travail-a-jendouba-et-beja-renforcement-de-la-distribution-des-semences\/#article","isPartOf":{"@id":"https:\/\/www.oc.com.tn\/fr\/visite-de-travail-a-jendouba-et-beja-renforcement-de-la-distribution-des-semences\/"},"author":{"name":"tender","@id":"https:\/\/www.oc.com.tn\/fr\/#\/schema\/person\/7d67e98c12dbea10942a0f7988e7f7ac"},"headline":"Visite de travail \u00e0 Jendouba et B\u00e9ja : Renforcement de la distribution des semences","datePublished":"2024-12-12T07:49:52+00:00","dateModified":"2024-12-12T07:49:55+00:00","mainEntityOfPage":{"@id":"https:\/\/www.oc.com.tn\/fr\/visite-de-travail-a-jendouba-et-beja-renforcement-de-la-distribution-des-semences\/"},"wordCount":288,"publisher":{"@id":"https:\/\/www.oc.com.tn\/fr\/#organization"},"image":{"@id":"https:\/\/www.oc.com.tn\/fr\/visite-de-travail-a-jendouba-et-beja-renforcement-de-la-distribution-des-semences\/#primaryimage"},"thumbnailUrl":"https:\/\/www.oc.com.tn\/wp-content\/uploads\/2024\/12\/image-2.png","articleSection":["Actualit\u00e9s"],"inLanguage":"fr-FR"},{"@type":"WebPage","@id":"https:\/\/www.oc.com.tn\/fr\/visite-de-travail-a-jendouba-et-beja-renforcement-de-la-distribution-des-semences\/","url":"https:\/\/www.oc.com.tn\/fr\/visite-de-travail-a-jendouba-et-beja-renforcement-de-la-distribution-des-semences\/","name":"Visite de travail \u00e0 Jendouba et B\u00e9ja : Renforcement de la distribution des semences - Office des C\u00e9r\u00e9ales - Tunisie","isPartOf":{"@id":"https:\/\/www.oc.com.tn\/fr\/#website"},"primaryImageOfPage":{"@id":"https:\/\/www.oc.com.tn\/fr\/visite-de-travail-a-jendouba-et-beja-renforcement-de-la-distribution-des-semences\/#primaryimage"},"image":{"@id":"https:\/\/www.oc.com.tn\/fr\/visite-de-travail-a-jendouba-et-beja-renforcement-de-la-distribution-des-semences\/#primaryimage"},"thumbnailUrl":"https:\/\/www.oc.com.tn\/wp-content\/uploads\/2024\/12\/image-2.png","datePublished":"2024-12-12T07:49:52+00:00","dateModified":"2024-12-12T07:49:55+00:00","description":"Office des C\u00e9r\u00e9ales","breadcrumb":{"@id":"https:\/\/www.oc.com.tn\/fr\/visite-de-travail-a-jendouba-et-beja-renforcement-de-la-distribution-des-semences\/#breadcrumb"},"inLanguage":"fr-FR","potentialAction":[{"@type":"ReadAction","target":["https:\/\/www.oc.com.tn\/fr\/visite-de-travail-a-jendouba-et-beja-renforcement-de-la-distribution-des-semences\/"]}]},{"@type":"ImageObject","inLanguage":"fr-FR","@id":"https:\/\/www.oc.com.tn\/fr\/visite-de-travail-a-jendouba-et-beja-renforcement-de-la-distribution-des-semences\/#primaryimage","url":"https:\/\/www.oc.com.tn\/wp-content\/uploads\/2024\/12\/image-2.png","contentUrl":"https:\/\/www.oc.com.tn\/wp-content\/uploads\/2024\/12\/image-2.png","width":945,"height":645},{"@type":"BreadcrumbList","@id":"https:\/\/www.oc.com.tn\/fr\/visite-de-travail-a-jendouba-et-beja-renforcement-de-la-distribution-des-semences\/#breadcrumb","itemListElement":[{"@type":"ListItem","position":1,"name":"Accueil","item":"https:\/\/www.oc.com.tn\/fr\/"},{"@type":"ListItem","position":2,"name":"Visite de travail \u00e0 Jendouba et B\u00e9ja : Renforcement de la distribution des semences"}]},{"@type":"WebSite","@id":"https:\/\/www.oc.com.tn\/fr\/#website","url":"https:\/\/www.oc.com.tn\/fr\/","name":"Office des C\u00e9r\u00e9ales - Tunisie","description":"Office des C\u00e9r\u00e9ales - Tunisie","publisher":{"@id":"https:\/\/www.oc.com.tn\/fr\/#organization"},"alternateName":"Office des C\u00e9r\u00e9ales - Tunisie","potentialAction":[{"@type":"SearchAction","target":{"@type":"EntryPoint","urlTemplate":"https:\/\/www.oc.com.tn\/fr\/?s={search_term_string}"},"query-input":{"@type":"PropertyValueSpecification","valueRequired":true,"valueName":"search_term_string"}}],"inLanguage":"fr-FR"},{"@type":"Organization","@id":"https:\/\/www.oc.com.tn\/fr\/#organization","name":"Office des C\u00e9r\u00e9ales - Tunisie","url":"https:\/\/www.oc.com.tn\/fr\/","logo":{"@type":"ImageObject","inLanguage":"fr-FR","@id":"https:\/\/www.oc.com.tn\/fr\/#\/schema\/logo\/image\/","url":"https:\/\/www.oc.com.tn\/wp-content\/uploads\/2020\/07\/Logo.png","contentUrl":"https:\/\/www.oc.com.tn\/wp-content\/uploads\/2020\/07\/Logo.png","width":47,"height":74,"caption":"Office des C\u00e9r\u00e9ales - Tunisie"},"image":{"@id":"https:\/\/www.oc.com.tn\/fr\/#\/schema\/logo\/image\/"},"sameAs":["https:\/\/www.facebook.com\/profile.php?id=100069933501880"]},{"@type":"Person","@id":"https:\/\/www.oc.com.tn\/fr\/#\/schema\/person\/7d67e98c12dbea10942a0f7988e7f7ac","name":"tender","image":{"@type":"ImageObject","inLanguage":"fr-FR","@id":"https:\/\/www.oc.com.tn\/fr\/#\/schema\/person\/image\/","url":"https:\/\/secure.gravatar.com\/avatar\/61d83a4ac29a23ca8e4f6724b2138881ea510fe08034853f92679db97b103b3d?s=96&d=mm&r=g","contentUrl":"https:\/\/secure.gravatar.com\/avatar\/61d83a4ac29a23ca8e4f6724b2138881ea510fe08034853f92679db97b103b3d?s=96&d=mm&r=g","caption":"tender"},"url":"https:\/\/www.oc.com.tn\/fr\/author\/tender\/"}]}},"_links":{"self":[{"href":"https:\/\/www.oc.com.tn\/fr\/wp-json\/wp\/v2\/posts\/16271","targetHints":{"allow":["GET"]}}],"collection":[{"href":"https:\/\/www.oc.com.tn\/fr\/wp-json\/wp\/v2\/posts"}],"about":[{"href":"https:\/\/www.oc.com.tn\/fr\/wp-json\/wp\/v2\/types\/post"}],"author":[{"embeddable":true,"href":"https:\/\/www.oc.com.tn\/fr\/wp-json\/wp\/v2\/users\/5"}],"replies":[{"embeddable":true,"href":"https:\/\/www.oc.com.tn\/fr\/wp-json\/wp\/v2\/comments?post=16271"}],"version-history":[{"count":1,"href":"https:\/\/www.oc.com.tn\/fr\/wp-json\/wp\/v2\/posts\/16271\/revisions"}],"predecessor-version":[{"id":16284,"href":"https:\/\/www.oc.com.tn\/fr\/wp-json\/wp\/v2\/posts\/16271\/revisions\/16284"}],"wp:featuredmedia":[{"embeddable":true,"href":"https:\/\/www.oc.com.tn\/fr\/wp-json\/wp\/v2\/media\/16278"}],"wp:attachment":[{"href":"https:\/\/www.oc.com.tn\/fr\/wp-json\/wp\/v2\/media?parent=16271"}],"wp:term":[{"taxonomy":"category","embeddable":true,"href":"https:\/\/www.oc.com.tn\/fr\/wp-json\/wp\/v2\/categories?post=16271"},{"taxonomy":"post_tag","embeddable":true,"href":"https:\/\/www.oc.com.tn\/fr\/wp-json\/wp\/v2\/tags?post=16271"}],"curies":[{"name":"wp","href":"https:\/\/api.w.org\/{rel}","templated":true}]}}