

{"id":15930,"date":"2024-10-30T09:01:30","date_gmt":"2024-10-30T08:01:30","guid":{"rendered":"https:\/\/www.oc.com.tn\/?p=15930"},"modified":"2024-10-30T09:01:34","modified_gmt":"2024-10-30T08:01:34","slug":"visite-sur-terrain-de-la-directrice-generale-de-loffice-des-cereales-au-silo-de-djebel-jelloud","status":"publish","type":"post","link":"https:\/\/www.oc.com.tn\/fr\/visite-sur-terrain-de-la-directrice-generale-de-loffice-des-cereales-au-silo-de-djebel-jelloud\/","title":{"rendered":"Visite sur terrain de la Directrice G\u00e9n\u00e9rale de l&#8217;Office des C\u00e9r\u00e9ales au silo de Djebel Jelloud"},"content":{"rendered":"\n<p>Dans le cadre de la s\u00e9curisation de la saison de semences<strong> 2024\/2025<\/strong>, notamment les semences contr\u00f4l\u00e9es, Madame la Pr\u00e9sidente Directrice G\u00e9n\u00e9rale de l&#8217;Office des C\u00e9r\u00e9ales a effectu\u00e9 le <strong>28 octobre 2024<\/strong> une visite au <strong>silo de Djebel Jelloud<\/strong> afin de suivre l&#8217;op\u00e9ration de traitement et d\u2019ensachage d\u2019une quantit\u00e9 de semences d\u2019orge, r\u00e9alis\u00e9e par l\u2019entreprise contractante. \u00c0 l&#8217;occasion de cette visite, Madame la PDG a recommand\u00e9 de mobiliser tous les moyens n\u00e9cessaires pour acc\u00e9l\u00e9rer le rythme de distribution des semences, afin de les mettre \u00e0 la disposition des agriculteurs dans les meilleurs d\u00e9lais.<\/p>\n\n\n\n<figure class=\"wp-block-gallery aligncenter columns-3 is-cropped wp-block-gallery-1 is-layout-flex wp-block-gallery-is-layout-flex\"><ul class=\"blocks-gallery-grid\"><li class=\"blocks-gallery-item\"><figure><img fetchpriority=\"high\" decoding=\"async\" width=\"851\" height=\"567\" src=\"https:\/\/www.oc.com.tn\/wp-content\/uploads\/2024\/10\/1-1.jpg\" alt=\"\" data-id=\"15937\" data-full-url=\"https:\/\/www.oc.com.tn\/wp-content\/uploads\/2024\/10\/1-1.jpg\" data-link=\"https:\/\/www.oc.com.tn\/?attachment_id=15937\" class=\"wp-image-15937\" srcset=\"https:\/\/www.oc.com.tn\/wp-content\/uploads\/2024\/10\/1-1.jpg 851w, https:\/\/www.oc.com.tn\/wp-content\/uploads\/2024\/10\/1-1-300x200.jpg 300w, https:\/\/www.oc.com.tn\/wp-content\/uploads\/2024\/10\/1-1-768x512.jpg 768w, https:\/\/www.oc.com.tn\/wp-content\/uploads\/2024\/10\/1-1-730x486.jpg 730w\" sizes=\"(max-width: 851px) 100vw, 851px\" \/><\/figure><\/li><li class=\"blocks-gallery-item\"><figure><img decoding=\"async\" width=\"863\" height=\"574\" data-src=\"https:\/\/www.oc.com.tn\/wp-content\/uploads\/2024\/10\/3-1.jpg\" alt=\"\" data-id=\"15943\" data-full-url=\"https:\/\/www.oc.com.tn\/wp-content\/uploads\/2024\/10\/3-1.jpg\" data-link=\"https:\/\/www.oc.com.tn\/?attachment_id=15943\" class=\"wp-image-15943 lazyload\" data-srcset=\"https:\/\/www.oc.com.tn\/wp-content\/uploads\/2024\/10\/3-1.jpg 863w, https:\/\/www.oc.com.tn\/wp-content\/uploads\/2024\/10\/3-1-300x200.jpg 300w, https:\/\/www.oc.com.tn\/wp-content\/uploads\/2024\/10\/3-1-768x511.jpg 768w, https:\/\/www.oc.com.tn\/wp-content\/uploads\/2024\/10\/3-1-730x486.jpg 730w\" data-sizes=\"(max-width: 863px) 100vw, 863px\" src=\"data:image\/svg+xml;base64,PHN2ZyB3aWR0aD0iMSIgaGVpZ2h0PSIxIiB4bWxucz0iaHR0cDovL3d3dy53My5vcmcvMjAwMC9zdmciPjwvc3ZnPg==\" style=\"--smush-placeholder-width: 863px; --smush-placeholder-aspect-ratio: 863\/574;\" \/><\/figure><\/li><li class=\"blocks-gallery-item\"><figure><img decoding=\"async\" width=\"741\" height=\"494\" data-src=\"https:\/\/www.oc.com.tn\/wp-content\/uploads\/2024\/10\/4-1.jpg\" alt=\"\" data-id=\"15952\" data-full-url=\"https:\/\/www.oc.com.tn\/wp-content\/uploads\/2024\/10\/4-1.jpg\" data-link=\"https:\/\/www.oc.com.tn\/?attachment_id=15952\" class=\"wp-image-15952 lazyload\" data-srcset=\"https:\/\/www.oc.com.tn\/wp-content\/uploads\/2024\/10\/4-1.jpg 741w, https:\/\/www.oc.com.tn\/wp-content\/uploads\/2024\/10\/4-1-300x200.jpg 300w, https:\/\/www.oc.com.tn\/wp-content\/uploads\/2024\/10\/4-1-730x487.jpg 730w\" data-sizes=\"(max-width: 741px) 100vw, 741px\" src=\"data:image\/svg+xml;base64,PHN2ZyB3aWR0aD0iMSIgaGVpZ2h0PSIxIiB4bWxucz0iaHR0cDovL3d3dy53My5vcmcvMjAwMC9zdmciPjwvc3ZnPg==\" style=\"--smush-placeholder-width: 741px; --smush-placeholder-aspect-ratio: 741\/494;\" \/><\/figure><\/li><li class=\"blocks-gallery-item\"><figure><img decoding=\"async\" width=\"808\" height=\"539\" data-src=\"https:\/\/www.oc.com.tn\/wp-content\/uploads\/2024\/10\/5-1.jpg\" alt=\"\" data-id=\"15958\" data-full-url=\"https:\/\/www.oc.com.tn\/wp-content\/uploads\/2024\/10\/5-1.jpg\" data-link=\"https:\/\/www.oc.com.tn\/?attachment_id=15958\" class=\"wp-image-15958 lazyload\" data-srcset=\"https:\/\/www.oc.com.tn\/wp-content\/uploads\/2024\/10\/5-1.jpg 808w, https:\/\/www.oc.com.tn\/wp-content\/uploads\/2024\/10\/5-1-300x200.jpg 300w, https:\/\/www.oc.com.tn\/wp-content\/uploads\/2024\/10\/5-1-768x512.jpg 768w, https:\/\/www.oc.com.tn\/wp-content\/uploads\/2024\/10\/5-1-730x487.jpg 730w\" data-sizes=\"(max-width: 808px) 100vw, 808px\" src=\"data:image\/svg+xml;base64,PHN2ZyB3aWR0aD0iMSIgaGVpZ2h0PSIxIiB4bWxucz0iaHR0cDovL3d3dy53My5vcmcvMjAwMC9zdmciPjwvc3ZnPg==\" style=\"--smush-placeholder-width: 808px; --smush-placeholder-aspect-ratio: 808\/539;\" \/><\/figure><\/li><li class=\"blocks-gallery-item\"><figure><img decoding=\"async\" width=\"823\" height=\"547\" data-src=\"https:\/\/www.oc.com.tn\/wp-content\/uploads\/2024\/10\/6-2.jpg\" alt=\"\" data-id=\"15964\" data-full-url=\"https:\/\/www.oc.com.tn\/wp-content\/uploads\/2024\/10\/6-2.jpg\" data-link=\"https:\/\/www.oc.com.tn\/?attachment_id=15964\" class=\"wp-image-15964 lazyload\" data-srcset=\"https:\/\/www.oc.com.tn\/wp-content\/uploads\/2024\/10\/6-2.jpg 823w, https:\/\/www.oc.com.tn\/wp-content\/uploads\/2024\/10\/6-2-300x199.jpg 300w, https:\/\/www.oc.com.tn\/wp-content\/uploads\/2024\/10\/6-2-768x510.jpg 768w, https:\/\/www.oc.com.tn\/wp-content\/uploads\/2024\/10\/6-2-730x485.jpg 730w\" data-sizes=\"(max-width: 823px) 100vw, 823px\" src=\"data:image\/svg+xml;base64,PHN2ZyB3aWR0aD0iMSIgaGVpZ2h0PSIxIiB4bWxucz0iaHR0cDovL3d3dy53My5vcmcvMjAwMC9zdmciPjwvc3ZnPg==\" style=\"--smush-placeholder-width: 823px; --smush-placeholder-aspect-ratio: 823\/547;\" \/><\/figure><\/li><li class=\"blocks-gallery-item\"><figure><img decoding=\"async\" width=\"832\" height=\"555\" data-src=\"https:\/\/www.oc.com.tn\/wp-content\/uploads\/2024\/10\/7-2.jpg\" alt=\"\" data-id=\"15967\" data-full-url=\"https:\/\/www.oc.com.tn\/wp-content\/uploads\/2024\/10\/7-2.jpg\" data-link=\"https:\/\/www.oc.com.tn\/?attachment_id=15967\" class=\"wp-image-15967 lazyload\" data-srcset=\"https:\/\/www.oc.com.tn\/wp-content\/uploads\/2024\/10\/7-2.jpg 832w, https:\/\/www.oc.com.tn\/wp-content\/uploads\/2024\/10\/7-2-300x200.jpg 300w, https:\/\/www.oc.com.tn\/wp-content\/uploads\/2024\/10\/7-2-768x512.jpg 768w, https:\/\/www.oc.com.tn\/wp-content\/uploads\/2024\/10\/7-2-730x487.jpg 730w\" data-sizes=\"(max-width: 832px) 100vw, 832px\" src=\"data:image\/svg+xml;base64,PHN2ZyB3aWR0aD0iMSIgaGVpZ2h0PSIxIiB4bWxucz0iaHR0cDovL3d3dy53My5vcmcvMjAwMC9zdmciPjwvc3ZnPg==\" style=\"--smush-placeholder-width: 832px; --smush-placeholder-aspect-ratio: 832\/555;\" \/><\/figure><\/li><li class=\"blocks-gallery-item\"><figure><img decoding=\"async\" width=\"845\" height=\"564\" data-src=\"https:\/\/www.oc.com.tn\/wp-content\/uploads\/2024\/10\/8-1.jpg\" alt=\"\" data-id=\"15973\" data-full-url=\"https:\/\/www.oc.com.tn\/wp-content\/uploads\/2024\/10\/8-1.jpg\" data-link=\"https:\/\/www.oc.com.tn\/?attachment_id=15973\" class=\"wp-image-15973 lazyload\" data-srcset=\"https:\/\/www.oc.com.tn\/wp-content\/uploads\/2024\/10\/8-1.jpg 845w, https:\/\/www.oc.com.tn\/wp-content\/uploads\/2024\/10\/8-1-300x200.jpg 300w, https:\/\/www.oc.com.tn\/wp-content\/uploads\/2024\/10\/8-1-768x513.jpg 768w, https:\/\/www.oc.com.tn\/wp-content\/uploads\/2024\/10\/8-1-730x487.jpg 730w\" data-sizes=\"(max-width: 845px) 100vw, 845px\" src=\"data:image\/svg+xml;base64,PHN2ZyB3aWR0aD0iMSIgaGVpZ2h0PSIxIiB4bWxucz0iaHR0cDovL3d3dy53My5vcmcvMjAwMC9zdmciPjwvc3ZnPg==\" style=\"--smush-placeholder-width: 845px; --smush-placeholder-aspect-ratio: 845\/564;\" \/><\/figure><\/li><li class=\"blocks-gallery-item\"><figure><img decoding=\"async\" width=\"851\" height=\"567\" data-src=\"https:\/\/www.oc.com.tn\/wp-content\/uploads\/2024\/10\/9-1.jpg\" alt=\"\" data-id=\"15979\" data-full-url=\"https:\/\/www.oc.com.tn\/wp-content\/uploads\/2024\/10\/9-1.jpg\" data-link=\"https:\/\/www.oc.com.tn\/?attachment_id=15979\" class=\"wp-image-15979 lazyload\" data-srcset=\"https:\/\/www.oc.com.tn\/wp-content\/uploads\/2024\/10\/9-1.jpg 851w, https:\/\/www.oc.com.tn\/wp-content\/uploads\/2024\/10\/9-1-300x200.jpg 300w, https:\/\/www.oc.com.tn\/wp-content\/uploads\/2024\/10\/9-1-768x512.jpg 768w, https:\/\/www.oc.com.tn\/wp-content\/uploads\/2024\/10\/9-1-730x486.jpg 730w\" data-sizes=\"(max-width: 851px) 100vw, 851px\" src=\"data:image\/svg+xml;base64,PHN2ZyB3aWR0aD0iMSIgaGVpZ2h0PSIxIiB4bWxucz0iaHR0cDovL3d3dy53My5vcmcvMjAwMC9zdmciPjwvc3ZnPg==\" style=\"--smush-placeholder-width: 851px; --smush-placeholder-aspect-ratio: 851\/567;\" \/><\/figure><\/li><li class=\"blocks-gallery-item\"><figure><img decoding=\"async\" width=\"801\" height=\"534\" data-src=\"https:\/\/www.oc.com.tn\/wp-content\/uploads\/2024\/10\/10-1.jpg\" alt=\"\" data-id=\"15985\" data-full-url=\"https:\/\/www.oc.com.tn\/wp-content\/uploads\/2024\/10\/10-1.jpg\" data-link=\"https:\/\/www.oc.com.tn\/?attachment_id=15985\" class=\"wp-image-15985 lazyload\" data-srcset=\"https:\/\/www.oc.com.tn\/wp-content\/uploads\/2024\/10\/10-1.jpg 801w, https:\/\/www.oc.com.tn\/wp-content\/uploads\/2024\/10\/10-1-300x200.jpg 300w, https:\/\/www.oc.com.tn\/wp-content\/uploads\/2024\/10\/10-1-768x512.jpg 768w, https:\/\/www.oc.com.tn\/wp-content\/uploads\/2024\/10\/10-1-730x487.jpg 730w\" data-sizes=\"(max-width: 801px) 100vw, 801px\" src=\"data:image\/svg+xml;base64,PHN2ZyB3aWR0aD0iMSIgaGVpZ2h0PSIxIiB4bWxucz0iaHR0cDovL3d3dy53My5vcmcvMjAwMC9zdmciPjwvc3ZnPg==\" style=\"--smush-placeholder-width: 801px; --smush-placeholder-aspect-ratio: 801\/534;\" \/><\/figure><\/li><\/ul><\/figure>\n","protected":false},"excerpt":{"rendered":"<p>Dans le cadre de la s\u00e9curisation de la saison de semences 2024\/2025, notamment les semences contr\u00f4l\u00e9es, Madame la Pr\u00e9sidente Directrice G\u00e9n\u00e9rale de l&#8217;Office des C\u00e9r\u00e9ales a effectu\u00e9 le 28 octobre 2024 une visite au silo de Djebel Jelloud afin de suivre l&#8217;op\u00e9ration de traitement et d\u2019ensachage d\u2019une quantit\u00e9 de semences d\u2019orge, r\u00e9alis\u00e9e par l\u2019entreprise contractante. [&hellip;]<\/p>\n","protected":false},"author":5,"featured_media":15934,"comment_status":"closed","ping_status":"open","sticky":false,"template":"","format":"standard","meta":{"_monsterinsights_skip_tracking":false,"_monsterinsights_sitenote_active":false,"_monsterinsights_sitenote_note":"","_monsterinsights_sitenote_category":0,"footnotes":""},"categories":[98],"tags":[],"class_list":["post-15930","post","type-post","status-publish","format-standard","has-post-thumbnail","hentry","category-actualites"],"yoast_head":"<!-- This site is optimized with the Yoast SEO plugin v25.5 - https:\/\/yoast.com\/wordpress\/plugins\/seo\/ -->\n<title>Visite sur terrain de la Directrice G\u00e9n\u00e9rale de l&#039;Office des C\u00e9r\u00e9ales au silo de Djebel Jelloud - Office des C\u00e9r\u00e9ales - Tunisie<\/title>\n<meta name=\"description\" content=\"Office des C\u00e9r\u00e9ales\" \/>\n<meta name=\"robots\" content=\"index, follow, max-snippet:-1, max-image-preview:large, max-video-preview:-1\" \/>\n<link rel=\"canonical\" href=\"https:\/\/www.oc.com.tn\/fr\/visite-sur-terrain-de-la-directrice-generale-de-loffice-des-cereales-au-silo-de-djebel-jelloud\/\" \/>\n<meta property=\"og:locale\" content=\"fr_FR\" \/>\n<meta property=\"og:type\" content=\"article\" \/>\n<meta property=\"og:title\" content=\"Visite sur terrain de la Directrice G\u00e9n\u00e9rale de l&#039;Office des C\u00e9r\u00e9ales au silo de Djebel Jelloud - Office des C\u00e9r\u00e9ales - Tunisie\" \/>\n<meta property=\"og:description\" content=\"Office des C\u00e9r\u00e9ales\" \/>\n<meta property=\"og:url\" content=\"https:\/\/www.oc.com.tn\/fr\/visite-sur-terrain-de-la-directrice-generale-de-loffice-des-cereales-au-silo-de-djebel-jelloud\/\" \/>\n<meta property=\"og:site_name\" content=\"Office des C\u00e9r\u00e9ales - Tunisie\" \/>\n<meta property=\"article:publisher\" content=\"https:\/\/www.facebook.com\/profile.php?id=100069933501880\" \/>\n<meta property=\"article:published_time\" content=\"2024-10-30T08:01:30+00:00\" \/>\n<meta property=\"article:modified_time\" content=\"2024-10-30T08:01:34+00:00\" \/>\n<meta property=\"og:image\" content=\"https:\/\/www.oc.com.tn\/wp-content\/uploads\/2024\/10\/2.jpg\" \/>\n\t<meta property=\"og:image:width\" content=\"841\" \/>\n\t<meta property=\"og:image:height\" content=\"561\" \/>\n\t<meta property=\"og:image:type\" content=\"image\/jpeg\" \/>\n<meta name=\"author\" content=\"tender\" \/>\n<meta name=\"twitter:card\" content=\"summary_large_image\" \/>\n<meta name=\"twitter:label1\" content=\"\u00c9crit par\" \/>\n\t<meta name=\"twitter:data1\" content=\"tender\" \/>\n\t<meta name=\"twitter:label2\" content=\"Dur\u00e9e de lecture estim\u00e9e\" \/>\n\t<meta name=\"twitter:data2\" content=\"3 minutes\" \/>\n<script type=\"application\/ld+json\" class=\"yoast-schema-graph\">{\"@context\":\"https:\/\/schema.org\",\"@graph\":[{\"@type\":\"Article\",\"@id\":\"https:\/\/www.oc.com.tn\/fr\/visite-sur-terrain-de-la-directrice-generale-de-loffice-des-cereales-au-silo-de-djebel-jelloud\/#article\",\"isPartOf\":{\"@id\":\"https:\/\/www.oc.com.tn\/fr\/visite-sur-terrain-de-la-directrice-generale-de-loffice-des-cereales-au-silo-de-djebel-jelloud\/\"},\"author\":{\"name\":\"tender\",\"@id\":\"https:\/\/www.oc.com.tn\/fr\/#\/schema\/person\/7d67e98c12dbea10942a0f7988e7f7ac\"},\"headline\":\"Visite sur terrain de la Directrice G\u00e9n\u00e9rale de l&#8217;Office des C\u00e9r\u00e9ales au silo de Djebel Jelloud\",\"datePublished\":\"2024-10-30T08:01:30+00:00\",\"dateModified\":\"2024-10-30T08:01:34+00:00\",\"mainEntityOfPage\":{\"@id\":\"https:\/\/www.oc.com.tn\/fr\/visite-sur-terrain-de-la-directrice-generale-de-loffice-des-cereales-au-silo-de-djebel-jelloud\/\"},\"wordCount\":126,\"publisher\":{\"@id\":\"https:\/\/www.oc.com.tn\/fr\/#organization\"},\"image\":{\"@id\":\"https:\/\/www.oc.com.tn\/fr\/visite-sur-terrain-de-la-directrice-generale-de-loffice-des-cereales-au-silo-de-djebel-jelloud\/#primaryimage\"},\"thumbnailUrl\":\"https:\/\/www.oc.com.tn\/wp-content\/uploads\/2024\/10\/2.jpg\",\"articleSection\":[\"Actualit\u00e9s\"],\"inLanguage\":\"fr-FR\"},{\"@type\":\"WebPage\",\"@id\":\"https:\/\/www.oc.com.tn\/fr\/visite-sur-terrain-de-la-directrice-generale-de-loffice-des-cereales-au-silo-de-djebel-jelloud\/\",\"url\":\"https:\/\/www.oc.com.tn\/fr\/visite-sur-terrain-de-la-directrice-generale-de-loffice-des-cereales-au-silo-de-djebel-jelloud\/\",\"name\":\"Visite sur terrain de la Directrice G\u00e9n\u00e9rale de l'Office des C\u00e9r\u00e9ales au silo de Djebel Jelloud - Office des C\u00e9r\u00e9ales - Tunisie\",\"isPartOf\":{\"@id\":\"https:\/\/www.oc.com.tn\/fr\/#website\"},\"primaryImageOfPage\":{\"@id\":\"https:\/\/www.oc.com.tn\/fr\/visite-sur-terrain-de-la-directrice-generale-de-loffice-des-cereales-au-silo-de-djebel-jelloud\/#primaryimage\"},\"image\":{\"@id\":\"https:\/\/www.oc.com.tn\/fr\/visite-sur-terrain-de-la-directrice-generale-de-loffice-des-cereales-au-silo-de-djebel-jelloud\/#primaryimage\"},\"thumbnailUrl\":\"https:\/\/www.oc.com.tn\/wp-content\/uploads\/2024\/10\/2.jpg\",\"datePublished\":\"2024-10-30T08:01:30+00:00\",\"dateModified\":\"2024-10-30T08:01:34+00:00\",\"description\":\"Office des C\u00e9r\u00e9ales\",\"breadcrumb\":{\"@id\":\"https:\/\/www.oc.com.tn\/fr\/visite-sur-terrain-de-la-directrice-generale-de-loffice-des-cereales-au-silo-de-djebel-jelloud\/#breadcrumb\"},\"inLanguage\":\"fr-FR\",\"potentialAction\":[{\"@type\":\"ReadAction\",\"target\":[\"https:\/\/www.oc.com.tn\/fr\/visite-sur-terrain-de-la-directrice-generale-de-loffice-des-cereales-au-silo-de-djebel-jelloud\/\"]}]},{\"@type\":\"ImageObject\",\"inLanguage\":\"fr-FR\",\"@id\":\"https:\/\/www.oc.com.tn\/fr\/visite-sur-terrain-de-la-directrice-generale-de-loffice-des-cereales-au-silo-de-djebel-jelloud\/#primaryimage\",\"url\":\"https:\/\/www.oc.com.tn\/wp-content\/uploads\/2024\/10\/2.jpg\",\"contentUrl\":\"https:\/\/www.oc.com.tn\/wp-content\/uploads\/2024\/10\/2.jpg\",\"width\":841,\"height\":561},{\"@type\":\"BreadcrumbList\",\"@id\":\"https:\/\/www.oc.com.tn\/fr\/visite-sur-terrain-de-la-directrice-generale-de-loffice-des-cereales-au-silo-de-djebel-jelloud\/#breadcrumb\",\"itemListElement\":[{\"@type\":\"ListItem\",\"position\":1,\"name\":\"Accueil\",\"item\":\"https:\/\/www.oc.com.tn\/fr\/\"},{\"@type\":\"ListItem\",\"position\":2,\"name\":\"Visite sur terrain de la Directrice G\u00e9n\u00e9rale de l&rsquo;Office des C\u00e9r\u00e9ales au silo de Djebel Jelloud\"}]},{\"@type\":\"WebSite\",\"@id\":\"https:\/\/www.oc.com.tn\/fr\/#website\",\"url\":\"https:\/\/www.oc.com.tn\/fr\/\",\"name\":\"Office des C\u00e9r\u00e9ales - Tunisie\",\"description\":\"Office des C\u00e9r\u00e9ales - Tunisie\",\"publisher\":{\"@id\":\"https:\/\/www.oc.com.tn\/fr\/#organization\"},\"alternateName\":\"Office des C\u00e9r\u00e9ales - Tunisie\",\"potentialAction\":[{\"@type\":\"SearchAction\",\"target\":{\"@type\":\"EntryPoint\",\"urlTemplate\":\"https:\/\/www.oc.com.tn\/fr\/?s={search_term_string}\"},\"query-input\":{\"@type\":\"PropertyValueSpecification\",\"valueRequired\":true,\"valueName\":\"search_term_string\"}}],\"inLanguage\":\"fr-FR\"},{\"@type\":\"Organization\",\"@id\":\"https:\/\/www.oc.com.tn\/fr\/#organization\",\"name\":\"Office des C\u00e9r\u00e9ales - Tunisie\",\"url\":\"https:\/\/www.oc.com.tn\/fr\/\",\"logo\":{\"@type\":\"ImageObject\",\"inLanguage\":\"fr-FR\",\"@id\":\"https:\/\/www.oc.com.tn\/fr\/#\/schema\/logo\/image\/\",\"url\":\"https:\/\/www.oc.com.tn\/wp-content\/uploads\/2020\/07\/Logo.png\",\"contentUrl\":\"https:\/\/www.oc.com.tn\/wp-content\/uploads\/2020\/07\/Logo.png\",\"width\":47,\"height\":74,\"caption\":\"Office des C\u00e9r\u00e9ales - Tunisie\"},\"image\":{\"@id\":\"https:\/\/www.oc.com.tn\/fr\/#\/schema\/logo\/image\/\"},\"sameAs\":[\"https:\/\/www.facebook.com\/profile.php?id=100069933501880\"]},{\"@type\":\"Person\",\"@id\":\"https:\/\/www.oc.com.tn\/fr\/#\/schema\/person\/7d67e98c12dbea10942a0f7988e7f7ac\",\"name\":\"tender\",\"image\":{\"@type\":\"ImageObject\",\"inLanguage\":\"fr-FR\",\"@id\":\"https:\/\/www.oc.com.tn\/fr\/#\/schema\/person\/image\/\",\"url\":\"https:\/\/secure.gravatar.com\/avatar\/61d83a4ac29a23ca8e4f6724b2138881ea510fe08034853f92679db97b103b3d?s=96&d=mm&r=g\",\"contentUrl\":\"https:\/\/secure.gravatar.com\/avatar\/61d83a4ac29a23ca8e4f6724b2138881ea510fe08034853f92679db97b103b3d?s=96&d=mm&r=g\",\"caption\":\"tender\"},\"url\":\"https:\/\/www.oc.com.tn\/fr\/author\/tender\/\"}]}<\/script>\n<!-- \/ Yoast SEO plugin. -->","yoast_head_json":{"title":"Visite sur terrain de la Directrice G\u00e9n\u00e9rale de l'Office des C\u00e9r\u00e9ales au silo de Djebel Jelloud - Office des C\u00e9r\u00e9ales - Tunisie","description":"Office des C\u00e9r\u00e9ales","robots":{"index":"index","follow":"follow","max-snippet":"max-snippet:-1","max-image-preview":"max-image-preview:large","max-video-preview":"max-video-preview:-1"},"canonical":"https:\/\/www.oc.com.tn\/fr\/visite-sur-terrain-de-la-directrice-generale-de-loffice-des-cereales-au-silo-de-djebel-jelloud\/","og_locale":"fr_FR","og_type":"article","og_title":"Visite sur terrain de la Directrice G\u00e9n\u00e9rale de l'Office des C\u00e9r\u00e9ales au silo de Djebel Jelloud - Office des C\u00e9r\u00e9ales - Tunisie","og_description":"Office des C\u00e9r\u00e9ales","og_url":"https:\/\/www.oc.com.tn\/fr\/visite-sur-terrain-de-la-directrice-generale-de-loffice-des-cereales-au-silo-de-djebel-jelloud\/","og_site_name":"Office des C\u00e9r\u00e9ales - Tunisie","article_publisher":"https:\/\/www.facebook.com\/profile.php?id=100069933501880","article_published_time":"2024-10-30T08:01:30+00:00","article_modified_time":"2024-10-30T08:01:34+00:00","og_image":[{"width":841,"height":561,"url":"https:\/\/www.oc.com.tn\/wp-content\/uploads\/2024\/10\/2.jpg","type":"image\/jpeg"}],"author":"tender","twitter_card":"summary_large_image","twitter_misc":{"\u00c9crit par":"tender","Dur\u00e9e de lecture estim\u00e9e":"3 minutes"},"schema":{"@context":"https:\/\/schema.org","@graph":[{"@type":"Article","@id":"https:\/\/www.oc.com.tn\/fr\/visite-sur-terrain-de-la-directrice-generale-de-loffice-des-cereales-au-silo-de-djebel-jelloud\/#article","isPartOf":{"@id":"https:\/\/www.oc.com.tn\/fr\/visite-sur-terrain-de-la-directrice-generale-de-loffice-des-cereales-au-silo-de-djebel-jelloud\/"},"author":{"name":"tender","@id":"https:\/\/www.oc.com.tn\/fr\/#\/schema\/person\/7d67e98c12dbea10942a0f7988e7f7ac"},"headline":"Visite sur terrain de la Directrice G\u00e9n\u00e9rale de l&#8217;Office des C\u00e9r\u00e9ales au silo de Djebel Jelloud","datePublished":"2024-10-30T08:01:30+00:00","dateModified":"2024-10-30T08:01:34+00:00","mainEntityOfPage":{"@id":"https:\/\/www.oc.com.tn\/fr\/visite-sur-terrain-de-la-directrice-generale-de-loffice-des-cereales-au-silo-de-djebel-jelloud\/"},"wordCount":126,"publisher":{"@id":"https:\/\/www.oc.com.tn\/fr\/#organization"},"image":{"@id":"https:\/\/www.oc.com.tn\/fr\/visite-sur-terrain-de-la-directrice-generale-de-loffice-des-cereales-au-silo-de-djebel-jelloud\/#primaryimage"},"thumbnailUrl":"https:\/\/www.oc.com.tn\/wp-content\/uploads\/2024\/10\/2.jpg","articleSection":["Actualit\u00e9s"],"inLanguage":"fr-FR"},{"@type":"WebPage","@id":"https:\/\/www.oc.com.tn\/fr\/visite-sur-terrain-de-la-directrice-generale-de-loffice-des-cereales-au-silo-de-djebel-jelloud\/","url":"https:\/\/www.oc.com.tn\/fr\/visite-sur-terrain-de-la-directrice-generale-de-loffice-des-cereales-au-silo-de-djebel-jelloud\/","name":"Visite sur terrain de la Directrice G\u00e9n\u00e9rale de l'Office des C\u00e9r\u00e9ales au silo de Djebel Jelloud - Office des C\u00e9r\u00e9ales - Tunisie","isPartOf":{"@id":"https:\/\/www.oc.com.tn\/fr\/#website"},"primaryImageOfPage":{"@id":"https:\/\/www.oc.com.tn\/fr\/visite-sur-terrain-de-la-directrice-generale-de-loffice-des-cereales-au-silo-de-djebel-jelloud\/#primaryimage"},"image":{"@id":"https:\/\/www.oc.com.tn\/fr\/visite-sur-terrain-de-la-directrice-generale-de-loffice-des-cereales-au-silo-de-djebel-jelloud\/#primaryimage"},"thumbnailUrl":"https:\/\/www.oc.com.tn\/wp-content\/uploads\/2024\/10\/2.jpg","datePublished":"2024-10-30T08:01:30+00:00","dateModified":"2024-10-30T08:01:34+00:00","description":"Office des C\u00e9r\u00e9ales","breadcrumb":{"@id":"https:\/\/www.oc.com.tn\/fr\/visite-sur-terrain-de-la-directrice-generale-de-loffice-des-cereales-au-silo-de-djebel-jelloud\/#breadcrumb"},"inLanguage":"fr-FR","potentialAction":[{"@type":"ReadAction","target":["https:\/\/www.oc.com.tn\/fr\/visite-sur-terrain-de-la-directrice-generale-de-loffice-des-cereales-au-silo-de-djebel-jelloud\/"]}]},{"@type":"ImageObject","inLanguage":"fr-FR","@id":"https:\/\/www.oc.com.tn\/fr\/visite-sur-terrain-de-la-directrice-generale-de-loffice-des-cereales-au-silo-de-djebel-jelloud\/#primaryimage","url":"https:\/\/www.oc.com.tn\/wp-content\/uploads\/2024\/10\/2.jpg","contentUrl":"https:\/\/www.oc.com.tn\/wp-content\/uploads\/2024\/10\/2.jpg","width":841,"height":561},{"@type":"BreadcrumbList","@id":"https:\/\/www.oc.com.tn\/fr\/visite-sur-terrain-de-la-directrice-generale-de-loffice-des-cereales-au-silo-de-djebel-jelloud\/#breadcrumb","itemListElement":[{"@type":"ListItem","position":1,"name":"Accueil","item":"https:\/\/www.oc.com.tn\/fr\/"},{"@type":"ListItem","position":2,"name":"Visite sur terrain de la Directrice G\u00e9n\u00e9rale de l&rsquo;Office des C\u00e9r\u00e9ales au silo de Djebel Jelloud"}]},{"@type":"WebSite","@id":"https:\/\/www.oc.com.tn\/fr\/#website","url":"https:\/\/www.oc.com.tn\/fr\/","name":"Office des C\u00e9r\u00e9ales - Tunisie","description":"Office des C\u00e9r\u00e9ales - Tunisie","publisher":{"@id":"https:\/\/www.oc.com.tn\/fr\/#organization"},"alternateName":"Office des C\u00e9r\u00e9ales - Tunisie","potentialAction":[{"@type":"SearchAction","target":{"@type":"EntryPoint","urlTemplate":"https:\/\/www.oc.com.tn\/fr\/?s={search_term_string}"},"query-input":{"@type":"PropertyValueSpecification","valueRequired":true,"valueName":"search_term_string"}}],"inLanguage":"fr-FR"},{"@type":"Organization","@id":"https:\/\/www.oc.com.tn\/fr\/#organization","name":"Office des C\u00e9r\u00e9ales - Tunisie","url":"https:\/\/www.oc.com.tn\/fr\/","logo":{"@type":"ImageObject","inLanguage":"fr-FR","@id":"https:\/\/www.oc.com.tn\/fr\/#\/schema\/logo\/image\/","url":"https:\/\/www.oc.com.tn\/wp-content\/uploads\/2020\/07\/Logo.png","contentUrl":"https:\/\/www.oc.com.tn\/wp-content\/uploads\/2020\/07\/Logo.png","width":47,"height":74,"caption":"Office des C\u00e9r\u00e9ales - Tunisie"},"image":{"@id":"https:\/\/www.oc.com.tn\/fr\/#\/schema\/logo\/image\/"},"sameAs":["https:\/\/www.facebook.com\/profile.php?id=100069933501880"]},{"@type":"Person","@id":"https:\/\/www.oc.com.tn\/fr\/#\/schema\/person\/7d67e98c12dbea10942a0f7988e7f7ac","name":"tender","image":{"@type":"ImageObject","inLanguage":"fr-FR","@id":"https:\/\/www.oc.com.tn\/fr\/#\/schema\/person\/image\/","url":"https:\/\/secure.gravatar.com\/avatar\/61d83a4ac29a23ca8e4f6724b2138881ea510fe08034853f92679db97b103b3d?s=96&d=mm&r=g","contentUrl":"https:\/\/secure.gravatar.com\/avatar\/61d83a4ac29a23ca8e4f6724b2138881ea510fe08034853f92679db97b103b3d?s=96&d=mm&r=g","caption":"tender"},"url":"https:\/\/www.oc.com.tn\/fr\/author\/tender\/"}]}},"_links":{"self":[{"href":"https:\/\/www.oc.com.tn\/fr\/wp-json\/wp\/v2\/posts\/15930","targetHints":{"allow":["GET"]}}],"collection":[{"href":"https:\/\/www.oc.com.tn\/fr\/wp-json\/wp\/v2\/posts"}],"about":[{"href":"https:\/\/www.oc.com.tn\/fr\/wp-json\/wp\/v2\/types\/post"}],"author":[{"embeddable":true,"href":"https:\/\/www.oc.com.tn\/fr\/wp-json\/wp\/v2\/users\/5"}],"replies":[{"embeddable":true,"href":"https:\/\/www.oc.com.tn\/fr\/wp-json\/wp\/v2\/comments?post=15930"}],"version-history":[{"count":1,"href":"https:\/\/www.oc.com.tn\/fr\/wp-json\/wp\/v2\/posts\/15930\/revisions"}],"predecessor-version":[{"id":15988,"href":"https:\/\/www.oc.com.tn\/fr\/wp-json\/wp\/v2\/posts\/15930\/revisions\/15988"}],"wp:featuredmedia":[{"embeddable":true,"href":"https:\/\/www.oc.com.tn\/fr\/wp-json\/wp\/v2\/media\/15934"}],"wp:attachment":[{"href":"https:\/\/www.oc.com.tn\/fr\/wp-json\/wp\/v2\/media?parent=15930"}],"wp:term":[{"taxonomy":"category","embeddable":true,"href":"https:\/\/www.oc.com.tn\/fr\/wp-json\/wp\/v2\/categories?post=15930"},{"taxonomy":"post_tag","embeddable":true,"href":"https:\/\/www.oc.com.tn\/fr\/wp-json\/wp\/v2\/tags?post=15930"}],"curies":[{"name":"wp","href":"https:\/\/api.w.org\/{rel}","templated":true}]}}