

{"id":15860,"date":"2024-10-21T09:36:47","date_gmt":"2024-10-21T07:36:47","guid":{"rendered":"https:\/\/www.oc.com.tn\/?p=15860"},"modified":"2024-10-21T09:36:51","modified_gmt":"2024-10-21T07:36:51","slug":"reunion-de-travail-sur-le-role-strategique-de-loffice-des-cereales-dans-la-filiere-cerealiere-et-les-perspectives-de-son-developpement-tenue-sous-legide-du-ministre-de-lagriculture-des-ressourc","status":"publish","type":"post","link":"https:\/\/www.oc.com.tn\/fr\/reunion-de-travail-sur-le-role-strategique-de-loffice-des-cereales-dans-la-filiere-cerealiere-et-les-perspectives-de-son-developpement-tenue-sous-legide-du-ministre-de-lagriculture-des-ressourc\/","title":{"rendered":"R\u00e9union de travail sur le r\u00f4le strat\u00e9gique de l&#8217;Office des C\u00e9r\u00e9ales dans la fili\u00e8re c\u00e9r\u00e9ali\u00e8re et les perspectives de son d\u00e9veloppement, tenue sous l&#8217;\u00e9gide du Ministre de l&#8217;Agriculture des Ressources hydrauliques et de la P\u00eache"},"content":{"rendered":"\n<p><strong>Le jeudi 17 octobre 2024<\/strong>, <strong>M. Ezzeddine Ben Cheikh<\/strong>, ministre de l&#8217;Agriculture, des Ressources hydrauliques et de la P\u00eache, a pr\u00e9sid\u00e9 une s\u00e9ance de travail consacr\u00e9e \u00e0 l\u2019\u00e9valuation du r\u00f4le de l&#8217;Office des C\u00e9r\u00e9ales. Cette rencontre a r\u00e9uni le Chef de cabinet, la Pr\u00e9sidente Directrice G\u00e9n\u00e9rale de l&#8217;Office des C\u00e9r\u00e9ales, ainsi que plusieurs cadres de l\u2019Office.<\/p>\n\n\n\n<p>Lors de cette r\u00e9union, un expos\u00e9 a \u00e9t\u00e9 pr\u00e9sent\u00e9, mettant en lumi\u00e8re l&#8217;importance cruciale de l&#8217;Office des C\u00e9r\u00e9ales au sein de la fili\u00e8re c\u00e9r\u00e9ali\u00e8re, soulignant ses missions strat\u00e9giques et son r\u00f4le central dans l&#8217;approvisionnement du pays en c\u00e9r\u00e9ales locales et import\u00e9es, la r\u00e9gulation du march\u00e9, la supervision de la saison de collecte des c\u00e9r\u00e9ales, ainsi que la constitution de stocks strat\u00e9giques de c\u00e9r\u00e9ales destin\u00e9es \u00e0 la consommation et aux semences, tout en assurant la continuit\u00e9 du service public.<\/p>\n\n\n\n<p>Au cours de la s\u00e9ance de travail, a \u00e9t\u00e9 abord\u00e9 \u00e9galement les d\u00e9fis auxquels fait face l&#8217;Office des C\u00e9r\u00e9ales, notamment sur les plans financier et logistique et plusieurs pistes d\u2019am\u00e9lioration ont \u00e9t\u00e9 explor\u00e9es, notamment le d\u00e9veloppement du transport ferroviaire des c\u00e9r\u00e9ales et la construction de nouveaux silos de stockage dans le cadre de projets d&#8217;investissement financ\u00e9s par des bailleurs de fond.<\/p>\n\n\n\n<p>\u00c0 l\u2019issue de la r\u00e9union, M. le ministre a pr\u00e9conis\u00e9 l&#8217;\u00e9laboration d&#8217;un plan d&#8217;action \u00e0 moyen terme pour moderniser les activit\u00e9s de l&#8217;office, en prenant en compte les priorit\u00e9s urgentes, avec pour objectif de renforcer la gouvernance de la fili\u00e8re c\u00e9r\u00e9ali\u00e8re \u00e0 tous les niveaux tout en garantissant les conditions optimales pour pr\u00e9server la qualit\u00e9 des c\u00e9r\u00e9ales.<\/p>\n\n\n\n<figure class=\"wp-block-gallery aligncenter columns-3 is-cropped wp-block-gallery-1 is-layout-flex wp-block-gallery-is-layout-flex\"><ul class=\"blocks-gallery-grid\"><li class=\"blocks-gallery-item\"><figure><img fetchpriority=\"high\" decoding=\"async\" width=\"927\" height=\"638\" src=\"http:\/\/www.oc.com.tn\/wp-content\/uploads\/2024\/10\/oc5.jpg\" alt=\"\" data-id=\"15864\" data-full-url=\"http:\/\/www.oc.com.tn\/wp-content\/uploads\/2024\/10\/oc5.jpg\" data-link=\"https:\/\/www.oc.com.tn\/fr\/oc5\/\" class=\"wp-image-15864\" srcset=\"https:\/\/www.oc.com.tn\/wp-content\/uploads\/2024\/10\/oc5.jpg 927w, https:\/\/www.oc.com.tn\/wp-content\/uploads\/2024\/10\/oc5-300x206.jpg 300w, https:\/\/www.oc.com.tn\/wp-content\/uploads\/2024\/10\/oc5-768x529.jpg 768w, https:\/\/www.oc.com.tn\/wp-content\/uploads\/2024\/10\/oc5-730x502.jpg 730w\" sizes=\"(max-width: 927px) 100vw, 927px\" \/><\/figure><\/li><li class=\"blocks-gallery-item\"><figure><img decoding=\"async\" width=\"693\" height=\"359\" data-src=\"http:\/\/www.oc.com.tn\/wp-content\/uploads\/2024\/10\/oc4.jpg\" alt=\"\" data-id=\"15861\" data-full-url=\"http:\/\/www.oc.com.tn\/wp-content\/uploads\/2024\/10\/oc4.jpg\" data-link=\"https:\/\/www.oc.com.tn\/fr\/oc4-4\/\" class=\"wp-image-15861 lazyload\" data-srcset=\"https:\/\/www.oc.com.tn\/wp-content\/uploads\/2024\/10\/oc4.jpg 693w, https:\/\/www.oc.com.tn\/wp-content\/uploads\/2024\/10\/oc4-300x155.jpg 300w\" data-sizes=\"(max-width: 693px) 100vw, 693px\" src=\"data:image\/svg+xml;base64,PHN2ZyB3aWR0aD0iMSIgaGVpZ2h0PSIxIiB4bWxucz0iaHR0cDovL3d3dy53My5vcmcvMjAwMC9zdmciPjwvc3ZnPg==\" style=\"--smush-placeholder-width: 693px; --smush-placeholder-aspect-ratio: 693\/359;\" \/><\/figure><\/li><li class=\"blocks-gallery-item\"><figure><img decoding=\"async\" width=\"1024\" height=\"682\" data-src=\"http:\/\/www.oc.com.tn\/wp-content\/uploads\/2024\/10\/oc3-1024x682.jpg\" alt=\"\" data-id=\"15857\" data-full-url=\"http:\/\/www.oc.com.tn\/wp-content\/uploads\/2024\/10\/oc3.jpg\" data-link=\"https:\/\/www.oc.com.tn\/fr\/oc3-5\/\" class=\"wp-image-15857 lazyload\" data-srcset=\"https:\/\/www.oc.com.tn\/wp-content\/uploads\/2024\/10\/oc3-1024x682.jpg 1024w, https:\/\/www.oc.com.tn\/wp-content\/uploads\/2024\/10\/oc3-300x200.jpg 300w, https:\/\/www.oc.com.tn\/wp-content\/uploads\/2024\/10\/oc3-768x512.jpg 768w, https:\/\/www.oc.com.tn\/wp-content\/uploads\/2024\/10\/oc3-730x486.jpg 730w, https:\/\/www.oc.com.tn\/wp-content\/uploads\/2024\/10\/oc3-1070x713.jpg 1070w, https:\/\/www.oc.com.tn\/wp-content\/uploads\/2024\/10\/oc3.jpg 1387w\" data-sizes=\"(max-width: 1024px) 100vw, 1024px\" src=\"data:image\/svg+xml;base64,PHN2ZyB3aWR0aD0iMSIgaGVpZ2h0PSIxIiB4bWxucz0iaHR0cDovL3d3dy53My5vcmcvMjAwMC9zdmciPjwvc3ZnPg==\" style=\"--smush-placeholder-width: 1024px; --smush-placeholder-aspect-ratio: 1024\/682;\" \/><\/figure><\/li><li class=\"blocks-gallery-item\"><figure><img decoding=\"async\" width=\"1024\" height=\"644\" data-src=\"http:\/\/www.oc.com.tn\/wp-content\/uploads\/2024\/10\/oc2-1024x644.jpg\" alt=\"\" data-id=\"15854\" data-full-url=\"http:\/\/www.oc.com.tn\/wp-content\/uploads\/2024\/10\/oc2.jpg\" data-link=\"https:\/\/www.oc.com.tn\/fr\/oc2-5\/\" class=\"wp-image-15854 lazyload\" data-srcset=\"https:\/\/www.oc.com.tn\/wp-content\/uploads\/2024\/10\/oc2-1024x644.jpg 1024w, https:\/\/www.oc.com.tn\/wp-content\/uploads\/2024\/10\/oc2-300x189.jpg 300w, https:\/\/www.oc.com.tn\/wp-content\/uploads\/2024\/10\/oc2-768x483.jpg 768w, https:\/\/www.oc.com.tn\/wp-content\/uploads\/2024\/10\/oc2-730x459.jpg 730w, https:\/\/www.oc.com.tn\/wp-content\/uploads\/2024\/10\/oc2-1070x673.jpg 1070w, https:\/\/www.oc.com.tn\/wp-content\/uploads\/2024\/10\/oc2.jpg 1387w\" data-sizes=\"(max-width: 1024px) 100vw, 1024px\" src=\"data:image\/svg+xml;base64,PHN2ZyB3aWR0aD0iMSIgaGVpZ2h0PSIxIiB4bWxucz0iaHR0cDovL3d3dy53My5vcmcvMjAwMC9zdmciPjwvc3ZnPg==\" style=\"--smush-placeholder-width: 1024px; --smush-placeholder-aspect-ratio: 1024\/644;\" \/><\/figure><\/li><li class=\"blocks-gallery-item\"><figure><img decoding=\"async\" width=\"1024\" height=\"677\" data-src=\"http:\/\/www.oc.com.tn\/wp-content\/uploads\/2024\/10\/oc1-1024x677.jpg\" alt=\"\" data-id=\"15851\" data-full-url=\"http:\/\/www.oc.com.tn\/wp-content\/uploads\/2024\/10\/oc1.jpg\" data-link=\"https:\/\/www.oc.com.tn\/fr\/oc1-7\/\" class=\"wp-image-15851 lazyload\" data-srcset=\"https:\/\/www.oc.com.tn\/wp-content\/uploads\/2024\/10\/oc1-1024x677.jpg 1024w, https:\/\/www.oc.com.tn\/wp-content\/uploads\/2024\/10\/oc1-300x198.jpg 300w, https:\/\/www.oc.com.tn\/wp-content\/uploads\/2024\/10\/oc1-768x508.jpg 768w, https:\/\/www.oc.com.tn\/wp-content\/uploads\/2024\/10\/oc1-730x483.jpg 730w, https:\/\/www.oc.com.tn\/wp-content\/uploads\/2024\/10\/oc1-1070x707.jpg 1070w, https:\/\/www.oc.com.tn\/wp-content\/uploads\/2024\/10\/oc1.jpg 1180w\" data-sizes=\"(max-width: 1024px) 100vw, 1024px\" src=\"data:image\/svg+xml;base64,PHN2ZyB3aWR0aD0iMSIgaGVpZ2h0PSIxIiB4bWxucz0iaHR0cDovL3d3dy53My5vcmcvMjAwMC9zdmciPjwvc3ZnPg==\" style=\"--smush-placeholder-width: 1024px; --smush-placeholder-aspect-ratio: 1024\/677;\" \/><\/figure><\/li><\/ul><\/figure>\n","protected":false},"excerpt":{"rendered":"<p>Le jeudi 17 octobre 2024, M. Ezzeddine Ben Cheikh, ministre de l&#8217;Agriculture, des Ressources hydrauliques et de la P\u00eache, a pr\u00e9sid\u00e9 une s\u00e9ance de travail consacr\u00e9e \u00e0 l\u2019\u00e9valuation du r\u00f4le de l&#8217;Office des C\u00e9r\u00e9ales. Cette rencontre a r\u00e9uni le Chef de cabinet, la Pr\u00e9sidente Directrice G\u00e9n\u00e9rale de l&#8217;Office des C\u00e9r\u00e9ales, ainsi que plusieurs cadres de [&hellip;]<\/p>\n","protected":false},"author":5,"featured_media":15854,"comment_status":"closed","ping_status":"open","sticky":false,"template":"","format":"standard","meta":{"_monsterinsights_skip_tracking":false,"_monsterinsights_sitenote_active":false,"_monsterinsights_sitenote_note":"","_monsterinsights_sitenote_category":0,"footnotes":""},"categories":[98],"tags":[],"class_list":["post-15860","post","type-post","status-publish","format-standard","has-post-thumbnail","hentry","category-actualites"],"yoast_head":"<!-- This site is optimized with the Yoast SEO plugin v25.5 - https:\/\/yoast.com\/wordpress\/plugins\/seo\/ -->\n<title>R\u00e9union de travail sur le r\u00f4le strat\u00e9gique de l&#039;Office des C\u00e9r\u00e9ales dans la fili\u00e8re c\u00e9r\u00e9ali\u00e8re et les perspectives de son d\u00e9veloppement, tenue sous l&#039;\u00e9gide du Ministre de l&#039;Agriculture des Ressources hydrauliques et de la P\u00eache - Office des C\u00e9r\u00e9ales - Tunisie<\/title>\n<meta name=\"description\" content=\"Office des C\u00e9r\u00e9ales\" \/>\n<meta name=\"robots\" content=\"index, follow, max-snippet:-1, max-image-preview:large, max-video-preview:-1\" \/>\n<link rel=\"canonical\" href=\"https:\/\/www.oc.com.tn\/fr\/reunion-de-travail-sur-le-role-strategique-de-loffice-des-cereales-dans-la-filiere-cerealiere-et-les-perspectives-de-son-developpement-tenue-sous-legide-du-ministre-de-lagriculture-des-ressourc\/\" \/>\n<meta property=\"og:locale\" content=\"fr_FR\" \/>\n<meta property=\"og:type\" content=\"article\" \/>\n<meta property=\"og:title\" content=\"R\u00e9union de travail sur le r\u00f4le strat\u00e9gique de l&#039;Office des C\u00e9r\u00e9ales dans la fili\u00e8re c\u00e9r\u00e9ali\u00e8re et les perspectives de son d\u00e9veloppement, tenue sous l&#039;\u00e9gide du Ministre de l&#039;Agriculture des Ressources hydrauliques et de la P\u00eache - Office des C\u00e9r\u00e9ales - Tunisie\" \/>\n<meta property=\"og:description\" content=\"Office des C\u00e9r\u00e9ales\" \/>\n<meta property=\"og:url\" content=\"https:\/\/www.oc.com.tn\/fr\/reunion-de-travail-sur-le-role-strategique-de-loffice-des-cereales-dans-la-filiere-cerealiere-et-les-perspectives-de-son-developpement-tenue-sous-legide-du-ministre-de-lagriculture-des-ressourc\/\" \/>\n<meta property=\"og:site_name\" content=\"Office des C\u00e9r\u00e9ales - Tunisie\" \/>\n<meta property=\"article:publisher\" content=\"https:\/\/www.facebook.com\/profile.php?id=100069933501880\" \/>\n<meta property=\"article:published_time\" content=\"2024-10-21T07:36:47+00:00\" \/>\n<meta property=\"article:modified_time\" content=\"2024-10-21T07:36:51+00:00\" \/>\n<meta property=\"og:image\" content=\"https:\/\/www.oc.com.tn\/wp-content\/uploads\/2024\/10\/oc2.jpg\" \/>\n\t<meta property=\"og:image:width\" content=\"1387\" \/>\n\t<meta property=\"og:image:height\" content=\"872\" \/>\n\t<meta property=\"og:image:type\" content=\"image\/jpeg\" \/>\n<meta name=\"author\" content=\"tender\" \/>\n<meta name=\"twitter:card\" content=\"summary_large_image\" \/>\n<meta name=\"twitter:label1\" content=\"\u00c9crit par\" \/>\n\t<meta name=\"twitter:data1\" content=\"tender\" \/>\n\t<meta name=\"twitter:label2\" content=\"Dur\u00e9e de lecture estim\u00e9e\" \/>\n\t<meta name=\"twitter:data2\" content=\"3 minutes\" \/>\n<script type=\"application\/ld+json\" class=\"yoast-schema-graph\">{\"@context\":\"https:\/\/schema.org\",\"@graph\":[{\"@type\":\"Article\",\"@id\":\"https:\/\/www.oc.com.tn\/fr\/reunion-de-travail-sur-le-role-strategique-de-loffice-des-cereales-dans-la-filiere-cerealiere-et-les-perspectives-de-son-developpement-tenue-sous-legide-du-ministre-de-lagriculture-des-ressourc\/#article\",\"isPartOf\":{\"@id\":\"https:\/\/www.oc.com.tn\/fr\/reunion-de-travail-sur-le-role-strategique-de-loffice-des-cereales-dans-la-filiere-cerealiere-et-les-perspectives-de-son-developpement-tenue-sous-legide-du-ministre-de-lagriculture-des-ressourc\/\"},\"author\":{\"name\":\"tender\",\"@id\":\"https:\/\/www.oc.com.tn\/fr\/#\/schema\/person\/7d67e98c12dbea10942a0f7988e7f7ac\"},\"headline\":\"R\u00e9union de travail sur le r\u00f4le strat\u00e9gique de l&#8217;Office des C\u00e9r\u00e9ales dans la fili\u00e8re c\u00e9r\u00e9ali\u00e8re et les perspectives de son d\u00e9veloppement, tenue sous l&#8217;\u00e9gide du Ministre de l&#8217;Agriculture des Ressources hydrauliques et de la P\u00eache\",\"datePublished\":\"2024-10-21T07:36:47+00:00\",\"dateModified\":\"2024-10-21T07:36:51+00:00\",\"mainEntityOfPage\":{\"@id\":\"https:\/\/www.oc.com.tn\/fr\/reunion-de-travail-sur-le-role-strategique-de-loffice-des-cereales-dans-la-filiere-cerealiere-et-les-perspectives-de-son-developpement-tenue-sous-legide-du-ministre-de-lagriculture-des-ressourc\/\"},\"wordCount\":352,\"publisher\":{\"@id\":\"https:\/\/www.oc.com.tn\/fr\/#organization\"},\"image\":{\"@id\":\"https:\/\/www.oc.com.tn\/fr\/reunion-de-travail-sur-le-role-strategique-de-loffice-des-cereales-dans-la-filiere-cerealiere-et-les-perspectives-de-son-developpement-tenue-sous-legide-du-ministre-de-lagriculture-des-ressourc\/#primaryimage\"},\"thumbnailUrl\":\"https:\/\/www.oc.com.tn\/wp-content\/uploads\/2024\/10\/oc2.jpg\",\"articleSection\":[\"Actualit\u00e9s\"],\"inLanguage\":\"fr-FR\"},{\"@type\":\"WebPage\",\"@id\":\"https:\/\/www.oc.com.tn\/fr\/reunion-de-travail-sur-le-role-strategique-de-loffice-des-cereales-dans-la-filiere-cerealiere-et-les-perspectives-de-son-developpement-tenue-sous-legide-du-ministre-de-lagriculture-des-ressourc\/\",\"url\":\"https:\/\/www.oc.com.tn\/fr\/reunion-de-travail-sur-le-role-strategique-de-loffice-des-cereales-dans-la-filiere-cerealiere-et-les-perspectives-de-son-developpement-tenue-sous-legide-du-ministre-de-lagriculture-des-ressourc\/\",\"name\":\"R\u00e9union de travail sur le r\u00f4le strat\u00e9gique de l'Office des C\u00e9r\u00e9ales dans la fili\u00e8re c\u00e9r\u00e9ali\u00e8re et les perspectives de son d\u00e9veloppement, tenue sous l'\u00e9gide du Ministre de l'Agriculture des Ressources hydrauliques et de la P\u00eache - Office des C\u00e9r\u00e9ales - Tunisie\",\"isPartOf\":{\"@id\":\"https:\/\/www.oc.com.tn\/fr\/#website\"},\"primaryImageOfPage\":{\"@id\":\"https:\/\/www.oc.com.tn\/fr\/reunion-de-travail-sur-le-role-strategique-de-loffice-des-cereales-dans-la-filiere-cerealiere-et-les-perspectives-de-son-developpement-tenue-sous-legide-du-ministre-de-lagriculture-des-ressourc\/#primaryimage\"},\"image\":{\"@id\":\"https:\/\/www.oc.com.tn\/fr\/reunion-de-travail-sur-le-role-strategique-de-loffice-des-cereales-dans-la-filiere-cerealiere-et-les-perspectives-de-son-developpement-tenue-sous-legide-du-ministre-de-lagriculture-des-ressourc\/#primaryimage\"},\"thumbnailUrl\":\"https:\/\/www.oc.com.tn\/wp-content\/uploads\/2024\/10\/oc2.jpg\",\"datePublished\":\"2024-10-21T07:36:47+00:00\",\"dateModified\":\"2024-10-21T07:36:51+00:00\",\"description\":\"Office des C\u00e9r\u00e9ales\",\"breadcrumb\":{\"@id\":\"https:\/\/www.oc.com.tn\/fr\/reunion-de-travail-sur-le-role-strategique-de-loffice-des-cereales-dans-la-filiere-cerealiere-et-les-perspectives-de-son-developpement-tenue-sous-legide-du-ministre-de-lagriculture-des-ressourc\/#breadcrumb\"},\"inLanguage\":\"fr-FR\",\"potentialAction\":[{\"@type\":\"ReadAction\",\"target\":[\"https:\/\/www.oc.com.tn\/fr\/reunion-de-travail-sur-le-role-strategique-de-loffice-des-cereales-dans-la-filiere-cerealiere-et-les-perspectives-de-son-developpement-tenue-sous-legide-du-ministre-de-lagriculture-des-ressourc\/\"]}]},{\"@type\":\"ImageObject\",\"inLanguage\":\"fr-FR\",\"@id\":\"https:\/\/www.oc.com.tn\/fr\/reunion-de-travail-sur-le-role-strategique-de-loffice-des-cereales-dans-la-filiere-cerealiere-et-les-perspectives-de-son-developpement-tenue-sous-legide-du-ministre-de-lagriculture-des-ressourc\/#primaryimage\",\"url\":\"https:\/\/www.oc.com.tn\/wp-content\/uploads\/2024\/10\/oc2.jpg\",\"contentUrl\":\"https:\/\/www.oc.com.tn\/wp-content\/uploads\/2024\/10\/oc2.jpg\",\"width\":1387,\"height\":872},{\"@type\":\"BreadcrumbList\",\"@id\":\"https:\/\/www.oc.com.tn\/fr\/reunion-de-travail-sur-le-role-strategique-de-loffice-des-cereales-dans-la-filiere-cerealiere-et-les-perspectives-de-son-developpement-tenue-sous-legide-du-ministre-de-lagriculture-des-ressourc\/#breadcrumb\",\"itemListElement\":[{\"@type\":\"ListItem\",\"position\":1,\"name\":\"Accueil\",\"item\":\"https:\/\/www.oc.com.tn\/fr\/\"},{\"@type\":\"ListItem\",\"position\":2,\"name\":\"R\u00e9union de travail sur le r\u00f4le strat\u00e9gique de l&rsquo;Office des C\u00e9r\u00e9ales dans la fili\u00e8re c\u00e9r\u00e9ali\u00e8re et les perspectives de son d\u00e9veloppement, tenue sous l&rsquo;\u00e9gide du Ministre de l&rsquo;Agriculture des Ressources hydrauliques et de la P\u00eache\"}]},{\"@type\":\"WebSite\",\"@id\":\"https:\/\/www.oc.com.tn\/fr\/#website\",\"url\":\"https:\/\/www.oc.com.tn\/fr\/\",\"name\":\"Office des C\u00e9r\u00e9ales - Tunisie\",\"description\":\"Office des C\u00e9r\u00e9ales - Tunisie\",\"publisher\":{\"@id\":\"https:\/\/www.oc.com.tn\/fr\/#organization\"},\"alternateName\":\"Office des C\u00e9r\u00e9ales - Tunisie\",\"potentialAction\":[{\"@type\":\"SearchAction\",\"target\":{\"@type\":\"EntryPoint\",\"urlTemplate\":\"https:\/\/www.oc.com.tn\/fr\/?s={search_term_string}\"},\"query-input\":{\"@type\":\"PropertyValueSpecification\",\"valueRequired\":true,\"valueName\":\"search_term_string\"}}],\"inLanguage\":\"fr-FR\"},{\"@type\":\"Organization\",\"@id\":\"https:\/\/www.oc.com.tn\/fr\/#organization\",\"name\":\"Office des C\u00e9r\u00e9ales - Tunisie\",\"url\":\"https:\/\/www.oc.com.tn\/fr\/\",\"logo\":{\"@type\":\"ImageObject\",\"inLanguage\":\"fr-FR\",\"@id\":\"https:\/\/www.oc.com.tn\/fr\/#\/schema\/logo\/image\/\",\"url\":\"https:\/\/www.oc.com.tn\/wp-content\/uploads\/2020\/07\/Logo.png\",\"contentUrl\":\"https:\/\/www.oc.com.tn\/wp-content\/uploads\/2020\/07\/Logo.png\",\"width\":47,\"height\":74,\"caption\":\"Office des C\u00e9r\u00e9ales - Tunisie\"},\"image\":{\"@id\":\"https:\/\/www.oc.com.tn\/fr\/#\/schema\/logo\/image\/\"},\"sameAs\":[\"https:\/\/www.facebook.com\/profile.php?id=100069933501880\"]},{\"@type\":\"Person\",\"@id\":\"https:\/\/www.oc.com.tn\/fr\/#\/schema\/person\/7d67e98c12dbea10942a0f7988e7f7ac\",\"name\":\"tender\",\"image\":{\"@type\":\"ImageObject\",\"inLanguage\":\"fr-FR\",\"@id\":\"https:\/\/www.oc.com.tn\/fr\/#\/schema\/person\/image\/\",\"url\":\"https:\/\/secure.gravatar.com\/avatar\/61d83a4ac29a23ca8e4f6724b2138881ea510fe08034853f92679db97b103b3d?s=96&d=mm&r=g\",\"contentUrl\":\"https:\/\/secure.gravatar.com\/avatar\/61d83a4ac29a23ca8e4f6724b2138881ea510fe08034853f92679db97b103b3d?s=96&d=mm&r=g\",\"caption\":\"tender\"},\"url\":\"https:\/\/www.oc.com.tn\/fr\/author\/tender\/\"}]}<\/script>\n<!-- \/ Yoast SEO plugin. -->","yoast_head_json":{"title":"R\u00e9union de travail sur le r\u00f4le strat\u00e9gique de l'Office des C\u00e9r\u00e9ales dans la fili\u00e8re c\u00e9r\u00e9ali\u00e8re et les perspectives de son d\u00e9veloppement, tenue sous l'\u00e9gide du Ministre de l'Agriculture des Ressources hydrauliques et de la P\u00eache - Office des C\u00e9r\u00e9ales - Tunisie","description":"Office des C\u00e9r\u00e9ales","robots":{"index":"index","follow":"follow","max-snippet":"max-snippet:-1","max-image-preview":"max-image-preview:large","max-video-preview":"max-video-preview:-1"},"canonical":"https:\/\/www.oc.com.tn\/fr\/reunion-de-travail-sur-le-role-strategique-de-loffice-des-cereales-dans-la-filiere-cerealiere-et-les-perspectives-de-son-developpement-tenue-sous-legide-du-ministre-de-lagriculture-des-ressourc\/","og_locale":"fr_FR","og_type":"article","og_title":"R\u00e9union de travail sur le r\u00f4le strat\u00e9gique de l'Office des C\u00e9r\u00e9ales dans la fili\u00e8re c\u00e9r\u00e9ali\u00e8re et les perspectives de son d\u00e9veloppement, tenue sous l'\u00e9gide du Ministre de l'Agriculture des Ressources hydrauliques et de la P\u00eache - Office des C\u00e9r\u00e9ales - Tunisie","og_description":"Office des C\u00e9r\u00e9ales","og_url":"https:\/\/www.oc.com.tn\/fr\/reunion-de-travail-sur-le-role-strategique-de-loffice-des-cereales-dans-la-filiere-cerealiere-et-les-perspectives-de-son-developpement-tenue-sous-legide-du-ministre-de-lagriculture-des-ressourc\/","og_site_name":"Office des C\u00e9r\u00e9ales - Tunisie","article_publisher":"https:\/\/www.facebook.com\/profile.php?id=100069933501880","article_published_time":"2024-10-21T07:36:47+00:00","article_modified_time":"2024-10-21T07:36:51+00:00","og_image":[{"width":1387,"height":872,"url":"https:\/\/www.oc.com.tn\/wp-content\/uploads\/2024\/10\/oc2.jpg","type":"image\/jpeg"}],"author":"tender","twitter_card":"summary_large_image","twitter_misc":{"\u00c9crit par":"tender","Dur\u00e9e de lecture estim\u00e9e":"3 minutes"},"schema":{"@context":"https:\/\/schema.org","@graph":[{"@type":"Article","@id":"https:\/\/www.oc.com.tn\/fr\/reunion-de-travail-sur-le-role-strategique-de-loffice-des-cereales-dans-la-filiere-cerealiere-et-les-perspectives-de-son-developpement-tenue-sous-legide-du-ministre-de-lagriculture-des-ressourc\/#article","isPartOf":{"@id":"https:\/\/www.oc.com.tn\/fr\/reunion-de-travail-sur-le-role-strategique-de-loffice-des-cereales-dans-la-filiere-cerealiere-et-les-perspectives-de-son-developpement-tenue-sous-legide-du-ministre-de-lagriculture-des-ressourc\/"},"author":{"name":"tender","@id":"https:\/\/www.oc.com.tn\/fr\/#\/schema\/person\/7d67e98c12dbea10942a0f7988e7f7ac"},"headline":"R\u00e9union de travail sur le r\u00f4le strat\u00e9gique de l&#8217;Office des C\u00e9r\u00e9ales dans la fili\u00e8re c\u00e9r\u00e9ali\u00e8re et les perspectives de son d\u00e9veloppement, tenue sous l&#8217;\u00e9gide du Ministre de l&#8217;Agriculture des Ressources hydrauliques et de la P\u00eache","datePublished":"2024-10-21T07:36:47+00:00","dateModified":"2024-10-21T07:36:51+00:00","mainEntityOfPage":{"@id":"https:\/\/www.oc.com.tn\/fr\/reunion-de-travail-sur-le-role-strategique-de-loffice-des-cereales-dans-la-filiere-cerealiere-et-les-perspectives-de-son-developpement-tenue-sous-legide-du-ministre-de-lagriculture-des-ressourc\/"},"wordCount":352,"publisher":{"@id":"https:\/\/www.oc.com.tn\/fr\/#organization"},"image":{"@id":"https:\/\/www.oc.com.tn\/fr\/reunion-de-travail-sur-le-role-strategique-de-loffice-des-cereales-dans-la-filiere-cerealiere-et-les-perspectives-de-son-developpement-tenue-sous-legide-du-ministre-de-lagriculture-des-ressourc\/#primaryimage"},"thumbnailUrl":"https:\/\/www.oc.com.tn\/wp-content\/uploads\/2024\/10\/oc2.jpg","articleSection":["Actualit\u00e9s"],"inLanguage":"fr-FR"},{"@type":"WebPage","@id":"https:\/\/www.oc.com.tn\/fr\/reunion-de-travail-sur-le-role-strategique-de-loffice-des-cereales-dans-la-filiere-cerealiere-et-les-perspectives-de-son-developpement-tenue-sous-legide-du-ministre-de-lagriculture-des-ressourc\/","url":"https:\/\/www.oc.com.tn\/fr\/reunion-de-travail-sur-le-role-strategique-de-loffice-des-cereales-dans-la-filiere-cerealiere-et-les-perspectives-de-son-developpement-tenue-sous-legide-du-ministre-de-lagriculture-des-ressourc\/","name":"R\u00e9union de travail sur le r\u00f4le strat\u00e9gique de l'Office des C\u00e9r\u00e9ales dans la fili\u00e8re c\u00e9r\u00e9ali\u00e8re et les perspectives de son d\u00e9veloppement, tenue sous l'\u00e9gide du Ministre de l'Agriculture des Ressources hydrauliques et de la P\u00eache - Office des C\u00e9r\u00e9ales - Tunisie","isPartOf":{"@id":"https:\/\/www.oc.com.tn\/fr\/#website"},"primaryImageOfPage":{"@id":"https:\/\/www.oc.com.tn\/fr\/reunion-de-travail-sur-le-role-strategique-de-loffice-des-cereales-dans-la-filiere-cerealiere-et-les-perspectives-de-son-developpement-tenue-sous-legide-du-ministre-de-lagriculture-des-ressourc\/#primaryimage"},"image":{"@id":"https:\/\/www.oc.com.tn\/fr\/reunion-de-travail-sur-le-role-strategique-de-loffice-des-cereales-dans-la-filiere-cerealiere-et-les-perspectives-de-son-developpement-tenue-sous-legide-du-ministre-de-lagriculture-des-ressourc\/#primaryimage"},"thumbnailUrl":"https:\/\/www.oc.com.tn\/wp-content\/uploads\/2024\/10\/oc2.jpg","datePublished":"2024-10-21T07:36:47+00:00","dateModified":"2024-10-21T07:36:51+00:00","description":"Office des C\u00e9r\u00e9ales","breadcrumb":{"@id":"https:\/\/www.oc.com.tn\/fr\/reunion-de-travail-sur-le-role-strategique-de-loffice-des-cereales-dans-la-filiere-cerealiere-et-les-perspectives-de-son-developpement-tenue-sous-legide-du-ministre-de-lagriculture-des-ressourc\/#breadcrumb"},"inLanguage":"fr-FR","potentialAction":[{"@type":"ReadAction","target":["https:\/\/www.oc.com.tn\/fr\/reunion-de-travail-sur-le-role-strategique-de-loffice-des-cereales-dans-la-filiere-cerealiere-et-les-perspectives-de-son-developpement-tenue-sous-legide-du-ministre-de-lagriculture-des-ressourc\/"]}]},{"@type":"ImageObject","inLanguage":"fr-FR","@id":"https:\/\/www.oc.com.tn\/fr\/reunion-de-travail-sur-le-role-strategique-de-loffice-des-cereales-dans-la-filiere-cerealiere-et-les-perspectives-de-son-developpement-tenue-sous-legide-du-ministre-de-lagriculture-des-ressourc\/#primaryimage","url":"https:\/\/www.oc.com.tn\/wp-content\/uploads\/2024\/10\/oc2.jpg","contentUrl":"https:\/\/www.oc.com.tn\/wp-content\/uploads\/2024\/10\/oc2.jpg","width":1387,"height":872},{"@type":"BreadcrumbList","@id":"https:\/\/www.oc.com.tn\/fr\/reunion-de-travail-sur-le-role-strategique-de-loffice-des-cereales-dans-la-filiere-cerealiere-et-les-perspectives-de-son-developpement-tenue-sous-legide-du-ministre-de-lagriculture-des-ressourc\/#breadcrumb","itemListElement":[{"@type":"ListItem","position":1,"name":"Accueil","item":"https:\/\/www.oc.com.tn\/fr\/"},{"@type":"ListItem","position":2,"name":"R\u00e9union de travail sur le r\u00f4le strat\u00e9gique de l&rsquo;Office des C\u00e9r\u00e9ales dans la fili\u00e8re c\u00e9r\u00e9ali\u00e8re et les perspectives de son d\u00e9veloppement, tenue sous l&rsquo;\u00e9gide du Ministre de l&rsquo;Agriculture des Ressources hydrauliques et de la P\u00eache"}]},{"@type":"WebSite","@id":"https:\/\/www.oc.com.tn\/fr\/#website","url":"https:\/\/www.oc.com.tn\/fr\/","name":"Office des C\u00e9r\u00e9ales - Tunisie","description":"Office des C\u00e9r\u00e9ales - Tunisie","publisher":{"@id":"https:\/\/www.oc.com.tn\/fr\/#organization"},"alternateName":"Office des C\u00e9r\u00e9ales - Tunisie","potentialAction":[{"@type":"SearchAction","target":{"@type":"EntryPoint","urlTemplate":"https:\/\/www.oc.com.tn\/fr\/?s={search_term_string}"},"query-input":{"@type":"PropertyValueSpecification","valueRequired":true,"valueName":"search_term_string"}}],"inLanguage":"fr-FR"},{"@type":"Organization","@id":"https:\/\/www.oc.com.tn\/fr\/#organization","name":"Office des C\u00e9r\u00e9ales - Tunisie","url":"https:\/\/www.oc.com.tn\/fr\/","logo":{"@type":"ImageObject","inLanguage":"fr-FR","@id":"https:\/\/www.oc.com.tn\/fr\/#\/schema\/logo\/image\/","url":"https:\/\/www.oc.com.tn\/wp-content\/uploads\/2020\/07\/Logo.png","contentUrl":"https:\/\/www.oc.com.tn\/wp-content\/uploads\/2020\/07\/Logo.png","width":47,"height":74,"caption":"Office des C\u00e9r\u00e9ales - Tunisie"},"image":{"@id":"https:\/\/www.oc.com.tn\/fr\/#\/schema\/logo\/image\/"},"sameAs":["https:\/\/www.facebook.com\/profile.php?id=100069933501880"]},{"@type":"Person","@id":"https:\/\/www.oc.com.tn\/fr\/#\/schema\/person\/7d67e98c12dbea10942a0f7988e7f7ac","name":"tender","image":{"@type":"ImageObject","inLanguage":"fr-FR","@id":"https:\/\/www.oc.com.tn\/fr\/#\/schema\/person\/image\/","url":"https:\/\/secure.gravatar.com\/avatar\/61d83a4ac29a23ca8e4f6724b2138881ea510fe08034853f92679db97b103b3d?s=96&d=mm&r=g","contentUrl":"https:\/\/secure.gravatar.com\/avatar\/61d83a4ac29a23ca8e4f6724b2138881ea510fe08034853f92679db97b103b3d?s=96&d=mm&r=g","caption":"tender"},"url":"https:\/\/www.oc.com.tn\/fr\/author\/tender\/"}]}},"_links":{"self":[{"href":"https:\/\/www.oc.com.tn\/fr\/wp-json\/wp\/v2\/posts\/15860","targetHints":{"allow":["GET"]}}],"collection":[{"href":"https:\/\/www.oc.com.tn\/fr\/wp-json\/wp\/v2\/posts"}],"about":[{"href":"https:\/\/www.oc.com.tn\/fr\/wp-json\/wp\/v2\/types\/post"}],"author":[{"embeddable":true,"href":"https:\/\/www.oc.com.tn\/fr\/wp-json\/wp\/v2\/users\/5"}],"replies":[{"embeddable":true,"href":"https:\/\/www.oc.com.tn\/fr\/wp-json\/wp\/v2\/comments?post=15860"}],"version-history":[{"count":1,"href":"https:\/\/www.oc.com.tn\/fr\/wp-json\/wp\/v2\/posts\/15860\/revisions"}],"predecessor-version":[{"id":15867,"href":"https:\/\/www.oc.com.tn\/fr\/wp-json\/wp\/v2\/posts\/15860\/revisions\/15867"}],"wp:featuredmedia":[{"embeddable":true,"href":"https:\/\/www.oc.com.tn\/fr\/wp-json\/wp\/v2\/media\/15854"}],"wp:attachment":[{"href":"https:\/\/www.oc.com.tn\/fr\/wp-json\/wp\/v2\/media?parent=15860"}],"wp:term":[{"taxonomy":"category","embeddable":true,"href":"https:\/\/www.oc.com.tn\/fr\/wp-json\/wp\/v2\/categories?post=15860"},{"taxonomy":"post_tag","embeddable":true,"href":"https:\/\/www.oc.com.tn\/fr\/wp-json\/wp\/v2\/tags?post=15860"}],"curies":[{"name":"wp","href":"https:\/\/api.w.org\/{rel}","templated":true}]}}