

{"id":14827,"date":"2024-07-05T19:32:24","date_gmt":"2024-07-05T17:32:24","guid":{"rendered":"https:\/\/www.oc.com.tn\/?p=14827"},"modified":"2024-07-05T19:54:33","modified_gmt":"2024-07-05T17:54:33","slug":"participation-a-la-mission-daffaires-entre-la-russie-et-la-tunisie-dans-le-cadre-de-la-foire-ifsa","status":"publish","type":"post","link":"https:\/\/www.oc.com.tn\/fr\/participation-a-la-mission-daffaires-entre-la-russie-et-la-tunisie-dans-le-cadre-de-la-foire-ifsa\/","title":{"rendered":"Participation \u00e0 la mission d\u2019affaires entre la Russie et la Tunisie dans le cadre de la foire IFSA"},"content":{"rendered":"\n<h6 class=\"wp-block-heading\">Dans le cadre de la mission d\u2019affaires organis\u00e9e par le Minist\u00e8re de l\u2019Agriculture de la F\u00e9d\u00e9ration de Russie \u00e0 l&#8217;occasion de la foire internationale IFSA \u00ab&nbsp;International Food Show Africa&nbsp;\u00bb, la Pr\u00e9sidente Directrice G\u00e9n\u00e9rale et une d\u00e9l\u00e9gation de l\u2019Office des C\u00e9r\u00e9ales ont particip\u00e9, le 03 juillet 2024, \u00e0 des r\u00e9unions de travail avec des repr\u00e9sentants du minist\u00e8re de l\u2019Agriculture Russe<br>et du secteur Agricole.<br>Les r\u00e9unions ont soulign\u00e9 les liens historiques entre les deux pays ainsi que la coop\u00e9ration fructueuse et r\u00e9ussie et le renforcement des relations bilat\u00e9rales dans le secteur agricole.<br>La Russie a toujours \u00e9t\u00e9 un pilier dans l\u2019approvisionnement en c\u00e9r\u00e9ales. En effet, les importations en provenance de Russie (bl\u00e9 tendre, bl\u00e9 dur et orge fourrag\u00e8re) ont atteint 40% du total de nos importations (979 mille tonnes en 2023 et 534 mille tonnes au 30\/06\/2024).<br>La coop\u00e9ration entre nos deux pays ne peut qu\u2019\u00eatre b\u00e9n\u00e9fique pour nos \u00e9conomies respectives, et contribue en l\u2019occurrence \u00e0 la stabilit\u00e9 et \u00e0 la s\u00e9curit\u00e9 alimentaire, notamment, en ce qui concerne la commercialisation des c\u00e9r\u00e9ales.<br>Dans ce contexte, IFSA a offert l\u2019occasion propice de d\u00e9couvrir les produits, les services et les innovations de nos deux pays et de r\u00e9fl\u00e9chir ensemble \u00e0 des synergies qui b\u00e9n\u00e9ficieront \u00e0 nos \u00e9conomies respectives.<\/h6>\n\n\n\n<figure class=\"wp-block-gallery aligncenter columns-2 is-cropped wp-block-gallery-1 is-layout-flex wp-block-gallery-is-layout-flex\"><ul class=\"blocks-gallery-grid\"><li class=\"blocks-gallery-item\"><figure><a href=\"http:\/\/www.oc.com.tn\/wp-content\/uploads\/2024\/07\/WhatsApp-Image-2024-07-05-a-08.19.41_3fb20adb.jpg\"><img fetchpriority=\"high\" decoding=\"async\" width=\"1024\" height=\"768\" src=\"http:\/\/www.oc.com.tn\/wp-content\/uploads\/2024\/07\/WhatsApp-Image-2024-07-05-a-08.19.41_3fb20adb-1024x768.jpg\" alt=\"\" data-id=\"14848\" data-full-url=\"http:\/\/www.oc.com.tn\/wp-content\/uploads\/2024\/07\/WhatsApp-Image-2024-07-05-a-08.19.41_3fb20adb.jpg\" data-link=\"https:\/\/www.oc.com.tn\/fr\/whatsapp-image-2024-07-05-a-08-19-41_3fb20adb-2\/\" class=\"wp-image-14848\" srcset=\"https:\/\/www.oc.com.tn\/wp-content\/uploads\/2024\/07\/WhatsApp-Image-2024-07-05-a-08.19.41_3fb20adb-1024x768.jpg 1024w, https:\/\/www.oc.com.tn\/wp-content\/uploads\/2024\/07\/WhatsApp-Image-2024-07-05-a-08.19.41_3fb20adb-300x225.jpg 300w, https:\/\/www.oc.com.tn\/wp-content\/uploads\/2024\/07\/WhatsApp-Image-2024-07-05-a-08.19.41_3fb20adb-768x576.jpg 768w, https:\/\/www.oc.com.tn\/wp-content\/uploads\/2024\/07\/WhatsApp-Image-2024-07-05-a-08.19.41_3fb20adb-1536x1152.jpg 1536w, https:\/\/www.oc.com.tn\/wp-content\/uploads\/2024\/07\/WhatsApp-Image-2024-07-05-a-08.19.41_3fb20adb-356x267.jpg 356w, https:\/\/www.oc.com.tn\/wp-content\/uploads\/2024\/07\/WhatsApp-Image-2024-07-05-a-08.19.41_3fb20adb-730x548.jpg 730w, https:\/\/www.oc.com.tn\/wp-content\/uploads\/2024\/07\/WhatsApp-Image-2024-07-05-a-08.19.41_3fb20adb-1070x803.jpg 1070w, https:\/\/www.oc.com.tn\/wp-content\/uploads\/2024\/07\/WhatsApp-Image-2024-07-05-a-08.19.41_3fb20adb.jpg 1600w\" sizes=\"(max-width: 1024px) 100vw, 1024px\" \/><\/a><\/figure><\/li><li class=\"blocks-gallery-item\"><figure><a href=\"http:\/\/www.oc.com.tn\/wp-content\/uploads\/2024\/07\/WhatsApp-Image-2024-07-05-a-08.19.44_86ff7c11.jpg\"><img decoding=\"async\" width=\"1024\" height=\"768\" data-src=\"http:\/\/www.oc.com.tn\/wp-content\/uploads\/2024\/07\/WhatsApp-Image-2024-07-05-a-08.19.44_86ff7c11-1024x768.jpg\" alt=\"\" data-id=\"14838\" data-full-url=\"http:\/\/www.oc.com.tn\/wp-content\/uploads\/2024\/07\/WhatsApp-Image-2024-07-05-a-08.19.44_86ff7c11.jpg\" data-link=\"https:\/\/www.oc.com.tn\/fr\/?attachment_id=14838\" class=\"wp-image-14838 lazyload\" data-srcset=\"https:\/\/www.oc.com.tn\/wp-content\/uploads\/2024\/07\/WhatsApp-Image-2024-07-05-a-08.19.44_86ff7c11-1024x768.jpg 1024w, https:\/\/www.oc.com.tn\/wp-content\/uploads\/2024\/07\/WhatsApp-Image-2024-07-05-a-08.19.44_86ff7c11-300x225.jpg 300w, https:\/\/www.oc.com.tn\/wp-content\/uploads\/2024\/07\/WhatsApp-Image-2024-07-05-a-08.19.44_86ff7c11-768x576.jpg 768w, https:\/\/www.oc.com.tn\/wp-content\/uploads\/2024\/07\/WhatsApp-Image-2024-07-05-a-08.19.44_86ff7c11-1536x1152.jpg 1536w, https:\/\/www.oc.com.tn\/wp-content\/uploads\/2024\/07\/WhatsApp-Image-2024-07-05-a-08.19.44_86ff7c11-356x267.jpg 356w, https:\/\/www.oc.com.tn\/wp-content\/uploads\/2024\/07\/WhatsApp-Image-2024-07-05-a-08.19.44_86ff7c11-730x548.jpg 730w, https:\/\/www.oc.com.tn\/wp-content\/uploads\/2024\/07\/WhatsApp-Image-2024-07-05-a-08.19.44_86ff7c11-1070x803.jpg 1070w, https:\/\/www.oc.com.tn\/wp-content\/uploads\/2024\/07\/WhatsApp-Image-2024-07-05-a-08.19.44_86ff7c11.jpg 1600w\" data-sizes=\"(max-width: 1024px) 100vw, 1024px\" src=\"data:image\/svg+xml;base64,PHN2ZyB3aWR0aD0iMSIgaGVpZ2h0PSIxIiB4bWxucz0iaHR0cDovL3d3dy53My5vcmcvMjAwMC9zdmciPjwvc3ZnPg==\" style=\"--smush-placeholder-width: 1024px; --smush-placeholder-aspect-ratio: 1024\/768;\" \/><\/a><\/figure><\/li><\/ul><\/figure>\n","protected":false},"excerpt":{"rendered":"<p>Dans le cadre de la mission d\u2019affaires organis\u00e9e par le Minist\u00e8re de l\u2019Agriculture de la F\u00e9d\u00e9ration de Russie \u00e0 l&#8217;occasion de la foire internationale IFSA \u00ab&nbsp;International Food Show Africa&nbsp;\u00bb, la Pr\u00e9sidente Directrice G\u00e9n\u00e9rale et une d\u00e9l\u00e9gation de l\u2019Office des C\u00e9r\u00e9ales ont particip\u00e9, le 03 juillet 2024, \u00e0 des r\u00e9unions de travail avec des repr\u00e9sentants du [&hellip;]<\/p>\n","protected":false},"author":1,"featured_media":14828,"comment_status":"closed","ping_status":"open","sticky":false,"template":"","format":"standard","meta":{"_monsterinsights_skip_tracking":false,"_monsterinsights_sitenote_active":false,"_monsterinsights_sitenote_note":"","_monsterinsights_sitenote_category":0,"footnotes":""},"categories":[98],"tags":[],"class_list":["post-14827","post","type-post","status-publish","format-standard","has-post-thumbnail","hentry","category-actualites"],"yoast_head":"<!-- This site is optimized with the Yoast SEO plugin v25.5 - https:\/\/yoast.com\/wordpress\/plugins\/seo\/ -->\n<title>Participation \u00e0 la mission d\u2019affaires entre la Russie et la Tunisie dans le cadre de la foire IFSA - Office des C\u00e9r\u00e9ales - Tunisie<\/title>\n<meta name=\"description\" content=\"Office des C\u00e9r\u00e9ales\" \/>\n<meta name=\"robots\" content=\"index, follow, max-snippet:-1, max-image-preview:large, max-video-preview:-1\" \/>\n<link rel=\"canonical\" href=\"https:\/\/www.oc.com.tn\/fr\/participation-a-la-mission-daffaires-entre-la-russie-et-la-tunisie-dans-le-cadre-de-la-foire-ifsa\/\" \/>\n<meta property=\"og:locale\" content=\"fr_FR\" \/>\n<meta property=\"og:type\" content=\"article\" \/>\n<meta property=\"og:title\" content=\"Participation \u00e0 la mission d\u2019affaires entre la Russie et la Tunisie dans le cadre de la foire IFSA - Office des C\u00e9r\u00e9ales - Tunisie\" \/>\n<meta property=\"og:description\" content=\"Office des C\u00e9r\u00e9ales\" \/>\n<meta property=\"og:url\" content=\"https:\/\/www.oc.com.tn\/fr\/participation-a-la-mission-daffaires-entre-la-russie-et-la-tunisie-dans-le-cadre-de-la-foire-ifsa\/\" \/>\n<meta property=\"og:site_name\" content=\"Office des C\u00e9r\u00e9ales - Tunisie\" \/>\n<meta property=\"article:publisher\" content=\"https:\/\/www.facebook.com\/profile.php?id=100069933501880\" \/>\n<meta property=\"article:published_time\" content=\"2024-07-05T17:32:24+00:00\" \/>\n<meta property=\"article:modified_time\" content=\"2024-07-05T17:54:33+00:00\" \/>\n<meta property=\"og:image\" content=\"https:\/\/www.oc.com.tn\/wp-content\/uploads\/2024\/07\/WhatsApp-Image-2024-07-05-a-08.19.41_7532158e.jpg\" \/>\n\t<meta property=\"og:image:width\" content=\"1600\" \/>\n\t<meta property=\"og:image:height\" content=\"1200\" \/>\n\t<meta property=\"og:image:type\" content=\"image\/jpeg\" \/>\n<meta name=\"author\" content=\"admin\" \/>\n<meta name=\"twitter:card\" content=\"summary_large_image\" \/>\n<meta name=\"twitter:label1\" content=\"\u00c9crit par\" \/>\n\t<meta name=\"twitter:data1\" content=\"admin\" \/>\n\t<meta name=\"twitter:label2\" content=\"Dur\u00e9e de lecture estim\u00e9e\" \/>\n\t<meta name=\"twitter:data2\" content=\"2 minutes\" \/>\n<script type=\"application\/ld+json\" class=\"yoast-schema-graph\">{\"@context\":\"https:\/\/schema.org\",\"@graph\":[{\"@type\":\"Article\",\"@id\":\"https:\/\/www.oc.com.tn\/fr\/participation-a-la-mission-daffaires-entre-la-russie-et-la-tunisie-dans-le-cadre-de-la-foire-ifsa\/#article\",\"isPartOf\":{\"@id\":\"https:\/\/www.oc.com.tn\/fr\/participation-a-la-mission-daffaires-entre-la-russie-et-la-tunisie-dans-le-cadre-de-la-foire-ifsa\/\"},\"author\":{\"name\":\"admin\",\"@id\":\"https:\/\/www.oc.com.tn\/fr\/#\/schema\/person\/768d712056151bcf1673fea30d58b995\"},\"headline\":\"Participation \u00e0 la mission d\u2019affaires entre la Russie et la Tunisie dans le cadre de la foire IFSA\",\"datePublished\":\"2024-07-05T17:32:24+00:00\",\"dateModified\":\"2024-07-05T17:54:33+00:00\",\"mainEntityOfPage\":{\"@id\":\"https:\/\/www.oc.com.tn\/fr\/participation-a-la-mission-daffaires-entre-la-russie-et-la-tunisie-dans-le-cadre-de-la-foire-ifsa\/\"},\"wordCount\":251,\"publisher\":{\"@id\":\"https:\/\/www.oc.com.tn\/fr\/#organization\"},\"image\":{\"@id\":\"https:\/\/www.oc.com.tn\/fr\/participation-a-la-mission-daffaires-entre-la-russie-et-la-tunisie-dans-le-cadre-de-la-foire-ifsa\/#primaryimage\"},\"thumbnailUrl\":\"https:\/\/www.oc.com.tn\/wp-content\/uploads\/2024\/07\/WhatsApp-Image-2024-07-05-a-08.19.41_7532158e.jpg\",\"articleSection\":[\"Actualit\u00e9s\"],\"inLanguage\":\"fr-FR\"},{\"@type\":\"WebPage\",\"@id\":\"https:\/\/www.oc.com.tn\/fr\/participation-a-la-mission-daffaires-entre-la-russie-et-la-tunisie-dans-le-cadre-de-la-foire-ifsa\/\",\"url\":\"https:\/\/www.oc.com.tn\/fr\/participation-a-la-mission-daffaires-entre-la-russie-et-la-tunisie-dans-le-cadre-de-la-foire-ifsa\/\",\"name\":\"Participation \u00e0 la mission d\u2019affaires entre la Russie et la Tunisie dans le cadre de la foire IFSA - Office des C\u00e9r\u00e9ales - Tunisie\",\"isPartOf\":{\"@id\":\"https:\/\/www.oc.com.tn\/fr\/#website\"},\"primaryImageOfPage\":{\"@id\":\"https:\/\/www.oc.com.tn\/fr\/participation-a-la-mission-daffaires-entre-la-russie-et-la-tunisie-dans-le-cadre-de-la-foire-ifsa\/#primaryimage\"},\"image\":{\"@id\":\"https:\/\/www.oc.com.tn\/fr\/participation-a-la-mission-daffaires-entre-la-russie-et-la-tunisie-dans-le-cadre-de-la-foire-ifsa\/#primaryimage\"},\"thumbnailUrl\":\"https:\/\/www.oc.com.tn\/wp-content\/uploads\/2024\/07\/WhatsApp-Image-2024-07-05-a-08.19.41_7532158e.jpg\",\"datePublished\":\"2024-07-05T17:32:24+00:00\",\"dateModified\":\"2024-07-05T17:54:33+00:00\",\"description\":\"Office des C\u00e9r\u00e9ales\",\"breadcrumb\":{\"@id\":\"https:\/\/www.oc.com.tn\/fr\/participation-a-la-mission-daffaires-entre-la-russie-et-la-tunisie-dans-le-cadre-de-la-foire-ifsa\/#breadcrumb\"},\"inLanguage\":\"fr-FR\",\"potentialAction\":[{\"@type\":\"ReadAction\",\"target\":[\"https:\/\/www.oc.com.tn\/fr\/participation-a-la-mission-daffaires-entre-la-russie-et-la-tunisie-dans-le-cadre-de-la-foire-ifsa\/\"]}]},{\"@type\":\"ImageObject\",\"inLanguage\":\"fr-FR\",\"@id\":\"https:\/\/www.oc.com.tn\/fr\/participation-a-la-mission-daffaires-entre-la-russie-et-la-tunisie-dans-le-cadre-de-la-foire-ifsa\/#primaryimage\",\"url\":\"https:\/\/www.oc.com.tn\/wp-content\/uploads\/2024\/07\/WhatsApp-Image-2024-07-05-a-08.19.41_7532158e.jpg\",\"contentUrl\":\"https:\/\/www.oc.com.tn\/wp-content\/uploads\/2024\/07\/WhatsApp-Image-2024-07-05-a-08.19.41_7532158e.jpg\",\"width\":1600,\"height\":1200},{\"@type\":\"BreadcrumbList\",\"@id\":\"https:\/\/www.oc.com.tn\/fr\/participation-a-la-mission-daffaires-entre-la-russie-et-la-tunisie-dans-le-cadre-de-la-foire-ifsa\/#breadcrumb\",\"itemListElement\":[{\"@type\":\"ListItem\",\"position\":1,\"name\":\"Accueil\",\"item\":\"https:\/\/www.oc.com.tn\/fr\/\"},{\"@type\":\"ListItem\",\"position\":2,\"name\":\"Participation \u00e0 la mission d\u2019affaires entre la Russie et la Tunisie dans le cadre de la foire IFSA\"}]},{\"@type\":\"WebSite\",\"@id\":\"https:\/\/www.oc.com.tn\/fr\/#website\",\"url\":\"https:\/\/www.oc.com.tn\/fr\/\",\"name\":\"Office des C\u00e9r\u00e9ales - Tunisie\",\"description\":\"Office des C\u00e9r\u00e9ales - Tunisie\",\"publisher\":{\"@id\":\"https:\/\/www.oc.com.tn\/fr\/#organization\"},\"alternateName\":\"Office des C\u00e9r\u00e9ales - Tunisie\",\"potentialAction\":[{\"@type\":\"SearchAction\",\"target\":{\"@type\":\"EntryPoint\",\"urlTemplate\":\"https:\/\/www.oc.com.tn\/fr\/?s={search_term_string}\"},\"query-input\":{\"@type\":\"PropertyValueSpecification\",\"valueRequired\":true,\"valueName\":\"search_term_string\"}}],\"inLanguage\":\"fr-FR\"},{\"@type\":\"Organization\",\"@id\":\"https:\/\/www.oc.com.tn\/fr\/#organization\",\"name\":\"Office des C\u00e9r\u00e9ales - Tunisie\",\"url\":\"https:\/\/www.oc.com.tn\/fr\/\",\"logo\":{\"@type\":\"ImageObject\",\"inLanguage\":\"fr-FR\",\"@id\":\"https:\/\/www.oc.com.tn\/fr\/#\/schema\/logo\/image\/\",\"url\":\"https:\/\/www.oc.com.tn\/wp-content\/uploads\/2020\/07\/Logo.png\",\"contentUrl\":\"https:\/\/www.oc.com.tn\/wp-content\/uploads\/2020\/07\/Logo.png\",\"width\":47,\"height\":74,\"caption\":\"Office des C\u00e9r\u00e9ales - Tunisie\"},\"image\":{\"@id\":\"https:\/\/www.oc.com.tn\/fr\/#\/schema\/logo\/image\/\"},\"sameAs\":[\"https:\/\/www.facebook.com\/profile.php?id=100069933501880\"]},{\"@type\":\"Person\",\"@id\":\"https:\/\/www.oc.com.tn\/fr\/#\/schema\/person\/768d712056151bcf1673fea30d58b995\",\"name\":\"admin\",\"image\":{\"@type\":\"ImageObject\",\"inLanguage\":\"fr-FR\",\"@id\":\"https:\/\/www.oc.com.tn\/fr\/#\/schema\/person\/image\/\",\"url\":\"https:\/\/secure.gravatar.com\/avatar\/913c1bfcf4e8248c3db121a857b2f3ea401a3da66d6755a432ba1eb4a5e027d9?s=96&d=mm&r=g\",\"contentUrl\":\"https:\/\/secure.gravatar.com\/avatar\/913c1bfcf4e8248c3db121a857b2f3ea401a3da66d6755a432ba1eb4a5e027d9?s=96&d=mm&r=g\",\"caption\":\"admin\"},\"sameAs\":[\"http:\/\/www.oc.com.tn\"],\"url\":\"https:\/\/www.oc.com.tn\/fr\/author\/admin\/\"}]}<\/script>\n<!-- \/ Yoast SEO plugin. -->","yoast_head_json":{"title":"Participation \u00e0 la mission d\u2019affaires entre la Russie et la Tunisie dans le cadre de la foire IFSA - Office des C\u00e9r\u00e9ales - Tunisie","description":"Office des C\u00e9r\u00e9ales","robots":{"index":"index","follow":"follow","max-snippet":"max-snippet:-1","max-image-preview":"max-image-preview:large","max-video-preview":"max-video-preview:-1"},"canonical":"https:\/\/www.oc.com.tn\/fr\/participation-a-la-mission-daffaires-entre-la-russie-et-la-tunisie-dans-le-cadre-de-la-foire-ifsa\/","og_locale":"fr_FR","og_type":"article","og_title":"Participation \u00e0 la mission d\u2019affaires entre la Russie et la Tunisie dans le cadre de la foire IFSA - Office des C\u00e9r\u00e9ales - Tunisie","og_description":"Office des C\u00e9r\u00e9ales","og_url":"https:\/\/www.oc.com.tn\/fr\/participation-a-la-mission-daffaires-entre-la-russie-et-la-tunisie-dans-le-cadre-de-la-foire-ifsa\/","og_site_name":"Office des C\u00e9r\u00e9ales - Tunisie","article_publisher":"https:\/\/www.facebook.com\/profile.php?id=100069933501880","article_published_time":"2024-07-05T17:32:24+00:00","article_modified_time":"2024-07-05T17:54:33+00:00","og_image":[{"width":1600,"height":1200,"url":"https:\/\/www.oc.com.tn\/wp-content\/uploads\/2024\/07\/WhatsApp-Image-2024-07-05-a-08.19.41_7532158e.jpg","type":"image\/jpeg"}],"author":"admin","twitter_card":"summary_large_image","twitter_misc":{"\u00c9crit par":"admin","Dur\u00e9e de lecture estim\u00e9e":"2 minutes"},"schema":{"@context":"https:\/\/schema.org","@graph":[{"@type":"Article","@id":"https:\/\/www.oc.com.tn\/fr\/participation-a-la-mission-daffaires-entre-la-russie-et-la-tunisie-dans-le-cadre-de-la-foire-ifsa\/#article","isPartOf":{"@id":"https:\/\/www.oc.com.tn\/fr\/participation-a-la-mission-daffaires-entre-la-russie-et-la-tunisie-dans-le-cadre-de-la-foire-ifsa\/"},"author":{"name":"admin","@id":"https:\/\/www.oc.com.tn\/fr\/#\/schema\/person\/768d712056151bcf1673fea30d58b995"},"headline":"Participation \u00e0 la mission d\u2019affaires entre la Russie et la Tunisie dans le cadre de la foire IFSA","datePublished":"2024-07-05T17:32:24+00:00","dateModified":"2024-07-05T17:54:33+00:00","mainEntityOfPage":{"@id":"https:\/\/www.oc.com.tn\/fr\/participation-a-la-mission-daffaires-entre-la-russie-et-la-tunisie-dans-le-cadre-de-la-foire-ifsa\/"},"wordCount":251,"publisher":{"@id":"https:\/\/www.oc.com.tn\/fr\/#organization"},"image":{"@id":"https:\/\/www.oc.com.tn\/fr\/participation-a-la-mission-daffaires-entre-la-russie-et-la-tunisie-dans-le-cadre-de-la-foire-ifsa\/#primaryimage"},"thumbnailUrl":"https:\/\/www.oc.com.tn\/wp-content\/uploads\/2024\/07\/WhatsApp-Image-2024-07-05-a-08.19.41_7532158e.jpg","articleSection":["Actualit\u00e9s"],"inLanguage":"fr-FR"},{"@type":"WebPage","@id":"https:\/\/www.oc.com.tn\/fr\/participation-a-la-mission-daffaires-entre-la-russie-et-la-tunisie-dans-le-cadre-de-la-foire-ifsa\/","url":"https:\/\/www.oc.com.tn\/fr\/participation-a-la-mission-daffaires-entre-la-russie-et-la-tunisie-dans-le-cadre-de-la-foire-ifsa\/","name":"Participation \u00e0 la mission d\u2019affaires entre la Russie et la Tunisie dans le cadre de la foire IFSA - Office des C\u00e9r\u00e9ales - Tunisie","isPartOf":{"@id":"https:\/\/www.oc.com.tn\/fr\/#website"},"primaryImageOfPage":{"@id":"https:\/\/www.oc.com.tn\/fr\/participation-a-la-mission-daffaires-entre-la-russie-et-la-tunisie-dans-le-cadre-de-la-foire-ifsa\/#primaryimage"},"image":{"@id":"https:\/\/www.oc.com.tn\/fr\/participation-a-la-mission-daffaires-entre-la-russie-et-la-tunisie-dans-le-cadre-de-la-foire-ifsa\/#primaryimage"},"thumbnailUrl":"https:\/\/www.oc.com.tn\/wp-content\/uploads\/2024\/07\/WhatsApp-Image-2024-07-05-a-08.19.41_7532158e.jpg","datePublished":"2024-07-05T17:32:24+00:00","dateModified":"2024-07-05T17:54:33+00:00","description":"Office des C\u00e9r\u00e9ales","breadcrumb":{"@id":"https:\/\/www.oc.com.tn\/fr\/participation-a-la-mission-daffaires-entre-la-russie-et-la-tunisie-dans-le-cadre-de-la-foire-ifsa\/#breadcrumb"},"inLanguage":"fr-FR","potentialAction":[{"@type":"ReadAction","target":["https:\/\/www.oc.com.tn\/fr\/participation-a-la-mission-daffaires-entre-la-russie-et-la-tunisie-dans-le-cadre-de-la-foire-ifsa\/"]}]},{"@type":"ImageObject","inLanguage":"fr-FR","@id":"https:\/\/www.oc.com.tn\/fr\/participation-a-la-mission-daffaires-entre-la-russie-et-la-tunisie-dans-le-cadre-de-la-foire-ifsa\/#primaryimage","url":"https:\/\/www.oc.com.tn\/wp-content\/uploads\/2024\/07\/WhatsApp-Image-2024-07-05-a-08.19.41_7532158e.jpg","contentUrl":"https:\/\/www.oc.com.tn\/wp-content\/uploads\/2024\/07\/WhatsApp-Image-2024-07-05-a-08.19.41_7532158e.jpg","width":1600,"height":1200},{"@type":"BreadcrumbList","@id":"https:\/\/www.oc.com.tn\/fr\/participation-a-la-mission-daffaires-entre-la-russie-et-la-tunisie-dans-le-cadre-de-la-foire-ifsa\/#breadcrumb","itemListElement":[{"@type":"ListItem","position":1,"name":"Accueil","item":"https:\/\/www.oc.com.tn\/fr\/"},{"@type":"ListItem","position":2,"name":"Participation \u00e0 la mission d\u2019affaires entre la Russie et la Tunisie dans le cadre de la foire IFSA"}]},{"@type":"WebSite","@id":"https:\/\/www.oc.com.tn\/fr\/#website","url":"https:\/\/www.oc.com.tn\/fr\/","name":"Office des C\u00e9r\u00e9ales - Tunisie","description":"Office des C\u00e9r\u00e9ales - Tunisie","publisher":{"@id":"https:\/\/www.oc.com.tn\/fr\/#organization"},"alternateName":"Office des C\u00e9r\u00e9ales - Tunisie","potentialAction":[{"@type":"SearchAction","target":{"@type":"EntryPoint","urlTemplate":"https:\/\/www.oc.com.tn\/fr\/?s={search_term_string}"},"query-input":{"@type":"PropertyValueSpecification","valueRequired":true,"valueName":"search_term_string"}}],"inLanguage":"fr-FR"},{"@type":"Organization","@id":"https:\/\/www.oc.com.tn\/fr\/#organization","name":"Office des C\u00e9r\u00e9ales - Tunisie","url":"https:\/\/www.oc.com.tn\/fr\/","logo":{"@type":"ImageObject","inLanguage":"fr-FR","@id":"https:\/\/www.oc.com.tn\/fr\/#\/schema\/logo\/image\/","url":"https:\/\/www.oc.com.tn\/wp-content\/uploads\/2020\/07\/Logo.png","contentUrl":"https:\/\/www.oc.com.tn\/wp-content\/uploads\/2020\/07\/Logo.png","width":47,"height":74,"caption":"Office des C\u00e9r\u00e9ales - Tunisie"},"image":{"@id":"https:\/\/www.oc.com.tn\/fr\/#\/schema\/logo\/image\/"},"sameAs":["https:\/\/www.facebook.com\/profile.php?id=100069933501880"]},{"@type":"Person","@id":"https:\/\/www.oc.com.tn\/fr\/#\/schema\/person\/768d712056151bcf1673fea30d58b995","name":"admin","image":{"@type":"ImageObject","inLanguage":"fr-FR","@id":"https:\/\/www.oc.com.tn\/fr\/#\/schema\/person\/image\/","url":"https:\/\/secure.gravatar.com\/avatar\/913c1bfcf4e8248c3db121a857b2f3ea401a3da66d6755a432ba1eb4a5e027d9?s=96&d=mm&r=g","contentUrl":"https:\/\/secure.gravatar.com\/avatar\/913c1bfcf4e8248c3db121a857b2f3ea401a3da66d6755a432ba1eb4a5e027d9?s=96&d=mm&r=g","caption":"admin"},"sameAs":["http:\/\/www.oc.com.tn"],"url":"https:\/\/www.oc.com.tn\/fr\/author\/admin\/"}]}},"_links":{"self":[{"href":"https:\/\/www.oc.com.tn\/fr\/wp-json\/wp\/v2\/posts\/14827","targetHints":{"allow":["GET"]}}],"collection":[{"href":"https:\/\/www.oc.com.tn\/fr\/wp-json\/wp\/v2\/posts"}],"about":[{"href":"https:\/\/www.oc.com.tn\/fr\/wp-json\/wp\/v2\/types\/post"}],"author":[{"embeddable":true,"href":"https:\/\/www.oc.com.tn\/fr\/wp-json\/wp\/v2\/users\/1"}],"replies":[{"embeddable":true,"href":"https:\/\/www.oc.com.tn\/fr\/wp-json\/wp\/v2\/comments?post=14827"}],"version-history":[{"count":6,"href":"https:\/\/www.oc.com.tn\/fr\/wp-json\/wp\/v2\/posts\/14827\/revisions"}],"predecessor-version":[{"id":15587,"href":"https:\/\/www.oc.com.tn\/fr\/wp-json\/wp\/v2\/posts\/14827\/revisions\/15587"}],"wp:featuredmedia":[{"embeddable":true,"href":"https:\/\/www.oc.com.tn\/fr\/wp-json\/wp\/v2\/media\/14828"}],"wp:attachment":[{"href":"https:\/\/www.oc.com.tn\/fr\/wp-json\/wp\/v2\/media?parent=14827"}],"wp:term":[{"taxonomy":"category","embeddable":true,"href":"https:\/\/www.oc.com.tn\/fr\/wp-json\/wp\/v2\/categories?post=14827"},{"taxonomy":"post_tag","embeddable":true,"href":"https:\/\/www.oc.com.tn\/fr\/wp-json\/wp\/v2\/tags?post=14827"}],"curies":[{"name":"wp","href":"https:\/\/api.w.org\/{rel}","templated":true}]}}