

{"id":14775,"date":"2024-06-28T12:43:00","date_gmt":"2024-06-28T10:43:00","guid":{"rendered":"https:\/\/www.oc.com.tn\/?p=14775"},"modified":"2024-07-05T18:36:48","modified_gmt":"2024-07-05T16:36:48","slug":"visite-sur-terrain-au-gouvernorat-de-beja","status":"publish","type":"post","link":"https:\/\/www.oc.com.tn\/fr\/visite-sur-terrain-au-gouvernorat-de-beja\/","title":{"rendered":"Visite sur terrain au gouvernorat de B\u00e9ja"},"content":{"rendered":"\n<h6 class=\"wp-block-heading\">Dans le cadre du suivi du d\u00e9roulement de la saison de collecte dans les divers centres de production, une visite des centres de collecte dans le gouvernorat de B\u00e9ja a \u00e9t\u00e9 effectu\u00e9e le mercredi 26 juin 2024 par la Pr\u00e9sidente Directrice G\u00e9n\u00e9rale et des cadres de l&#8217;Office des c\u00e9r\u00e9ales accompagn\u00e9s par le premier d\u00e9l\u00e9gu\u00e9 de la r\u00e9gion. La visite a compris les \u00e9l\u00e9ments suivants : <\/h6>\n\n\n\n<h6 class=\"wp-block-heading\"><strong>1<\/strong>.<strong>R\u00e9union avec les instances r\u00e9gionales :<\/strong> <\/h6>\n\n\n\n<h6 class=\"wp-block-heading\">Une s\u00e9ance de travail a eu lieu au si\u00e8ge du gouvernorat de B\u00e9ja en pr\u00e9sence du premier d\u00e9l\u00e9gu\u00e9 et de certains d\u00e9l\u00e9gu\u00e9s r\u00e9gionaux, ainsi que du d\u00e9l\u00e9gu\u00e9 r\u00e9gional du d\u00e9veloppement agricole. <\/h6>\n\n\n\n<h6 class=\"wp-block-heading\"><strong>2<\/strong>.<strong>Centres de collecte visit\u00e9s :<\/strong> <\/h6>\n\n\n\n<ul class=\"wp-block-list\"><li>Le centre de Lfarek \u00e0 B\u00e9ja Sud, affili\u00e9 \u00e0 la soci\u00e9t\u00e9 priv\u00e9e Euromag, o\u00f9 14 661 quintaux ont \u00e9t\u00e9 collect\u00e9s le 25 juin 2024. <\/li><\/ul>\n\n\n\n<ul class=\"wp-block-list\"><li>Le r\u00e9servoir El Tarhouni dans la r\u00e9gion de Sakhouna \u00e0 Amdoun, d\u00e9pendant de la soci\u00e9t\u00e9 priv\u00e9e Banque des Services Agricoles Multiples, o\u00f9 44 122 quintaux ont \u00e9t\u00e9 collect\u00e9s jusqu&#8217;au 25 juin 2024. <\/li><\/ul>\n\n\n\n<ul class=\"wp-block-list\"><li>Le centre de Amdoun affili\u00e9 \u00e0 la soci\u00e9t\u00e9 priv\u00e9e Grandes Magasins \u00e0 B\u00e9ja, o\u00f9 25 912 quintaux ont \u00e9t\u00e9 collect\u00e9s le 25 juin 2024. <\/li><\/ul>\n\n\n\n<ul class=\"wp-block-list\"><li>Le centre de Nakachia \u00e0 B\u00e9ja Nord, affili\u00e9 \u00e0 la soci\u00e9t\u00e9 Hichri pour la collecte de c\u00e9r\u00e9ales, o\u00f9 33 982 quintaux ont \u00e9t\u00e9 collect\u00e9s jusqu&#8217;au 25 juin 2024.<\/li><\/ul>\n\n\n\n<figure class=\"wp-block-gallery aligncenter columns-3 is-cropped wp-block-gallery-1 is-layout-flex wp-block-gallery-is-layout-flex\"><ul class=\"blocks-gallery-grid\"><li class=\"blocks-gallery-item\"><figure><img fetchpriority=\"high\" decoding=\"async\" width=\"1024\" height=\"683\" src=\"http:\/\/www.oc.com.tn\/wp-content\/uploads\/2024\/07\/image-23-1024x683.png\" alt=\"\" data-id=\"14738\" data-full-url=\"http:\/\/www.oc.com.tn\/wp-content\/uploads\/2024\/07\/image-23.png\" data-link=\"https:\/\/www.oc.com.tn\/fr\/?attachment_id=14738\" class=\"wp-image-14738\" srcset=\"https:\/\/www.oc.com.tn\/wp-content\/uploads\/2024\/07\/image-23-1024x683.png 1024w, https:\/\/www.oc.com.tn\/wp-content\/uploads\/2024\/07\/image-23-300x200.png 300w, https:\/\/www.oc.com.tn\/wp-content\/uploads\/2024\/07\/image-23-768x512.png 768w, https:\/\/www.oc.com.tn\/wp-content\/uploads\/2024\/07\/image-23-1536x1025.png 1536w, https:\/\/www.oc.com.tn\/wp-content\/uploads\/2024\/07\/image-23-730x487.png 730w, https:\/\/www.oc.com.tn\/wp-content\/uploads\/2024\/07\/image-23-1070x714.png 1070w, https:\/\/www.oc.com.tn\/wp-content\/uploads\/2024\/07\/image-23.png 1625w\" sizes=\"(max-width: 1024px) 100vw, 1024px\" \/><\/figure><\/li><li class=\"blocks-gallery-item\"><figure><img decoding=\"async\" width=\"1024\" height=\"683\" data-src=\"http:\/\/www.oc.com.tn\/wp-content\/uploads\/2024\/07\/image-25-1024x683.png\" alt=\"\" data-id=\"14744\" data-full-url=\"http:\/\/www.oc.com.tn\/wp-content\/uploads\/2024\/07\/image-25.png\" data-link=\"https:\/\/www.oc.com.tn\/fr\/?attachment_id=14744\" class=\"wp-image-14744 lazyload\" data-srcset=\"https:\/\/www.oc.com.tn\/wp-content\/uploads\/2024\/07\/image-25-1024x683.png 1024w, https:\/\/www.oc.com.tn\/wp-content\/uploads\/2024\/07\/image-25-300x200.png 300w, https:\/\/www.oc.com.tn\/wp-content\/uploads\/2024\/07\/image-25-768x512.png 768w, https:\/\/www.oc.com.tn\/wp-content\/uploads\/2024\/07\/image-25-1536x1025.png 1536w, https:\/\/www.oc.com.tn\/wp-content\/uploads\/2024\/07\/image-25-730x487.png 730w, https:\/\/www.oc.com.tn\/wp-content\/uploads\/2024\/07\/image-25-1070x714.png 1070w, https:\/\/www.oc.com.tn\/wp-content\/uploads\/2024\/07\/image-25.png 1625w\" data-sizes=\"(max-width: 1024px) 100vw, 1024px\" src=\"data:image\/svg+xml;base64,PHN2ZyB3aWR0aD0iMSIgaGVpZ2h0PSIxIiB4bWxucz0iaHR0cDovL3d3dy53My5vcmcvMjAwMC9zdmciPjwvc3ZnPg==\" style=\"--smush-placeholder-width: 1024px; --smush-placeholder-aspect-ratio: 1024\/683;\" \/><\/figure><\/li><li class=\"blocks-gallery-item\"><figure><img decoding=\"async\" width=\"1024\" height=\"683\" data-src=\"http:\/\/www.oc.com.tn\/wp-content\/uploads\/2024\/07\/image-24-1024x683.png\" alt=\"\" data-id=\"14741\" data-full-url=\"http:\/\/www.oc.com.tn\/wp-content\/uploads\/2024\/07\/image-24.png\" data-link=\"https:\/\/www.oc.com.tn\/fr\/?attachment_id=14741\" class=\"wp-image-14741 lazyload\" data-srcset=\"https:\/\/www.oc.com.tn\/wp-content\/uploads\/2024\/07\/image-24-1024x683.png 1024w, https:\/\/www.oc.com.tn\/wp-content\/uploads\/2024\/07\/image-24-300x200.png 300w, https:\/\/www.oc.com.tn\/wp-content\/uploads\/2024\/07\/image-24-768x512.png 768w, https:\/\/www.oc.com.tn\/wp-content\/uploads\/2024\/07\/image-24-1536x1025.png 1536w, https:\/\/www.oc.com.tn\/wp-content\/uploads\/2024\/07\/image-24-730x487.png 730w, https:\/\/www.oc.com.tn\/wp-content\/uploads\/2024\/07\/image-24-1070x714.png 1070w, https:\/\/www.oc.com.tn\/wp-content\/uploads\/2024\/07\/image-24.png 1625w\" data-sizes=\"(max-width: 1024px) 100vw, 1024px\" src=\"data:image\/svg+xml;base64,PHN2ZyB3aWR0aD0iMSIgaGVpZ2h0PSIxIiB4bWxucz0iaHR0cDovL3d3dy53My5vcmcvMjAwMC9zdmciPjwvc3ZnPg==\" style=\"--smush-placeholder-width: 1024px; --smush-placeholder-aspect-ratio: 1024\/683;\" \/><\/figure><\/li><li class=\"blocks-gallery-item\"><figure><img decoding=\"async\" width=\"1024\" height=\"683\" data-src=\"http:\/\/www.oc.com.tn\/wp-content\/uploads\/2024\/07\/image-27-1024x683.png\" alt=\"\" data-id=\"14750\" data-full-url=\"http:\/\/www.oc.com.tn\/wp-content\/uploads\/2024\/07\/image-27.png\" data-link=\"https:\/\/www.oc.com.tn\/fr\/?attachment_id=14750\" class=\"wp-image-14750 lazyload\" data-srcset=\"https:\/\/www.oc.com.tn\/wp-content\/uploads\/2024\/07\/image-27-1024x683.png 1024w, https:\/\/www.oc.com.tn\/wp-content\/uploads\/2024\/07\/image-27-300x200.png 300w, https:\/\/www.oc.com.tn\/wp-content\/uploads\/2024\/07\/image-27-768x512.png 768w, https:\/\/www.oc.com.tn\/wp-content\/uploads\/2024\/07\/image-27-1536x1025.png 1536w, https:\/\/www.oc.com.tn\/wp-content\/uploads\/2024\/07\/image-27-730x487.png 730w, https:\/\/www.oc.com.tn\/wp-content\/uploads\/2024\/07\/image-27-1070x714.png 1070w, https:\/\/www.oc.com.tn\/wp-content\/uploads\/2024\/07\/image-27.png 1625w\" data-sizes=\"(max-width: 1024px) 100vw, 1024px\" src=\"data:image\/svg+xml;base64,PHN2ZyB3aWR0aD0iMSIgaGVpZ2h0PSIxIiB4bWxucz0iaHR0cDovL3d3dy53My5vcmcvMjAwMC9zdmciPjwvc3ZnPg==\" style=\"--smush-placeholder-width: 1024px; --smush-placeholder-aspect-ratio: 1024\/683;\" \/><\/figure><\/li><li class=\"blocks-gallery-item\"><figure><img decoding=\"async\" width=\"1024\" height=\"683\" data-src=\"http:\/\/www.oc.com.tn\/wp-content\/uploads\/2024\/07\/IMG_3203-1024x683.jpg\" alt=\"\" data-id=\"14753\" data-full-url=\"http:\/\/www.oc.com.tn\/wp-content\/uploads\/2024\/07\/IMG_3203-scaled.jpg\" data-link=\"https:\/\/www.oc.com.tn\/fr\/?attachment_id=14753\" class=\"wp-image-14753 lazyload\" data-srcset=\"https:\/\/www.oc.com.tn\/wp-content\/uploads\/2024\/07\/IMG_3203-1024x683.jpg 1024w, https:\/\/www.oc.com.tn\/wp-content\/uploads\/2024\/07\/IMG_3203-300x200.jpg 300w, https:\/\/www.oc.com.tn\/wp-content\/uploads\/2024\/07\/IMG_3203-768x512.jpg 768w, https:\/\/www.oc.com.tn\/wp-content\/uploads\/2024\/07\/IMG_3203-1536x1024.jpg 1536w, https:\/\/www.oc.com.tn\/wp-content\/uploads\/2024\/07\/IMG_3203-2048x1365.jpg 2048w, https:\/\/www.oc.com.tn\/wp-content\/uploads\/2024\/07\/IMG_3203-730x487.jpg 730w, https:\/\/www.oc.com.tn\/wp-content\/uploads\/2024\/07\/IMG_3203-1070x713.jpg 1070w\" data-sizes=\"(max-width: 1024px) 100vw, 1024px\" src=\"data:image\/svg+xml;base64,PHN2ZyB3aWR0aD0iMSIgaGVpZ2h0PSIxIiB4bWxucz0iaHR0cDovL3d3dy53My5vcmcvMjAwMC9zdmciPjwvc3ZnPg==\" style=\"--smush-placeholder-width: 1024px; --smush-placeholder-aspect-ratio: 1024\/683;\" \/><\/figure><\/li><\/ul><\/figure>\n","protected":false},"excerpt":{"rendered":"<p>Dans le cadre du suivi du d\u00e9roulement de la saison de collecte dans les divers centres de production, une visite des centres de collecte dans le gouvernorat de B\u00e9ja a \u00e9t\u00e9 effectu\u00e9e le mercredi 26 juin 2024 par la Pr\u00e9sidente Directrice G\u00e9n\u00e9rale et des cadres de l&#8217;Office des c\u00e9r\u00e9ales accompagn\u00e9s par le premier d\u00e9l\u00e9gu\u00e9 de [&hellip;]<\/p>\n","protected":false},"author":1,"featured_media":14735,"comment_status":"closed","ping_status":"open","sticky":false,"template":"","format":"standard","meta":{"_monsterinsights_skip_tracking":false,"_monsterinsights_sitenote_active":false,"_monsterinsights_sitenote_note":"","_monsterinsights_sitenote_category":0,"footnotes":""},"categories":[98],"tags":[],"class_list":["post-14775","post","type-post","status-publish","format-standard","has-post-thumbnail","hentry","category-actualites"],"yoast_head":"<!-- This site is optimized with the Yoast SEO plugin v25.5 - https:\/\/yoast.com\/wordpress\/plugins\/seo\/ -->\n<title>Visite sur terrain au gouvernorat de B\u00e9ja - Office des C\u00e9r\u00e9ales - Tunisie<\/title>\n<meta name=\"description\" content=\"Office des C\u00e9r\u00e9ales\" \/>\n<meta name=\"robots\" content=\"index, follow, max-snippet:-1, max-image-preview:large, max-video-preview:-1\" \/>\n<link rel=\"canonical\" href=\"https:\/\/www.oc.com.tn\/fr\/visite-sur-terrain-au-gouvernorat-de-beja\/\" \/>\n<meta property=\"og:locale\" content=\"fr_FR\" \/>\n<meta property=\"og:type\" content=\"article\" \/>\n<meta property=\"og:title\" content=\"Visite sur terrain au gouvernorat de B\u00e9ja - Office des C\u00e9r\u00e9ales - Tunisie\" \/>\n<meta property=\"og:description\" content=\"Office des C\u00e9r\u00e9ales\" \/>\n<meta property=\"og:url\" content=\"https:\/\/www.oc.com.tn\/fr\/visite-sur-terrain-au-gouvernorat-de-beja\/\" \/>\n<meta property=\"og:site_name\" content=\"Office des C\u00e9r\u00e9ales - Tunisie\" \/>\n<meta property=\"article:publisher\" content=\"https:\/\/www.facebook.com\/profile.php?id=100069933501880\" \/>\n<meta property=\"article:published_time\" content=\"2024-06-28T10:43:00+00:00\" \/>\n<meta property=\"article:modified_time\" content=\"2024-07-05T16:36:48+00:00\" \/>\n<meta property=\"og:image\" content=\"https:\/\/www.oc.com.tn\/wp-content\/uploads\/2024\/07\/image-22-1024x495.png\" \/>\n\t<meta property=\"og:image:width\" content=\"1024\" \/>\n\t<meta property=\"og:image:height\" content=\"495\" \/>\n\t<meta property=\"og:image:type\" content=\"image\/png\" \/>\n<meta name=\"author\" content=\"admin\" \/>\n<meta name=\"twitter:card\" content=\"summary_large_image\" \/>\n<meta name=\"twitter:label1\" content=\"\u00c9crit par\" \/>\n\t<meta name=\"twitter:data1\" content=\"admin\" \/>\n\t<meta name=\"twitter:label2\" content=\"Dur\u00e9e de lecture estim\u00e9e\" \/>\n\t<meta name=\"twitter:data2\" content=\"2 minutes\" \/>\n<script type=\"application\/ld+json\" class=\"yoast-schema-graph\">{\"@context\":\"https:\/\/schema.org\",\"@graph\":[{\"@type\":\"Article\",\"@id\":\"https:\/\/www.oc.com.tn\/fr\/visite-sur-terrain-au-gouvernorat-de-beja\/#article\",\"isPartOf\":{\"@id\":\"https:\/\/www.oc.com.tn\/fr\/visite-sur-terrain-au-gouvernorat-de-beja\/\"},\"author\":{\"name\":\"admin\",\"@id\":\"https:\/\/www.oc.com.tn\/fr\/#\/schema\/person\/768d712056151bcf1673fea30d58b995\"},\"headline\":\"Visite sur terrain au gouvernorat de B\u00e9ja\",\"datePublished\":\"2024-06-28T10:43:00+00:00\",\"dateModified\":\"2024-07-05T16:36:48+00:00\",\"mainEntityOfPage\":{\"@id\":\"https:\/\/www.oc.com.tn\/fr\/visite-sur-terrain-au-gouvernorat-de-beja\/\"},\"wordCount\":244,\"publisher\":{\"@id\":\"https:\/\/www.oc.com.tn\/fr\/#organization\"},\"image\":{\"@id\":\"https:\/\/www.oc.com.tn\/fr\/visite-sur-terrain-au-gouvernorat-de-beja\/#primaryimage\"},\"thumbnailUrl\":\"https:\/\/www.oc.com.tn\/wp-content\/uploads\/2024\/07\/image-22.png\",\"articleSection\":[\"Actualit\u00e9s\"],\"inLanguage\":\"fr-FR\"},{\"@type\":\"WebPage\",\"@id\":\"https:\/\/www.oc.com.tn\/fr\/visite-sur-terrain-au-gouvernorat-de-beja\/\",\"url\":\"https:\/\/www.oc.com.tn\/fr\/visite-sur-terrain-au-gouvernorat-de-beja\/\",\"name\":\"Visite sur terrain au gouvernorat de B\u00e9ja - Office des C\u00e9r\u00e9ales - Tunisie\",\"isPartOf\":{\"@id\":\"https:\/\/www.oc.com.tn\/fr\/#website\"},\"primaryImageOfPage\":{\"@id\":\"https:\/\/www.oc.com.tn\/fr\/visite-sur-terrain-au-gouvernorat-de-beja\/#primaryimage\"},\"image\":{\"@id\":\"https:\/\/www.oc.com.tn\/fr\/visite-sur-terrain-au-gouvernorat-de-beja\/#primaryimage\"},\"thumbnailUrl\":\"https:\/\/www.oc.com.tn\/wp-content\/uploads\/2024\/07\/image-22.png\",\"datePublished\":\"2024-06-28T10:43:00+00:00\",\"dateModified\":\"2024-07-05T16:36:48+00:00\",\"description\":\"Office des C\u00e9r\u00e9ales\",\"breadcrumb\":{\"@id\":\"https:\/\/www.oc.com.tn\/fr\/visite-sur-terrain-au-gouvernorat-de-beja\/#breadcrumb\"},\"inLanguage\":\"fr-FR\",\"potentialAction\":[{\"@type\":\"ReadAction\",\"target\":[\"https:\/\/www.oc.com.tn\/fr\/visite-sur-terrain-au-gouvernorat-de-beja\/\"]}]},{\"@type\":\"ImageObject\",\"inLanguage\":\"fr-FR\",\"@id\":\"https:\/\/www.oc.com.tn\/fr\/visite-sur-terrain-au-gouvernorat-de-beja\/#primaryimage\",\"url\":\"https:\/\/www.oc.com.tn\/wp-content\/uploads\/2024\/07\/image-22.png\",\"contentUrl\":\"https:\/\/www.oc.com.tn\/wp-content\/uploads\/2024\/07\/image-22.png\",\"width\":1625,\"height\":786},{\"@type\":\"BreadcrumbList\",\"@id\":\"https:\/\/www.oc.com.tn\/fr\/visite-sur-terrain-au-gouvernorat-de-beja\/#breadcrumb\",\"itemListElement\":[{\"@type\":\"ListItem\",\"position\":1,\"name\":\"Accueil\",\"item\":\"https:\/\/www.oc.com.tn\/fr\/\"},{\"@type\":\"ListItem\",\"position\":2,\"name\":\"Visite sur terrain au gouvernorat de B\u00e9ja\"}]},{\"@type\":\"WebSite\",\"@id\":\"https:\/\/www.oc.com.tn\/fr\/#website\",\"url\":\"https:\/\/www.oc.com.tn\/fr\/\",\"name\":\"Office des C\u00e9r\u00e9ales - Tunisie\",\"description\":\"Office des C\u00e9r\u00e9ales - Tunisie\",\"publisher\":{\"@id\":\"https:\/\/www.oc.com.tn\/fr\/#organization\"},\"alternateName\":\"Office des C\u00e9r\u00e9ales - Tunisie\",\"potentialAction\":[{\"@type\":\"SearchAction\",\"target\":{\"@type\":\"EntryPoint\",\"urlTemplate\":\"https:\/\/www.oc.com.tn\/fr\/?s={search_term_string}\"},\"query-input\":{\"@type\":\"PropertyValueSpecification\",\"valueRequired\":true,\"valueName\":\"search_term_string\"}}],\"inLanguage\":\"fr-FR\"},{\"@type\":\"Organization\",\"@id\":\"https:\/\/www.oc.com.tn\/fr\/#organization\",\"name\":\"Office des C\u00e9r\u00e9ales - Tunisie\",\"url\":\"https:\/\/www.oc.com.tn\/fr\/\",\"logo\":{\"@type\":\"ImageObject\",\"inLanguage\":\"fr-FR\",\"@id\":\"https:\/\/www.oc.com.tn\/fr\/#\/schema\/logo\/image\/\",\"url\":\"https:\/\/www.oc.com.tn\/wp-content\/uploads\/2020\/07\/Logo.png\",\"contentUrl\":\"https:\/\/www.oc.com.tn\/wp-content\/uploads\/2020\/07\/Logo.png\",\"width\":47,\"height\":74,\"caption\":\"Office des C\u00e9r\u00e9ales - Tunisie\"},\"image\":{\"@id\":\"https:\/\/www.oc.com.tn\/fr\/#\/schema\/logo\/image\/\"},\"sameAs\":[\"https:\/\/www.facebook.com\/profile.php?id=100069933501880\"]},{\"@type\":\"Person\",\"@id\":\"https:\/\/www.oc.com.tn\/fr\/#\/schema\/person\/768d712056151bcf1673fea30d58b995\",\"name\":\"admin\",\"image\":{\"@type\":\"ImageObject\",\"inLanguage\":\"fr-FR\",\"@id\":\"https:\/\/www.oc.com.tn\/fr\/#\/schema\/person\/image\/\",\"url\":\"https:\/\/secure.gravatar.com\/avatar\/913c1bfcf4e8248c3db121a857b2f3ea401a3da66d6755a432ba1eb4a5e027d9?s=96&d=mm&r=g\",\"contentUrl\":\"https:\/\/secure.gravatar.com\/avatar\/913c1bfcf4e8248c3db121a857b2f3ea401a3da66d6755a432ba1eb4a5e027d9?s=96&d=mm&r=g\",\"caption\":\"admin\"},\"sameAs\":[\"http:\/\/www.oc.com.tn\"],\"url\":\"https:\/\/www.oc.com.tn\/fr\/author\/admin\/\"}]}<\/script>\n<!-- \/ Yoast SEO plugin. -->","yoast_head_json":{"title":"Visite sur terrain au gouvernorat de B\u00e9ja - Office des C\u00e9r\u00e9ales - Tunisie","description":"Office des C\u00e9r\u00e9ales","robots":{"index":"index","follow":"follow","max-snippet":"max-snippet:-1","max-image-preview":"max-image-preview:large","max-video-preview":"max-video-preview:-1"},"canonical":"https:\/\/www.oc.com.tn\/fr\/visite-sur-terrain-au-gouvernorat-de-beja\/","og_locale":"fr_FR","og_type":"article","og_title":"Visite sur terrain au gouvernorat de B\u00e9ja - Office des C\u00e9r\u00e9ales - Tunisie","og_description":"Office des C\u00e9r\u00e9ales","og_url":"https:\/\/www.oc.com.tn\/fr\/visite-sur-terrain-au-gouvernorat-de-beja\/","og_site_name":"Office des C\u00e9r\u00e9ales - Tunisie","article_publisher":"https:\/\/www.facebook.com\/profile.php?id=100069933501880","article_published_time":"2024-06-28T10:43:00+00:00","article_modified_time":"2024-07-05T16:36:48+00:00","og_image":[{"width":1024,"height":495,"url":"https:\/\/www.oc.com.tn\/wp-content\/uploads\/2024\/07\/image-22-1024x495.png","type":"image\/png"}],"author":"admin","twitter_card":"summary_large_image","twitter_misc":{"\u00c9crit par":"admin","Dur\u00e9e de lecture estim\u00e9e":"2 minutes"},"schema":{"@context":"https:\/\/schema.org","@graph":[{"@type":"Article","@id":"https:\/\/www.oc.com.tn\/fr\/visite-sur-terrain-au-gouvernorat-de-beja\/#article","isPartOf":{"@id":"https:\/\/www.oc.com.tn\/fr\/visite-sur-terrain-au-gouvernorat-de-beja\/"},"author":{"name":"admin","@id":"https:\/\/www.oc.com.tn\/fr\/#\/schema\/person\/768d712056151bcf1673fea30d58b995"},"headline":"Visite sur terrain au gouvernorat de B\u00e9ja","datePublished":"2024-06-28T10:43:00+00:00","dateModified":"2024-07-05T16:36:48+00:00","mainEntityOfPage":{"@id":"https:\/\/www.oc.com.tn\/fr\/visite-sur-terrain-au-gouvernorat-de-beja\/"},"wordCount":244,"publisher":{"@id":"https:\/\/www.oc.com.tn\/fr\/#organization"},"image":{"@id":"https:\/\/www.oc.com.tn\/fr\/visite-sur-terrain-au-gouvernorat-de-beja\/#primaryimage"},"thumbnailUrl":"https:\/\/www.oc.com.tn\/wp-content\/uploads\/2024\/07\/image-22.png","articleSection":["Actualit\u00e9s"],"inLanguage":"fr-FR"},{"@type":"WebPage","@id":"https:\/\/www.oc.com.tn\/fr\/visite-sur-terrain-au-gouvernorat-de-beja\/","url":"https:\/\/www.oc.com.tn\/fr\/visite-sur-terrain-au-gouvernorat-de-beja\/","name":"Visite sur terrain au gouvernorat de B\u00e9ja - Office des C\u00e9r\u00e9ales - Tunisie","isPartOf":{"@id":"https:\/\/www.oc.com.tn\/fr\/#website"},"primaryImageOfPage":{"@id":"https:\/\/www.oc.com.tn\/fr\/visite-sur-terrain-au-gouvernorat-de-beja\/#primaryimage"},"image":{"@id":"https:\/\/www.oc.com.tn\/fr\/visite-sur-terrain-au-gouvernorat-de-beja\/#primaryimage"},"thumbnailUrl":"https:\/\/www.oc.com.tn\/wp-content\/uploads\/2024\/07\/image-22.png","datePublished":"2024-06-28T10:43:00+00:00","dateModified":"2024-07-05T16:36:48+00:00","description":"Office des C\u00e9r\u00e9ales","breadcrumb":{"@id":"https:\/\/www.oc.com.tn\/fr\/visite-sur-terrain-au-gouvernorat-de-beja\/#breadcrumb"},"inLanguage":"fr-FR","potentialAction":[{"@type":"ReadAction","target":["https:\/\/www.oc.com.tn\/fr\/visite-sur-terrain-au-gouvernorat-de-beja\/"]}]},{"@type":"ImageObject","inLanguage":"fr-FR","@id":"https:\/\/www.oc.com.tn\/fr\/visite-sur-terrain-au-gouvernorat-de-beja\/#primaryimage","url":"https:\/\/www.oc.com.tn\/wp-content\/uploads\/2024\/07\/image-22.png","contentUrl":"https:\/\/www.oc.com.tn\/wp-content\/uploads\/2024\/07\/image-22.png","width":1625,"height":786},{"@type":"BreadcrumbList","@id":"https:\/\/www.oc.com.tn\/fr\/visite-sur-terrain-au-gouvernorat-de-beja\/#breadcrumb","itemListElement":[{"@type":"ListItem","position":1,"name":"Accueil","item":"https:\/\/www.oc.com.tn\/fr\/"},{"@type":"ListItem","position":2,"name":"Visite sur terrain au gouvernorat de B\u00e9ja"}]},{"@type":"WebSite","@id":"https:\/\/www.oc.com.tn\/fr\/#website","url":"https:\/\/www.oc.com.tn\/fr\/","name":"Office des C\u00e9r\u00e9ales - Tunisie","description":"Office des C\u00e9r\u00e9ales - Tunisie","publisher":{"@id":"https:\/\/www.oc.com.tn\/fr\/#organization"},"alternateName":"Office des C\u00e9r\u00e9ales - Tunisie","potentialAction":[{"@type":"SearchAction","target":{"@type":"EntryPoint","urlTemplate":"https:\/\/www.oc.com.tn\/fr\/?s={search_term_string}"},"query-input":{"@type":"PropertyValueSpecification","valueRequired":true,"valueName":"search_term_string"}}],"inLanguage":"fr-FR"},{"@type":"Organization","@id":"https:\/\/www.oc.com.tn\/fr\/#organization","name":"Office des C\u00e9r\u00e9ales - Tunisie","url":"https:\/\/www.oc.com.tn\/fr\/","logo":{"@type":"ImageObject","inLanguage":"fr-FR","@id":"https:\/\/www.oc.com.tn\/fr\/#\/schema\/logo\/image\/","url":"https:\/\/www.oc.com.tn\/wp-content\/uploads\/2020\/07\/Logo.png","contentUrl":"https:\/\/www.oc.com.tn\/wp-content\/uploads\/2020\/07\/Logo.png","width":47,"height":74,"caption":"Office des C\u00e9r\u00e9ales - Tunisie"},"image":{"@id":"https:\/\/www.oc.com.tn\/fr\/#\/schema\/logo\/image\/"},"sameAs":["https:\/\/www.facebook.com\/profile.php?id=100069933501880"]},{"@type":"Person","@id":"https:\/\/www.oc.com.tn\/fr\/#\/schema\/person\/768d712056151bcf1673fea30d58b995","name":"admin","image":{"@type":"ImageObject","inLanguage":"fr-FR","@id":"https:\/\/www.oc.com.tn\/fr\/#\/schema\/person\/image\/","url":"https:\/\/secure.gravatar.com\/avatar\/913c1bfcf4e8248c3db121a857b2f3ea401a3da66d6755a432ba1eb4a5e027d9?s=96&d=mm&r=g","contentUrl":"https:\/\/secure.gravatar.com\/avatar\/913c1bfcf4e8248c3db121a857b2f3ea401a3da66d6755a432ba1eb4a5e027d9?s=96&d=mm&r=g","caption":"admin"},"sameAs":["http:\/\/www.oc.com.tn"],"url":"https:\/\/www.oc.com.tn\/fr\/author\/admin\/"}]}},"_links":{"self":[{"href":"https:\/\/www.oc.com.tn\/fr\/wp-json\/wp\/v2\/posts\/14775","targetHints":{"allow":["GET"]}}],"collection":[{"href":"https:\/\/www.oc.com.tn\/fr\/wp-json\/wp\/v2\/posts"}],"about":[{"href":"https:\/\/www.oc.com.tn\/fr\/wp-json\/wp\/v2\/types\/post"}],"author":[{"embeddable":true,"href":"https:\/\/www.oc.com.tn\/fr\/wp-json\/wp\/v2\/users\/1"}],"replies":[{"embeddable":true,"href":"https:\/\/www.oc.com.tn\/fr\/wp-json\/wp\/v2\/comments?post=14775"}],"version-history":[{"count":2,"href":"https:\/\/www.oc.com.tn\/fr\/wp-json\/wp\/v2\/posts\/14775\/revisions"}],"predecessor-version":[{"id":14792,"href":"https:\/\/www.oc.com.tn\/fr\/wp-json\/wp\/v2\/posts\/14775\/revisions\/14792"}],"wp:featuredmedia":[{"embeddable":true,"href":"https:\/\/www.oc.com.tn\/fr\/wp-json\/wp\/v2\/media\/14735"}],"wp:attachment":[{"href":"https:\/\/www.oc.com.tn\/fr\/wp-json\/wp\/v2\/media?parent=14775"}],"wp:term":[{"taxonomy":"category","embeddable":true,"href":"https:\/\/www.oc.com.tn\/fr\/wp-json\/wp\/v2\/categories?post=14775"},{"taxonomy":"post_tag","embeddable":true,"href":"https:\/\/www.oc.com.tn\/fr\/wp-json\/wp\/v2\/tags?post=14775"}],"curies":[{"name":"wp","href":"https:\/\/api.w.org\/{rel}","templated":true}]}}