

{"id":14329,"date":"2024-06-26T17:21:58","date_gmt":"2024-06-26T15:21:58","guid":{"rendered":"https:\/\/www.oc.com.tn\/?p=14329"},"modified":"2024-06-26T17:43:38","modified_gmt":"2024-06-26T15:43:38","slug":"reunion-avec-les-representants-de-loffice-de-la-marine-marchande-et-des-ports","status":"publish","type":"post","link":"https:\/\/www.oc.com.tn\/fr\/reunion-avec-les-representants-de-loffice-de-la-marine-marchande-et-des-ports\/","title":{"rendered":"R\u00e9union avec les repr\u00e9sentants de  l\u2019Office de la Marine Marchande et des Ports"},"content":{"rendered":"\n<h6 class=\"wp-block-heading\">Dans le cadre de la mise en \u0153uvre des projets de d\u00e9veloppement et de renforcement des capacit\u00e9s de stockage des c\u00e9r\u00e9ales dans les ports tunisiens, la Pr\u00e9sidente Directrice G\u00e9n\u00e9rale de l\u2019Office des C\u00e9r\u00e9ales a accueilli les repr\u00e9sentants de l\u2019Office de la Marine Marchande et des Ports le 18 juin 2024. Cette r\u00e9union a port\u00e9 sur les programmes d&#8217;investissement relatifs aux capacit\u00e9s de stockage et de d\u00e9chargement des navires de c\u00e9r\u00e9ales dans les ports de Rad\u00e8s, Gab\u00e8s, Bizerte et Sfax.<\/h6>\n\n\n\n<figure class=\"wp-block-image size-large\"><img fetchpriority=\"high\" decoding=\"async\" width=\"1024\" height=\"546\" src=\"http:\/\/www.oc.com.tn\/wp-content\/uploads\/2024\/06\/image-93-1024x546.png\" alt=\"\" class=\"wp-image-14333\" srcset=\"https:\/\/www.oc.com.tn\/wp-content\/uploads\/2024\/06\/image-93-1024x546.png 1024w, https:\/\/www.oc.com.tn\/wp-content\/uploads\/2024\/06\/image-93-300x160.png 300w, https:\/\/www.oc.com.tn\/wp-content\/uploads\/2024\/06\/image-93-768x410.png 768w, https:\/\/www.oc.com.tn\/wp-content\/uploads\/2024\/06\/image-93-730x389.png 730w, https:\/\/www.oc.com.tn\/wp-content\/uploads\/2024\/06\/image-93-1070x571.png 1070w, https:\/\/www.oc.com.tn\/wp-content\/uploads\/2024\/06\/image-93.png 1125w\" sizes=\"(max-width: 1024px) 100vw, 1024px\" \/><\/figure>\n","protected":false},"excerpt":{"rendered":"<p>Dans le cadre de la mise en \u0153uvre des projets de d\u00e9veloppement et de renforcement des capacit\u00e9s de stockage des c\u00e9r\u00e9ales dans les ports tunisiens, la Pr\u00e9sidente Directrice G\u00e9n\u00e9rale de l\u2019Office des C\u00e9r\u00e9ales a accueilli les repr\u00e9sentants de l\u2019Office de la Marine Marchande et des Ports le 18 juin 2024. Cette r\u00e9union a port\u00e9 sur [&hellip;]<\/p>\n","protected":false},"author":1,"featured_media":14330,"comment_status":"closed","ping_status":"open","sticky":false,"template":"","format":"standard","meta":{"_monsterinsights_skip_tracking":false,"_monsterinsights_sitenote_active":false,"_monsterinsights_sitenote_note":"","_monsterinsights_sitenote_category":0,"footnotes":""},"categories":[98],"tags":[],"class_list":["post-14329","post","type-post","status-publish","format-standard","has-post-thumbnail","hentry","category-actualites"],"yoast_head":"<!-- This site is optimized with the Yoast SEO plugin v25.5 - https:\/\/yoast.com\/wordpress\/plugins\/seo\/ -->\n<title>R\u00e9union avec les repr\u00e9sentants de l\u2019Office de la Marine Marchande et des Ports - Office des C\u00e9r\u00e9ales - Tunisie<\/title>\n<meta name=\"description\" content=\"Office des C\u00e9r\u00e9ales\" \/>\n<meta name=\"robots\" content=\"index, follow, max-snippet:-1, max-image-preview:large, max-video-preview:-1\" \/>\n<link rel=\"canonical\" href=\"https:\/\/www.oc.com.tn\/fr\/reunion-avec-les-representants-de-loffice-de-la-marine-marchande-et-des-ports\/\" \/>\n<meta property=\"og:locale\" content=\"fr_FR\" \/>\n<meta property=\"og:type\" content=\"article\" \/>\n<meta property=\"og:title\" content=\"R\u00e9union avec les repr\u00e9sentants de l\u2019Office de la Marine Marchande et des Ports - Office des C\u00e9r\u00e9ales - Tunisie\" \/>\n<meta property=\"og:description\" content=\"Office des C\u00e9r\u00e9ales\" \/>\n<meta property=\"og:url\" content=\"https:\/\/www.oc.com.tn\/fr\/reunion-avec-les-representants-de-loffice-de-la-marine-marchande-et-des-ports\/\" \/>\n<meta property=\"og:site_name\" content=\"Office des C\u00e9r\u00e9ales - Tunisie\" \/>\n<meta property=\"article:publisher\" content=\"https:\/\/www.facebook.com\/profile.php?id=100069933501880\" \/>\n<meta property=\"article:published_time\" content=\"2024-06-26T15:21:58+00:00\" \/>\n<meta property=\"article:modified_time\" content=\"2024-06-26T15:43:38+00:00\" \/>\n<meta property=\"og:image\" content=\"https:\/\/www.oc.com.tn\/wp-content\/uploads\/2024\/06\/image-92.png\" \/>\n\t<meta property=\"og:image:width\" content=\"1125\" \/>\n\t<meta property=\"og:image:height\" content=\"583\" \/>\n\t<meta property=\"og:image:type\" content=\"image\/png\" \/>\n<meta name=\"author\" content=\"admin\" \/>\n<meta name=\"twitter:card\" content=\"summary_large_image\" \/>\n<meta name=\"twitter:label1\" content=\"\u00c9crit par\" \/>\n\t<meta name=\"twitter:data1\" content=\"admin\" \/>\n\t<meta name=\"twitter:label2\" content=\"Dur\u00e9e de lecture estim\u00e9e\" \/>\n\t<meta name=\"twitter:data2\" content=\"1 minute\" \/>\n<script type=\"application\/ld+json\" class=\"yoast-schema-graph\">{\"@context\":\"https:\/\/schema.org\",\"@graph\":[{\"@type\":\"Article\",\"@id\":\"https:\/\/www.oc.com.tn\/fr\/reunion-avec-les-representants-de-loffice-de-la-marine-marchande-et-des-ports\/#article\",\"isPartOf\":{\"@id\":\"https:\/\/www.oc.com.tn\/fr\/reunion-avec-les-representants-de-loffice-de-la-marine-marchande-et-des-ports\/\"},\"author\":{\"name\":\"admin\",\"@id\":\"https:\/\/www.oc.com.tn\/fr\/#\/schema\/person\/768d712056151bcf1673fea30d58b995\"},\"headline\":\"R\u00e9union avec les repr\u00e9sentants de l\u2019Office de la Marine Marchande et des Ports\",\"datePublished\":\"2024-06-26T15:21:58+00:00\",\"dateModified\":\"2024-06-26T15:43:38+00:00\",\"mainEntityOfPage\":{\"@id\":\"https:\/\/www.oc.com.tn\/fr\/reunion-avec-les-representants-de-loffice-de-la-marine-marchande-et-des-ports\/\"},\"wordCount\":112,\"publisher\":{\"@id\":\"https:\/\/www.oc.com.tn\/fr\/#organization\"},\"image\":{\"@id\":\"https:\/\/www.oc.com.tn\/fr\/reunion-avec-les-representants-de-loffice-de-la-marine-marchande-et-des-ports\/#primaryimage\"},\"thumbnailUrl\":\"https:\/\/www.oc.com.tn\/wp-content\/uploads\/2024\/06\/image-92.png\",\"articleSection\":[\"Actualit\u00e9s\"],\"inLanguage\":\"fr-FR\"},{\"@type\":\"WebPage\",\"@id\":\"https:\/\/www.oc.com.tn\/fr\/reunion-avec-les-representants-de-loffice-de-la-marine-marchande-et-des-ports\/\",\"url\":\"https:\/\/www.oc.com.tn\/fr\/reunion-avec-les-representants-de-loffice-de-la-marine-marchande-et-des-ports\/\",\"name\":\"R\u00e9union avec les repr\u00e9sentants de l\u2019Office de la Marine Marchande et des Ports - Office des C\u00e9r\u00e9ales - Tunisie\",\"isPartOf\":{\"@id\":\"https:\/\/www.oc.com.tn\/fr\/#website\"},\"primaryImageOfPage\":{\"@id\":\"https:\/\/www.oc.com.tn\/fr\/reunion-avec-les-representants-de-loffice-de-la-marine-marchande-et-des-ports\/#primaryimage\"},\"image\":{\"@id\":\"https:\/\/www.oc.com.tn\/fr\/reunion-avec-les-representants-de-loffice-de-la-marine-marchande-et-des-ports\/#primaryimage\"},\"thumbnailUrl\":\"https:\/\/www.oc.com.tn\/wp-content\/uploads\/2024\/06\/image-92.png\",\"datePublished\":\"2024-06-26T15:21:58+00:00\",\"dateModified\":\"2024-06-26T15:43:38+00:00\",\"description\":\"Office des C\u00e9r\u00e9ales\",\"breadcrumb\":{\"@id\":\"https:\/\/www.oc.com.tn\/fr\/reunion-avec-les-representants-de-loffice-de-la-marine-marchande-et-des-ports\/#breadcrumb\"},\"inLanguage\":\"fr-FR\",\"potentialAction\":[{\"@type\":\"ReadAction\",\"target\":[\"https:\/\/www.oc.com.tn\/fr\/reunion-avec-les-representants-de-loffice-de-la-marine-marchande-et-des-ports\/\"]}]},{\"@type\":\"ImageObject\",\"inLanguage\":\"fr-FR\",\"@id\":\"https:\/\/www.oc.com.tn\/fr\/reunion-avec-les-representants-de-loffice-de-la-marine-marchande-et-des-ports\/#primaryimage\",\"url\":\"https:\/\/www.oc.com.tn\/wp-content\/uploads\/2024\/06\/image-92.png\",\"contentUrl\":\"https:\/\/www.oc.com.tn\/wp-content\/uploads\/2024\/06\/image-92.png\",\"width\":1125,\"height\":583},{\"@type\":\"BreadcrumbList\",\"@id\":\"https:\/\/www.oc.com.tn\/fr\/reunion-avec-les-representants-de-loffice-de-la-marine-marchande-et-des-ports\/#breadcrumb\",\"itemListElement\":[{\"@type\":\"ListItem\",\"position\":1,\"name\":\"Accueil\",\"item\":\"https:\/\/www.oc.com.tn\/fr\/\"},{\"@type\":\"ListItem\",\"position\":2,\"name\":\"R\u00e9union avec les repr\u00e9sentants de l\u2019Office de la Marine Marchande et des Ports\"}]},{\"@type\":\"WebSite\",\"@id\":\"https:\/\/www.oc.com.tn\/fr\/#website\",\"url\":\"https:\/\/www.oc.com.tn\/fr\/\",\"name\":\"Office des C\u00e9r\u00e9ales - Tunisie\",\"description\":\"Office des C\u00e9r\u00e9ales - Tunisie\",\"publisher\":{\"@id\":\"https:\/\/www.oc.com.tn\/fr\/#organization\"},\"alternateName\":\"Office des C\u00e9r\u00e9ales - Tunisie\",\"potentialAction\":[{\"@type\":\"SearchAction\",\"target\":{\"@type\":\"EntryPoint\",\"urlTemplate\":\"https:\/\/www.oc.com.tn\/fr\/?s={search_term_string}\"},\"query-input\":{\"@type\":\"PropertyValueSpecification\",\"valueRequired\":true,\"valueName\":\"search_term_string\"}}],\"inLanguage\":\"fr-FR\"},{\"@type\":\"Organization\",\"@id\":\"https:\/\/www.oc.com.tn\/fr\/#organization\",\"name\":\"Office des C\u00e9r\u00e9ales - Tunisie\",\"url\":\"https:\/\/www.oc.com.tn\/fr\/\",\"logo\":{\"@type\":\"ImageObject\",\"inLanguage\":\"fr-FR\",\"@id\":\"https:\/\/www.oc.com.tn\/fr\/#\/schema\/logo\/image\/\",\"url\":\"https:\/\/www.oc.com.tn\/wp-content\/uploads\/2020\/07\/Logo.png\",\"contentUrl\":\"https:\/\/www.oc.com.tn\/wp-content\/uploads\/2020\/07\/Logo.png\",\"width\":47,\"height\":74,\"caption\":\"Office des C\u00e9r\u00e9ales - Tunisie\"},\"image\":{\"@id\":\"https:\/\/www.oc.com.tn\/fr\/#\/schema\/logo\/image\/\"},\"sameAs\":[\"https:\/\/www.facebook.com\/profile.php?id=100069933501880\"]},{\"@type\":\"Person\",\"@id\":\"https:\/\/www.oc.com.tn\/fr\/#\/schema\/person\/768d712056151bcf1673fea30d58b995\",\"name\":\"admin\",\"image\":{\"@type\":\"ImageObject\",\"inLanguage\":\"fr-FR\",\"@id\":\"https:\/\/www.oc.com.tn\/fr\/#\/schema\/person\/image\/\",\"url\":\"https:\/\/secure.gravatar.com\/avatar\/913c1bfcf4e8248c3db121a857b2f3ea401a3da66d6755a432ba1eb4a5e027d9?s=96&d=mm&r=g\",\"contentUrl\":\"https:\/\/secure.gravatar.com\/avatar\/913c1bfcf4e8248c3db121a857b2f3ea401a3da66d6755a432ba1eb4a5e027d9?s=96&d=mm&r=g\",\"caption\":\"admin\"},\"sameAs\":[\"http:\/\/www.oc.com.tn\"],\"url\":\"https:\/\/www.oc.com.tn\/fr\/author\/admin\/\"}]}<\/script>\n<!-- \/ Yoast SEO plugin. -->","yoast_head_json":{"title":"R\u00e9union avec les repr\u00e9sentants de l\u2019Office de la Marine Marchande et des Ports - Office des C\u00e9r\u00e9ales - Tunisie","description":"Office des C\u00e9r\u00e9ales","robots":{"index":"index","follow":"follow","max-snippet":"max-snippet:-1","max-image-preview":"max-image-preview:large","max-video-preview":"max-video-preview:-1"},"canonical":"https:\/\/www.oc.com.tn\/fr\/reunion-avec-les-representants-de-loffice-de-la-marine-marchande-et-des-ports\/","og_locale":"fr_FR","og_type":"article","og_title":"R\u00e9union avec les repr\u00e9sentants de l\u2019Office de la Marine Marchande et des Ports - Office des C\u00e9r\u00e9ales - Tunisie","og_description":"Office des C\u00e9r\u00e9ales","og_url":"https:\/\/www.oc.com.tn\/fr\/reunion-avec-les-representants-de-loffice-de-la-marine-marchande-et-des-ports\/","og_site_name":"Office des C\u00e9r\u00e9ales - Tunisie","article_publisher":"https:\/\/www.facebook.com\/profile.php?id=100069933501880","article_published_time":"2024-06-26T15:21:58+00:00","article_modified_time":"2024-06-26T15:43:38+00:00","og_image":[{"width":1125,"height":583,"url":"https:\/\/www.oc.com.tn\/wp-content\/uploads\/2024\/06\/image-92.png","type":"image\/png"}],"author":"admin","twitter_card":"summary_large_image","twitter_misc":{"\u00c9crit par":"admin","Dur\u00e9e de lecture estim\u00e9e":"1 minute"},"schema":{"@context":"https:\/\/schema.org","@graph":[{"@type":"Article","@id":"https:\/\/www.oc.com.tn\/fr\/reunion-avec-les-representants-de-loffice-de-la-marine-marchande-et-des-ports\/#article","isPartOf":{"@id":"https:\/\/www.oc.com.tn\/fr\/reunion-avec-les-representants-de-loffice-de-la-marine-marchande-et-des-ports\/"},"author":{"name":"admin","@id":"https:\/\/www.oc.com.tn\/fr\/#\/schema\/person\/768d712056151bcf1673fea30d58b995"},"headline":"R\u00e9union avec les repr\u00e9sentants de l\u2019Office de la Marine Marchande et des Ports","datePublished":"2024-06-26T15:21:58+00:00","dateModified":"2024-06-26T15:43:38+00:00","mainEntityOfPage":{"@id":"https:\/\/www.oc.com.tn\/fr\/reunion-avec-les-representants-de-loffice-de-la-marine-marchande-et-des-ports\/"},"wordCount":112,"publisher":{"@id":"https:\/\/www.oc.com.tn\/fr\/#organization"},"image":{"@id":"https:\/\/www.oc.com.tn\/fr\/reunion-avec-les-representants-de-loffice-de-la-marine-marchande-et-des-ports\/#primaryimage"},"thumbnailUrl":"https:\/\/www.oc.com.tn\/wp-content\/uploads\/2024\/06\/image-92.png","articleSection":["Actualit\u00e9s"],"inLanguage":"fr-FR"},{"@type":"WebPage","@id":"https:\/\/www.oc.com.tn\/fr\/reunion-avec-les-representants-de-loffice-de-la-marine-marchande-et-des-ports\/","url":"https:\/\/www.oc.com.tn\/fr\/reunion-avec-les-representants-de-loffice-de-la-marine-marchande-et-des-ports\/","name":"R\u00e9union avec les repr\u00e9sentants de l\u2019Office de la Marine Marchande et des Ports - Office des C\u00e9r\u00e9ales - Tunisie","isPartOf":{"@id":"https:\/\/www.oc.com.tn\/fr\/#website"},"primaryImageOfPage":{"@id":"https:\/\/www.oc.com.tn\/fr\/reunion-avec-les-representants-de-loffice-de-la-marine-marchande-et-des-ports\/#primaryimage"},"image":{"@id":"https:\/\/www.oc.com.tn\/fr\/reunion-avec-les-representants-de-loffice-de-la-marine-marchande-et-des-ports\/#primaryimage"},"thumbnailUrl":"https:\/\/www.oc.com.tn\/wp-content\/uploads\/2024\/06\/image-92.png","datePublished":"2024-06-26T15:21:58+00:00","dateModified":"2024-06-26T15:43:38+00:00","description":"Office des C\u00e9r\u00e9ales","breadcrumb":{"@id":"https:\/\/www.oc.com.tn\/fr\/reunion-avec-les-representants-de-loffice-de-la-marine-marchande-et-des-ports\/#breadcrumb"},"inLanguage":"fr-FR","potentialAction":[{"@type":"ReadAction","target":["https:\/\/www.oc.com.tn\/fr\/reunion-avec-les-representants-de-loffice-de-la-marine-marchande-et-des-ports\/"]}]},{"@type":"ImageObject","inLanguage":"fr-FR","@id":"https:\/\/www.oc.com.tn\/fr\/reunion-avec-les-representants-de-loffice-de-la-marine-marchande-et-des-ports\/#primaryimage","url":"https:\/\/www.oc.com.tn\/wp-content\/uploads\/2024\/06\/image-92.png","contentUrl":"https:\/\/www.oc.com.tn\/wp-content\/uploads\/2024\/06\/image-92.png","width":1125,"height":583},{"@type":"BreadcrumbList","@id":"https:\/\/www.oc.com.tn\/fr\/reunion-avec-les-representants-de-loffice-de-la-marine-marchande-et-des-ports\/#breadcrumb","itemListElement":[{"@type":"ListItem","position":1,"name":"Accueil","item":"https:\/\/www.oc.com.tn\/fr\/"},{"@type":"ListItem","position":2,"name":"R\u00e9union avec les repr\u00e9sentants de l\u2019Office de la Marine Marchande et des Ports"}]},{"@type":"WebSite","@id":"https:\/\/www.oc.com.tn\/fr\/#website","url":"https:\/\/www.oc.com.tn\/fr\/","name":"Office des C\u00e9r\u00e9ales - Tunisie","description":"Office des C\u00e9r\u00e9ales - Tunisie","publisher":{"@id":"https:\/\/www.oc.com.tn\/fr\/#organization"},"alternateName":"Office des C\u00e9r\u00e9ales - Tunisie","potentialAction":[{"@type":"SearchAction","target":{"@type":"EntryPoint","urlTemplate":"https:\/\/www.oc.com.tn\/fr\/?s={search_term_string}"},"query-input":{"@type":"PropertyValueSpecification","valueRequired":true,"valueName":"search_term_string"}}],"inLanguage":"fr-FR"},{"@type":"Organization","@id":"https:\/\/www.oc.com.tn\/fr\/#organization","name":"Office des C\u00e9r\u00e9ales - Tunisie","url":"https:\/\/www.oc.com.tn\/fr\/","logo":{"@type":"ImageObject","inLanguage":"fr-FR","@id":"https:\/\/www.oc.com.tn\/fr\/#\/schema\/logo\/image\/","url":"https:\/\/www.oc.com.tn\/wp-content\/uploads\/2020\/07\/Logo.png","contentUrl":"https:\/\/www.oc.com.tn\/wp-content\/uploads\/2020\/07\/Logo.png","width":47,"height":74,"caption":"Office des C\u00e9r\u00e9ales - Tunisie"},"image":{"@id":"https:\/\/www.oc.com.tn\/fr\/#\/schema\/logo\/image\/"},"sameAs":["https:\/\/www.facebook.com\/profile.php?id=100069933501880"]},{"@type":"Person","@id":"https:\/\/www.oc.com.tn\/fr\/#\/schema\/person\/768d712056151bcf1673fea30d58b995","name":"admin","image":{"@type":"ImageObject","inLanguage":"fr-FR","@id":"https:\/\/www.oc.com.tn\/fr\/#\/schema\/person\/image\/","url":"https:\/\/secure.gravatar.com\/avatar\/913c1bfcf4e8248c3db121a857b2f3ea401a3da66d6755a432ba1eb4a5e027d9?s=96&d=mm&r=g","contentUrl":"https:\/\/secure.gravatar.com\/avatar\/913c1bfcf4e8248c3db121a857b2f3ea401a3da66d6755a432ba1eb4a5e027d9?s=96&d=mm&r=g","caption":"admin"},"sameAs":["http:\/\/www.oc.com.tn"],"url":"https:\/\/www.oc.com.tn\/fr\/author\/admin\/"}]}},"_links":{"self":[{"href":"https:\/\/www.oc.com.tn\/fr\/wp-json\/wp\/v2\/posts\/14329","targetHints":{"allow":["GET"]}}],"collection":[{"href":"https:\/\/www.oc.com.tn\/fr\/wp-json\/wp\/v2\/posts"}],"about":[{"href":"https:\/\/www.oc.com.tn\/fr\/wp-json\/wp\/v2\/types\/post"}],"author":[{"embeddable":true,"href":"https:\/\/www.oc.com.tn\/fr\/wp-json\/wp\/v2\/users\/1"}],"replies":[{"embeddable":true,"href":"https:\/\/www.oc.com.tn\/fr\/wp-json\/wp\/v2\/comments?post=14329"}],"version-history":[{"count":2,"href":"https:\/\/www.oc.com.tn\/fr\/wp-json\/wp\/v2\/posts\/14329\/revisions"}],"predecessor-version":[{"id":14347,"href":"https:\/\/www.oc.com.tn\/fr\/wp-json\/wp\/v2\/posts\/14329\/revisions\/14347"}],"wp:featuredmedia":[{"embeddable":true,"href":"https:\/\/www.oc.com.tn\/fr\/wp-json\/wp\/v2\/media\/14330"}],"wp:attachment":[{"href":"https:\/\/www.oc.com.tn\/fr\/wp-json\/wp\/v2\/media?parent=14329"}],"wp:term":[{"taxonomy":"category","embeddable":true,"href":"https:\/\/www.oc.com.tn\/fr\/wp-json\/wp\/v2\/categories?post=14329"},{"taxonomy":"post_tag","embeddable":true,"href":"https:\/\/www.oc.com.tn\/fr\/wp-json\/wp\/v2\/tags?post=14329"}],"curies":[{"name":"wp","href":"https:\/\/api.w.org\/{rel}","templated":true}]}}