

{"id":12819,"date":"2024-04-05T13:11:00","date_gmt":"2024-04-05T11:11:00","guid":{"rendered":"https:\/\/www.oc.com.tn\/?p=12819"},"modified":"2024-04-05T13:11:03","modified_gmt":"2024-04-05T11:11:03","slug":"preparation-de-la-collecte-2024","status":"publish","type":"post","link":"https:\/\/www.oc.com.tn\/fr\/preparation-de-la-collecte-2024\/","title":{"rendered":"Pr\u00e9paration de la Collecte 2024"},"content":{"rendered":"\n<p>Dans le cadre des pr\u00e9paratifs pour la collecte de l&#8217;ann\u00e9e 2024, une r\u00e9union de travail a \u00e9t\u00e9 organis\u00e9e sous la supervision de Madame la Pr\u00e9sidente Directrice G\u00e9n\u00e9rale. Les chefs de circonscription ainsi que les directeurs concern\u00e9s de l&#8217;Office des C\u00e9r\u00e9ales \u00e9taient \u00e9galement pr\u00e9sents. Cette r\u00e9union \u00e9tait cruciale pour \u00e9tablir les bases solides n\u00e9cessaires \u00e0 la r\u00e9ussite de cette campagne.<\/p>\n\n\n\n<figure class=\"wp-block-image size-full\"><img fetchpriority=\"high\" decoding=\"async\" width=\"945\" height=\"630\" src=\"https:\/\/www.oc.com.tn\/wp-content\/uploads\/2024\/04\/image-2.png\" alt=\"\" class=\"wp-image-12826\" srcset=\"https:\/\/www.oc.com.tn\/wp-content\/uploads\/2024\/04\/image-2.png 945w, https:\/\/www.oc.com.tn\/wp-content\/uploads\/2024\/04\/image-2-300x200.png 300w, https:\/\/www.oc.com.tn\/wp-content\/uploads\/2024\/04\/image-2-768x512.png 768w, https:\/\/www.oc.com.tn\/wp-content\/uploads\/2024\/04\/image-2-730x487.png 730w\" sizes=\"(max-width: 945px) 100vw, 945px\" \/><\/figure>\n\n\n\n<p>Durant cette s\u00e9ance, plusieurs points ont \u00e9t\u00e9 abord\u00e9s :<\/p>\n\n\n\n<p>Madame la pr\u00e9sidente a expos\u00e9 les objectifs et les enjeux de la collecte 2024, soulignant l&#8217;importance capitale de la bonne pr\u00e9paration de cette collecte pour l&#8217;Office des C\u00e9r\u00e9ales.<\/p>\n\n\n\n<figure class=\"wp-block-image size-full\"><img decoding=\"async\" width=\"945\" height=\"489\" data-src=\"https:\/\/www.oc.com.tn\/wp-content\/uploads\/2024\/04\/image-1.png\" alt=\"\" class=\"wp-image-12823 lazyload\" data-srcset=\"https:\/\/www.oc.com.tn\/wp-content\/uploads\/2024\/04\/image-1.png 945w, https:\/\/www.oc.com.tn\/wp-content\/uploads\/2024\/04\/image-1-300x155.png 300w, https:\/\/www.oc.com.tn\/wp-content\/uploads\/2024\/04\/image-1-768x397.png 768w, https:\/\/www.oc.com.tn\/wp-content\/uploads\/2024\/04\/image-1-730x378.png 730w\" data-sizes=\"(max-width: 945px) 100vw, 945px\" src=\"data:image\/svg+xml;base64,PHN2ZyB3aWR0aD0iMSIgaGVpZ2h0PSIxIiB4bWxucz0iaHR0cDovL3d3dy53My5vcmcvMjAwMC9zdmciPjwvc3ZnPg==\" style=\"--smush-placeholder-width: 945px; --smush-placeholder-aspect-ratio: 945\/489;\" \/><\/figure>\n\n\n\n<p>Des discussions ont \u00e9t\u00e9 men\u00e9es pour \u00e9laborer un plan d\u00e9taill\u00e9, incluant la fixation des \u00e9ch\u00e9ances, la clarification des responsabilit\u00e9s de chaque partie prenante, et l&#8217;identification des \u00e9tapes cl\u00e9s du processus de collecte.<\/p>\n\n\n\n<p>Les Chefs de circonscription ont mentionn\u00e9 les points faibles et les contraintes auxquels ils peuvent \u00eatre confront\u00e9s, en tenant compte des sp\u00e9cificit\u00e9s et des contraintes propres \u00e0 chaque circonscription.<\/p>\n\n\n\n<p>Des mesures ont \u00e9t\u00e9 envisag\u00e9es pour garantir que les ressources n\u00e9cessaires soient disponibles et que le personnel soit correctement form\u00e9 et soutenu tout au long de la collecte.<\/p>\n\n\n\n<p>Des canaux de communication efficaces ont \u00e9t\u00e9 mis en place pour assurer une coordination fluide entre les diff\u00e9rentes parties prenantes. De plus, un syst\u00e8me de suivi r\u00e9gulier a \u00e9t\u00e9 instaur\u00e9 afin d&#8217;\u00e9valuer la progression de la collecte et de r\u00e9soudre tout probl\u00e8me rencontr\u00e9 en cours de route<\/p>\n","protected":false},"excerpt":{"rendered":"<p>Dans le cadre des pr\u00e9paratifs pour la collecte de l&#8217;ann\u00e9e 2024, une r\u00e9union de travail a \u00e9t\u00e9 organis\u00e9e sous la supervision de Madame la Pr\u00e9sidente Directrice G\u00e9n\u00e9rale. Les chefs de circonscription ainsi que les directeurs concern\u00e9s de l&#8217;Office des C\u00e9r\u00e9ales \u00e9taient \u00e9galement pr\u00e9sents. Cette r\u00e9union \u00e9tait cruciale pour \u00e9tablir les bases solides n\u00e9cessaires \u00e0 la [&hellip;]<\/p>\n","protected":false},"author":5,"featured_media":12820,"comment_status":"closed","ping_status":"open","sticky":false,"template":"","format":"standard","meta":{"_monsterinsights_skip_tracking":false,"_monsterinsights_sitenote_active":false,"_monsterinsights_sitenote_note":"","_monsterinsights_sitenote_category":0,"footnotes":""},"categories":[98],"tags":[],"class_list":["post-12819","post","type-post","status-publish","format-standard","has-post-thumbnail","hentry","category-actualites"],"yoast_head":"<!-- This site is optimized with the Yoast SEO plugin v25.5 - https:\/\/yoast.com\/wordpress\/plugins\/seo\/ -->\n<title>Pr\u00e9paration de la Collecte 2024 - Office des C\u00e9r\u00e9ales - Tunisie<\/title>\n<meta name=\"description\" content=\"Office des C\u00e9r\u00e9ales\" \/>\n<meta name=\"robots\" content=\"index, follow, max-snippet:-1, max-image-preview:large, max-video-preview:-1\" \/>\n<link rel=\"canonical\" href=\"https:\/\/www.oc.com.tn\/fr\/preparation-de-la-collecte-2024\/\" \/>\n<meta property=\"og:locale\" content=\"fr_FR\" \/>\n<meta property=\"og:type\" content=\"article\" \/>\n<meta property=\"og:title\" content=\"Pr\u00e9paration de la Collecte 2024 - Office des C\u00e9r\u00e9ales - Tunisie\" \/>\n<meta property=\"og:description\" content=\"Office des C\u00e9r\u00e9ales\" \/>\n<meta property=\"og:url\" content=\"https:\/\/www.oc.com.tn\/fr\/preparation-de-la-collecte-2024\/\" \/>\n<meta property=\"og:site_name\" content=\"Office des C\u00e9r\u00e9ales - Tunisie\" \/>\n<meta property=\"article:publisher\" content=\"https:\/\/www.facebook.com\/profile.php?id=100069933501880\" \/>\n<meta property=\"article:published_time\" content=\"2024-04-05T11:11:00+00:00\" \/>\n<meta property=\"article:modified_time\" content=\"2024-04-05T11:11:03+00:00\" \/>\n<meta property=\"og:image\" content=\"https:\/\/www.oc.com.tn\/wp-content\/uploads\/2024\/04\/image.png\" \/>\n\t<meta property=\"og:image:width\" content=\"945\" \/>\n\t<meta property=\"og:image:height\" content=\"596\" \/>\n\t<meta property=\"og:image:type\" content=\"image\/png\" \/>\n<meta name=\"author\" content=\"tender\" \/>\n<meta name=\"twitter:card\" content=\"summary_large_image\" \/>\n<meta name=\"twitter:label1\" content=\"\u00c9crit par\" \/>\n\t<meta name=\"twitter:data1\" content=\"tender\" \/>\n\t<meta name=\"twitter:label2\" content=\"Dur\u00e9e de lecture estim\u00e9e\" \/>\n\t<meta name=\"twitter:data2\" content=\"2 minutes\" \/>\n<script type=\"application\/ld+json\" class=\"yoast-schema-graph\">{\"@context\":\"https:\/\/schema.org\",\"@graph\":[{\"@type\":\"Article\",\"@id\":\"https:\/\/www.oc.com.tn\/fr\/preparation-de-la-collecte-2024\/#article\",\"isPartOf\":{\"@id\":\"https:\/\/www.oc.com.tn\/fr\/preparation-de-la-collecte-2024\/\"},\"author\":{\"name\":\"tender\",\"@id\":\"https:\/\/www.oc.com.tn\/fr\/#\/schema\/person\/7d67e98c12dbea10942a0f7988e7f7ac\"},\"headline\":\"Pr\u00e9paration de la Collecte 2024\",\"datePublished\":\"2024-04-05T11:11:00+00:00\",\"dateModified\":\"2024-04-05T11:11:03+00:00\",\"mainEntityOfPage\":{\"@id\":\"https:\/\/www.oc.com.tn\/fr\/preparation-de-la-collecte-2024\/\"},\"wordCount\":268,\"publisher\":{\"@id\":\"https:\/\/www.oc.com.tn\/fr\/#organization\"},\"image\":{\"@id\":\"https:\/\/www.oc.com.tn\/fr\/preparation-de-la-collecte-2024\/#primaryimage\"},\"thumbnailUrl\":\"https:\/\/www.oc.com.tn\/wp-content\/uploads\/2024\/04\/image.png\",\"articleSection\":[\"Actualit\u00e9s\"],\"inLanguage\":\"fr-FR\"},{\"@type\":\"WebPage\",\"@id\":\"https:\/\/www.oc.com.tn\/fr\/preparation-de-la-collecte-2024\/\",\"url\":\"https:\/\/www.oc.com.tn\/fr\/preparation-de-la-collecte-2024\/\",\"name\":\"Pr\u00e9paration de la Collecte 2024 - Office des C\u00e9r\u00e9ales - Tunisie\",\"isPartOf\":{\"@id\":\"https:\/\/www.oc.com.tn\/fr\/#website\"},\"primaryImageOfPage\":{\"@id\":\"https:\/\/www.oc.com.tn\/fr\/preparation-de-la-collecte-2024\/#primaryimage\"},\"image\":{\"@id\":\"https:\/\/www.oc.com.tn\/fr\/preparation-de-la-collecte-2024\/#primaryimage\"},\"thumbnailUrl\":\"https:\/\/www.oc.com.tn\/wp-content\/uploads\/2024\/04\/image.png\",\"datePublished\":\"2024-04-05T11:11:00+00:00\",\"dateModified\":\"2024-04-05T11:11:03+00:00\",\"description\":\"Office des C\u00e9r\u00e9ales\",\"breadcrumb\":{\"@id\":\"https:\/\/www.oc.com.tn\/fr\/preparation-de-la-collecte-2024\/#breadcrumb\"},\"inLanguage\":\"fr-FR\",\"potentialAction\":[{\"@type\":\"ReadAction\",\"target\":[\"https:\/\/www.oc.com.tn\/fr\/preparation-de-la-collecte-2024\/\"]}]},{\"@type\":\"ImageObject\",\"inLanguage\":\"fr-FR\",\"@id\":\"https:\/\/www.oc.com.tn\/fr\/preparation-de-la-collecte-2024\/#primaryimage\",\"url\":\"https:\/\/www.oc.com.tn\/wp-content\/uploads\/2024\/04\/image.png\",\"contentUrl\":\"https:\/\/www.oc.com.tn\/wp-content\/uploads\/2024\/04\/image.png\",\"width\":945,\"height\":596},{\"@type\":\"BreadcrumbList\",\"@id\":\"https:\/\/www.oc.com.tn\/fr\/preparation-de-la-collecte-2024\/#breadcrumb\",\"itemListElement\":[{\"@type\":\"ListItem\",\"position\":1,\"name\":\"Accueil\",\"item\":\"https:\/\/www.oc.com.tn\/fr\/\"},{\"@type\":\"ListItem\",\"position\":2,\"name\":\"Pr\u00e9paration de la Collecte 2024\"}]},{\"@type\":\"WebSite\",\"@id\":\"https:\/\/www.oc.com.tn\/fr\/#website\",\"url\":\"https:\/\/www.oc.com.tn\/fr\/\",\"name\":\"Office des C\u00e9r\u00e9ales - Tunisie\",\"description\":\"Office des C\u00e9r\u00e9ales - Tunisie\",\"publisher\":{\"@id\":\"https:\/\/www.oc.com.tn\/fr\/#organization\"},\"alternateName\":\"Office des C\u00e9r\u00e9ales - Tunisie\",\"potentialAction\":[{\"@type\":\"SearchAction\",\"target\":{\"@type\":\"EntryPoint\",\"urlTemplate\":\"https:\/\/www.oc.com.tn\/fr\/?s={search_term_string}\"},\"query-input\":{\"@type\":\"PropertyValueSpecification\",\"valueRequired\":true,\"valueName\":\"search_term_string\"}}],\"inLanguage\":\"fr-FR\"},{\"@type\":\"Organization\",\"@id\":\"https:\/\/www.oc.com.tn\/fr\/#organization\",\"name\":\"Office des C\u00e9r\u00e9ales - Tunisie\",\"url\":\"https:\/\/www.oc.com.tn\/fr\/\",\"logo\":{\"@type\":\"ImageObject\",\"inLanguage\":\"fr-FR\",\"@id\":\"https:\/\/www.oc.com.tn\/fr\/#\/schema\/logo\/image\/\",\"url\":\"https:\/\/www.oc.com.tn\/wp-content\/uploads\/2020\/07\/Logo.png\",\"contentUrl\":\"https:\/\/www.oc.com.tn\/wp-content\/uploads\/2020\/07\/Logo.png\",\"width\":47,\"height\":74,\"caption\":\"Office des C\u00e9r\u00e9ales - Tunisie\"},\"image\":{\"@id\":\"https:\/\/www.oc.com.tn\/fr\/#\/schema\/logo\/image\/\"},\"sameAs\":[\"https:\/\/www.facebook.com\/profile.php?id=100069933501880\"]},{\"@type\":\"Person\",\"@id\":\"https:\/\/www.oc.com.tn\/fr\/#\/schema\/person\/7d67e98c12dbea10942a0f7988e7f7ac\",\"name\":\"tender\",\"image\":{\"@type\":\"ImageObject\",\"inLanguage\":\"fr-FR\",\"@id\":\"https:\/\/www.oc.com.tn\/fr\/#\/schema\/person\/image\/\",\"url\":\"https:\/\/secure.gravatar.com\/avatar\/61d83a4ac29a23ca8e4f6724b2138881ea510fe08034853f92679db97b103b3d?s=96&d=mm&r=g\",\"contentUrl\":\"https:\/\/secure.gravatar.com\/avatar\/61d83a4ac29a23ca8e4f6724b2138881ea510fe08034853f92679db97b103b3d?s=96&d=mm&r=g\",\"caption\":\"tender\"},\"url\":\"https:\/\/www.oc.com.tn\/fr\/author\/tender\/\"}]}<\/script>\n<!-- \/ Yoast SEO plugin. -->","yoast_head_json":{"title":"Pr\u00e9paration de la Collecte 2024 - Office des C\u00e9r\u00e9ales - Tunisie","description":"Office des C\u00e9r\u00e9ales","robots":{"index":"index","follow":"follow","max-snippet":"max-snippet:-1","max-image-preview":"max-image-preview:large","max-video-preview":"max-video-preview:-1"},"canonical":"https:\/\/www.oc.com.tn\/fr\/preparation-de-la-collecte-2024\/","og_locale":"fr_FR","og_type":"article","og_title":"Pr\u00e9paration de la Collecte 2024 - Office des C\u00e9r\u00e9ales - Tunisie","og_description":"Office des C\u00e9r\u00e9ales","og_url":"https:\/\/www.oc.com.tn\/fr\/preparation-de-la-collecte-2024\/","og_site_name":"Office des C\u00e9r\u00e9ales - Tunisie","article_publisher":"https:\/\/www.facebook.com\/profile.php?id=100069933501880","article_published_time":"2024-04-05T11:11:00+00:00","article_modified_time":"2024-04-05T11:11:03+00:00","og_image":[{"width":945,"height":596,"url":"https:\/\/www.oc.com.tn\/wp-content\/uploads\/2024\/04\/image.png","type":"image\/png"}],"author":"tender","twitter_card":"summary_large_image","twitter_misc":{"\u00c9crit par":"tender","Dur\u00e9e de lecture estim\u00e9e":"2 minutes"},"schema":{"@context":"https:\/\/schema.org","@graph":[{"@type":"Article","@id":"https:\/\/www.oc.com.tn\/fr\/preparation-de-la-collecte-2024\/#article","isPartOf":{"@id":"https:\/\/www.oc.com.tn\/fr\/preparation-de-la-collecte-2024\/"},"author":{"name":"tender","@id":"https:\/\/www.oc.com.tn\/fr\/#\/schema\/person\/7d67e98c12dbea10942a0f7988e7f7ac"},"headline":"Pr\u00e9paration de la Collecte 2024","datePublished":"2024-04-05T11:11:00+00:00","dateModified":"2024-04-05T11:11:03+00:00","mainEntityOfPage":{"@id":"https:\/\/www.oc.com.tn\/fr\/preparation-de-la-collecte-2024\/"},"wordCount":268,"publisher":{"@id":"https:\/\/www.oc.com.tn\/fr\/#organization"},"image":{"@id":"https:\/\/www.oc.com.tn\/fr\/preparation-de-la-collecte-2024\/#primaryimage"},"thumbnailUrl":"https:\/\/www.oc.com.tn\/wp-content\/uploads\/2024\/04\/image.png","articleSection":["Actualit\u00e9s"],"inLanguage":"fr-FR"},{"@type":"WebPage","@id":"https:\/\/www.oc.com.tn\/fr\/preparation-de-la-collecte-2024\/","url":"https:\/\/www.oc.com.tn\/fr\/preparation-de-la-collecte-2024\/","name":"Pr\u00e9paration de la Collecte 2024 - Office des C\u00e9r\u00e9ales - Tunisie","isPartOf":{"@id":"https:\/\/www.oc.com.tn\/fr\/#website"},"primaryImageOfPage":{"@id":"https:\/\/www.oc.com.tn\/fr\/preparation-de-la-collecte-2024\/#primaryimage"},"image":{"@id":"https:\/\/www.oc.com.tn\/fr\/preparation-de-la-collecte-2024\/#primaryimage"},"thumbnailUrl":"https:\/\/www.oc.com.tn\/wp-content\/uploads\/2024\/04\/image.png","datePublished":"2024-04-05T11:11:00+00:00","dateModified":"2024-04-05T11:11:03+00:00","description":"Office des C\u00e9r\u00e9ales","breadcrumb":{"@id":"https:\/\/www.oc.com.tn\/fr\/preparation-de-la-collecte-2024\/#breadcrumb"},"inLanguage":"fr-FR","potentialAction":[{"@type":"ReadAction","target":["https:\/\/www.oc.com.tn\/fr\/preparation-de-la-collecte-2024\/"]}]},{"@type":"ImageObject","inLanguage":"fr-FR","@id":"https:\/\/www.oc.com.tn\/fr\/preparation-de-la-collecte-2024\/#primaryimage","url":"https:\/\/www.oc.com.tn\/wp-content\/uploads\/2024\/04\/image.png","contentUrl":"https:\/\/www.oc.com.tn\/wp-content\/uploads\/2024\/04\/image.png","width":945,"height":596},{"@type":"BreadcrumbList","@id":"https:\/\/www.oc.com.tn\/fr\/preparation-de-la-collecte-2024\/#breadcrumb","itemListElement":[{"@type":"ListItem","position":1,"name":"Accueil","item":"https:\/\/www.oc.com.tn\/fr\/"},{"@type":"ListItem","position":2,"name":"Pr\u00e9paration de la Collecte 2024"}]},{"@type":"WebSite","@id":"https:\/\/www.oc.com.tn\/fr\/#website","url":"https:\/\/www.oc.com.tn\/fr\/","name":"Office des C\u00e9r\u00e9ales - Tunisie","description":"Office des C\u00e9r\u00e9ales - Tunisie","publisher":{"@id":"https:\/\/www.oc.com.tn\/fr\/#organization"},"alternateName":"Office des C\u00e9r\u00e9ales - Tunisie","potentialAction":[{"@type":"SearchAction","target":{"@type":"EntryPoint","urlTemplate":"https:\/\/www.oc.com.tn\/fr\/?s={search_term_string}"},"query-input":{"@type":"PropertyValueSpecification","valueRequired":true,"valueName":"search_term_string"}}],"inLanguage":"fr-FR"},{"@type":"Organization","@id":"https:\/\/www.oc.com.tn\/fr\/#organization","name":"Office des C\u00e9r\u00e9ales - Tunisie","url":"https:\/\/www.oc.com.tn\/fr\/","logo":{"@type":"ImageObject","inLanguage":"fr-FR","@id":"https:\/\/www.oc.com.tn\/fr\/#\/schema\/logo\/image\/","url":"https:\/\/www.oc.com.tn\/wp-content\/uploads\/2020\/07\/Logo.png","contentUrl":"https:\/\/www.oc.com.tn\/wp-content\/uploads\/2020\/07\/Logo.png","width":47,"height":74,"caption":"Office des C\u00e9r\u00e9ales - Tunisie"},"image":{"@id":"https:\/\/www.oc.com.tn\/fr\/#\/schema\/logo\/image\/"},"sameAs":["https:\/\/www.facebook.com\/profile.php?id=100069933501880"]},{"@type":"Person","@id":"https:\/\/www.oc.com.tn\/fr\/#\/schema\/person\/7d67e98c12dbea10942a0f7988e7f7ac","name":"tender","image":{"@type":"ImageObject","inLanguage":"fr-FR","@id":"https:\/\/www.oc.com.tn\/fr\/#\/schema\/person\/image\/","url":"https:\/\/secure.gravatar.com\/avatar\/61d83a4ac29a23ca8e4f6724b2138881ea510fe08034853f92679db97b103b3d?s=96&d=mm&r=g","contentUrl":"https:\/\/secure.gravatar.com\/avatar\/61d83a4ac29a23ca8e4f6724b2138881ea510fe08034853f92679db97b103b3d?s=96&d=mm&r=g","caption":"tender"},"url":"https:\/\/www.oc.com.tn\/fr\/author\/tender\/"}]}},"_links":{"self":[{"href":"https:\/\/www.oc.com.tn\/fr\/wp-json\/wp\/v2\/posts\/12819","targetHints":{"allow":["GET"]}}],"collection":[{"href":"https:\/\/www.oc.com.tn\/fr\/wp-json\/wp\/v2\/posts"}],"about":[{"href":"https:\/\/www.oc.com.tn\/fr\/wp-json\/wp\/v2\/types\/post"}],"author":[{"embeddable":true,"href":"https:\/\/www.oc.com.tn\/fr\/wp-json\/wp\/v2\/users\/5"}],"replies":[{"embeddable":true,"href":"https:\/\/www.oc.com.tn\/fr\/wp-json\/wp\/v2\/comments?post=12819"}],"version-history":[{"count":1,"href":"https:\/\/www.oc.com.tn\/fr\/wp-json\/wp\/v2\/posts\/12819\/revisions"}],"predecessor-version":[{"id":12829,"href":"https:\/\/www.oc.com.tn\/fr\/wp-json\/wp\/v2\/posts\/12819\/revisions\/12829"}],"wp:featuredmedia":[{"embeddable":true,"href":"https:\/\/www.oc.com.tn\/fr\/wp-json\/wp\/v2\/media\/12820"}],"wp:attachment":[{"href":"https:\/\/www.oc.com.tn\/fr\/wp-json\/wp\/v2\/media?parent=12819"}],"wp:term":[{"taxonomy":"category","embeddable":true,"href":"https:\/\/www.oc.com.tn\/fr\/wp-json\/wp\/v2\/categories?post=12819"},{"taxonomy":"post_tag","embeddable":true,"href":"https:\/\/www.oc.com.tn\/fr\/wp-json\/wp\/v2\/tags?post=12819"}],"curies":[{"name":"wp","href":"https:\/\/api.w.org\/{rel}","templated":true}]}}