

{"id":12449,"date":"2024-02-22T15:39:39","date_gmt":"2024-02-22T14:39:39","guid":{"rendered":"https:\/\/www.oc.com.tn\/?p=12449"},"modified":"2024-02-23T15:08:10","modified_gmt":"2024-02-23T14:08:10","slug":"consultation-publique-sur-le-financement-additionnel-du-projet-initial-de-reponse-durgence-a-la-securite-alimentaire-prusa","status":"publish","type":"post","link":"https:\/\/www.oc.com.tn\/fr\/consultation-publique-sur-le-financement-additionnel-du-projet-initial-de-reponse-durgence-a-la-securite-alimentaire-prusa\/","title":{"rendered":"Consultation publique sur le financement additionnel du Projet de R\u00e9ponse d\u2019Urgence \u00e0 la S\u00e9curit\u00e9 Alimentaire (PRUSA)"},"content":{"rendered":"\n<p>Sous la direction de Madame La Pr\u00e9sidente Directrice G\u00e9n\u00e9rale de l\u2019Office des C\u00e9r\u00e9ales, une Consultation publique sur le financement additionnel du Projet de R\u00e9ponse d\u2019Urgence \u00e0 la S\u00e9curit\u00e9 Alimentaire (PRUSA) s&#8217;est tenue le mercredi 21 f\u00e9vrier 2024 au si\u00e8ge de l\u2019Institut National Agronomique de Tunisie. Cet \u00e9v\u00e9nement a rassembl\u00e9 un large \u00e9ventail de participants, incluant des acteurs du secteur agricole, des repr\u00e9sentants de la soci\u00e9t\u00e9 civile, des experts, ainsi que des membres de la communaut\u00e9 locale.<\/p>\n\n\n\n<figure class=\"wp-block-image size-large\"><img fetchpriority=\"high\" decoding=\"async\" width=\"1024\" height=\"683\" src=\"http:\/\/www.oc.com.tn\/wp-content\/uploads\/2024\/02\/1oc-1024x683.jpg\" alt=\"\" class=\"wp-image-12451\" srcset=\"https:\/\/www.oc.com.tn\/wp-content\/uploads\/2024\/02\/1oc-1024x683.jpg 1024w, https:\/\/www.oc.com.tn\/wp-content\/uploads\/2024\/02\/1oc-300x200.jpg 300w, https:\/\/www.oc.com.tn\/wp-content\/uploads\/2024\/02\/1oc-768x512.jpg 768w, https:\/\/www.oc.com.tn\/wp-content\/uploads\/2024\/02\/1oc-1536x1024.jpg 1536w, https:\/\/www.oc.com.tn\/wp-content\/uploads\/2024\/02\/1oc-2048x1365.jpg 2048w, https:\/\/www.oc.com.tn\/wp-content\/uploads\/2024\/02\/1oc-730x487.jpg 730w, https:\/\/www.oc.com.tn\/wp-content\/uploads\/2024\/02\/1oc-1070x713.jpg 1070w\" sizes=\"(max-width: 1024px) 100vw, 1024px\" \/><\/figure>\n\n\n\n<p>Au cours de cette journ\u00e9e enrichissante, les d\u00e9tails du PRUSA, y compris ses composantes, ses activit\u00e9s, et le financement additionnel propos\u00e9, ont \u00e9t\u00e9 pr\u00e9sent\u00e9s en profondeur, en conformit\u00e9 avec les normes environnementales et sociales de la Banque Mondiale. Les \u00e9changes constructifs qui ont suivi ont permis de recueillir une vari\u00e9t\u00e9 de perspectives, de suggestions et de pr\u00e9occupations, contribuant ainsi \u00e0 approfondir la compr\u00e9hension des enjeux et des d\u00e9fis associ\u00e9s \u00e0 la s\u00e9curit\u00e9 alimentaire et \u00e0 la r\u00e9silience de la fili\u00e8re c\u00e9r\u00e9ali\u00e8re.<\/p>\n","protected":false},"excerpt":{"rendered":"<p>Sous la direction de Madame La Pr\u00e9sidente Directrice G\u00e9n\u00e9rale de l\u2019Office des C\u00e9r\u00e9ales, une Consultation publique sur le financement additionnel du Projet de R\u00e9ponse d\u2019Urgence \u00e0 la S\u00e9curit\u00e9 Alimentaire (PRUSA) s&#8217;est tenue le mercredi 21 f\u00e9vrier 2024 au si\u00e8ge de l\u2019Institut National Agronomique de Tunisie. Cet \u00e9v\u00e9nement a rassembl\u00e9 un large \u00e9ventail de participants, incluant [&hellip;]<\/p>\n","protected":false},"author":5,"featured_media":12454,"comment_status":"closed","ping_status":"open","sticky":false,"template":"","format":"standard","meta":{"_monsterinsights_skip_tracking":false,"_monsterinsights_sitenote_active":false,"_monsterinsights_sitenote_note":"","_monsterinsights_sitenote_category":0,"footnotes":""},"categories":[98],"tags":[],"class_list":["post-12449","post","type-post","status-publish","format-standard","has-post-thumbnail","hentry","category-actualites"],"yoast_head":"<!-- This site is optimized with the Yoast SEO plugin v25.5 - https:\/\/yoast.com\/wordpress\/plugins\/seo\/ -->\n<title>Consultation publique sur le financement additionnel du Projet de R\u00e9ponse d\u2019Urgence \u00e0 la S\u00e9curit\u00e9 Alimentaire (PRUSA) - Office des C\u00e9r\u00e9ales - Tunisie<\/title>\n<meta name=\"description\" content=\"Office des C\u00e9r\u00e9ales\" \/>\n<meta name=\"robots\" content=\"index, follow, max-snippet:-1, max-image-preview:large, max-video-preview:-1\" \/>\n<link rel=\"canonical\" href=\"https:\/\/www.oc.com.tn\/fr\/consultation-publique-sur-le-financement-additionnel-du-projet-initial-de-reponse-durgence-a-la-securite-alimentaire-prusa\/\" \/>\n<meta property=\"og:locale\" content=\"fr_FR\" \/>\n<meta property=\"og:type\" content=\"article\" \/>\n<meta property=\"og:title\" content=\"Consultation publique sur le financement additionnel du Projet de R\u00e9ponse d\u2019Urgence \u00e0 la S\u00e9curit\u00e9 Alimentaire (PRUSA) - Office des C\u00e9r\u00e9ales - Tunisie\" \/>\n<meta property=\"og:description\" content=\"Office des C\u00e9r\u00e9ales\" \/>\n<meta property=\"og:url\" content=\"https:\/\/www.oc.com.tn\/fr\/consultation-publique-sur-le-financement-additionnel-du-projet-initial-de-reponse-durgence-a-la-securite-alimentaire-prusa\/\" \/>\n<meta property=\"og:site_name\" content=\"Office des C\u00e9r\u00e9ales - Tunisie\" \/>\n<meta property=\"article:publisher\" content=\"https:\/\/www.facebook.com\/profile.php?id=100069933501880\" \/>\n<meta property=\"article:published_time\" content=\"2024-02-22T14:39:39+00:00\" \/>\n<meta property=\"article:modified_time\" content=\"2024-02-23T14:08:10+00:00\" \/>\n<meta property=\"og:image\" content=\"https:\/\/www.oc.com.tn\/wp-content\/uploads\/2024\/02\/2oc-1024x709.png\" \/>\n\t<meta property=\"og:image:width\" content=\"1024\" \/>\n\t<meta property=\"og:image:height\" content=\"709\" \/>\n\t<meta property=\"og:image:type\" content=\"image\/png\" \/>\n<meta name=\"author\" content=\"tender\" \/>\n<meta name=\"twitter:card\" content=\"summary_large_image\" \/>\n<meta name=\"twitter:label1\" content=\"\u00c9crit par\" \/>\n\t<meta name=\"twitter:data1\" content=\"tender\" \/>\n\t<meta name=\"twitter:label2\" content=\"Dur\u00e9e de lecture estim\u00e9e\" \/>\n\t<meta name=\"twitter:data2\" content=\"1 minute\" \/>\n<script type=\"application\/ld+json\" class=\"yoast-schema-graph\">{\"@context\":\"https:\/\/schema.org\",\"@graph\":[{\"@type\":\"Article\",\"@id\":\"https:\/\/www.oc.com.tn\/fr\/consultation-publique-sur-le-financement-additionnel-du-projet-initial-de-reponse-durgence-a-la-securite-alimentaire-prusa\/#article\",\"isPartOf\":{\"@id\":\"https:\/\/www.oc.com.tn\/fr\/consultation-publique-sur-le-financement-additionnel-du-projet-initial-de-reponse-durgence-a-la-securite-alimentaire-prusa\/\"},\"author\":{\"name\":\"tender\",\"@id\":\"https:\/\/www.oc.com.tn\/fr\/#\/schema\/person\/7d67e98c12dbea10942a0f7988e7f7ac\"},\"headline\":\"Consultation publique sur le financement additionnel du Projet de R\u00e9ponse d\u2019Urgence \u00e0 la S\u00e9curit\u00e9 Alimentaire (PRUSA)\",\"datePublished\":\"2024-02-22T14:39:39+00:00\",\"dateModified\":\"2024-02-23T14:08:10+00:00\",\"mainEntityOfPage\":{\"@id\":\"https:\/\/www.oc.com.tn\/fr\/consultation-publique-sur-le-financement-additionnel-du-projet-initial-de-reponse-durgence-a-la-securite-alimentaire-prusa\/\"},\"wordCount\":200,\"publisher\":{\"@id\":\"https:\/\/www.oc.com.tn\/fr\/#organization\"},\"image\":{\"@id\":\"https:\/\/www.oc.com.tn\/fr\/consultation-publique-sur-le-financement-additionnel-du-projet-initial-de-reponse-durgence-a-la-securite-alimentaire-prusa\/#primaryimage\"},\"thumbnailUrl\":\"https:\/\/www.oc.com.tn\/wp-content\/uploads\/2024\/02\/2oc.png\",\"articleSection\":[\"Actualit\u00e9s\"],\"inLanguage\":\"fr-FR\"},{\"@type\":\"WebPage\",\"@id\":\"https:\/\/www.oc.com.tn\/fr\/consultation-publique-sur-le-financement-additionnel-du-projet-initial-de-reponse-durgence-a-la-securite-alimentaire-prusa\/\",\"url\":\"https:\/\/www.oc.com.tn\/fr\/consultation-publique-sur-le-financement-additionnel-du-projet-initial-de-reponse-durgence-a-la-securite-alimentaire-prusa\/\",\"name\":\"Consultation publique sur le financement additionnel du Projet de R\u00e9ponse d\u2019Urgence \u00e0 la S\u00e9curit\u00e9 Alimentaire (PRUSA) - Office des C\u00e9r\u00e9ales - Tunisie\",\"isPartOf\":{\"@id\":\"https:\/\/www.oc.com.tn\/fr\/#website\"},\"primaryImageOfPage\":{\"@id\":\"https:\/\/www.oc.com.tn\/fr\/consultation-publique-sur-le-financement-additionnel-du-projet-initial-de-reponse-durgence-a-la-securite-alimentaire-prusa\/#primaryimage\"},\"image\":{\"@id\":\"https:\/\/www.oc.com.tn\/fr\/consultation-publique-sur-le-financement-additionnel-du-projet-initial-de-reponse-durgence-a-la-securite-alimentaire-prusa\/#primaryimage\"},\"thumbnailUrl\":\"https:\/\/www.oc.com.tn\/wp-content\/uploads\/2024\/02\/2oc.png\",\"datePublished\":\"2024-02-22T14:39:39+00:00\",\"dateModified\":\"2024-02-23T14:08:10+00:00\",\"description\":\"Office des C\u00e9r\u00e9ales\",\"breadcrumb\":{\"@id\":\"https:\/\/www.oc.com.tn\/fr\/consultation-publique-sur-le-financement-additionnel-du-projet-initial-de-reponse-durgence-a-la-securite-alimentaire-prusa\/#breadcrumb\"},\"inLanguage\":\"fr-FR\",\"potentialAction\":[{\"@type\":\"ReadAction\",\"target\":[\"https:\/\/www.oc.com.tn\/fr\/consultation-publique-sur-le-financement-additionnel-du-projet-initial-de-reponse-durgence-a-la-securite-alimentaire-prusa\/\"]}]},{\"@type\":\"ImageObject\",\"inLanguage\":\"fr-FR\",\"@id\":\"https:\/\/www.oc.com.tn\/fr\/consultation-publique-sur-le-financement-additionnel-du-projet-initial-de-reponse-durgence-a-la-securite-alimentaire-prusa\/#primaryimage\",\"url\":\"https:\/\/www.oc.com.tn\/wp-content\/uploads\/2024\/02\/2oc.png\",\"contentUrl\":\"https:\/\/www.oc.com.tn\/wp-content\/uploads\/2024\/02\/2oc.png\",\"width\":1245,\"height\":862},{\"@type\":\"BreadcrumbList\",\"@id\":\"https:\/\/www.oc.com.tn\/fr\/consultation-publique-sur-le-financement-additionnel-du-projet-initial-de-reponse-durgence-a-la-securite-alimentaire-prusa\/#breadcrumb\",\"itemListElement\":[{\"@type\":\"ListItem\",\"position\":1,\"name\":\"Accueil\",\"item\":\"https:\/\/www.oc.com.tn\/fr\/\"},{\"@type\":\"ListItem\",\"position\":2,\"name\":\"Consultation publique sur le financement additionnel du Projet de R\u00e9ponse d\u2019Urgence \u00e0 la S\u00e9curit\u00e9 Alimentaire (PRUSA)\"}]},{\"@type\":\"WebSite\",\"@id\":\"https:\/\/www.oc.com.tn\/fr\/#website\",\"url\":\"https:\/\/www.oc.com.tn\/fr\/\",\"name\":\"Office des C\u00e9r\u00e9ales - Tunisie\",\"description\":\"Office des C\u00e9r\u00e9ales - Tunisie\",\"publisher\":{\"@id\":\"https:\/\/www.oc.com.tn\/fr\/#organization\"},\"alternateName\":\"Office des C\u00e9r\u00e9ales - Tunisie\",\"potentialAction\":[{\"@type\":\"SearchAction\",\"target\":{\"@type\":\"EntryPoint\",\"urlTemplate\":\"https:\/\/www.oc.com.tn\/fr\/?s={search_term_string}\"},\"query-input\":{\"@type\":\"PropertyValueSpecification\",\"valueRequired\":true,\"valueName\":\"search_term_string\"}}],\"inLanguage\":\"fr-FR\"},{\"@type\":\"Organization\",\"@id\":\"https:\/\/www.oc.com.tn\/fr\/#organization\",\"name\":\"Office des C\u00e9r\u00e9ales - Tunisie\",\"url\":\"https:\/\/www.oc.com.tn\/fr\/\",\"logo\":{\"@type\":\"ImageObject\",\"inLanguage\":\"fr-FR\",\"@id\":\"https:\/\/www.oc.com.tn\/fr\/#\/schema\/logo\/image\/\",\"url\":\"https:\/\/www.oc.com.tn\/wp-content\/uploads\/2020\/07\/Logo.png\",\"contentUrl\":\"https:\/\/www.oc.com.tn\/wp-content\/uploads\/2020\/07\/Logo.png\",\"width\":47,\"height\":74,\"caption\":\"Office des C\u00e9r\u00e9ales - Tunisie\"},\"image\":{\"@id\":\"https:\/\/www.oc.com.tn\/fr\/#\/schema\/logo\/image\/\"},\"sameAs\":[\"https:\/\/www.facebook.com\/profile.php?id=100069933501880\"]},{\"@type\":\"Person\",\"@id\":\"https:\/\/www.oc.com.tn\/fr\/#\/schema\/person\/7d67e98c12dbea10942a0f7988e7f7ac\",\"name\":\"tender\",\"image\":{\"@type\":\"ImageObject\",\"inLanguage\":\"fr-FR\",\"@id\":\"https:\/\/www.oc.com.tn\/fr\/#\/schema\/person\/image\/\",\"url\":\"https:\/\/secure.gravatar.com\/avatar\/61d83a4ac29a23ca8e4f6724b2138881ea510fe08034853f92679db97b103b3d?s=96&d=mm&r=g\",\"contentUrl\":\"https:\/\/secure.gravatar.com\/avatar\/61d83a4ac29a23ca8e4f6724b2138881ea510fe08034853f92679db97b103b3d?s=96&d=mm&r=g\",\"caption\":\"tender\"},\"url\":\"https:\/\/www.oc.com.tn\/fr\/author\/tender\/\"}]}<\/script>\n<!-- \/ Yoast SEO plugin. -->","yoast_head_json":{"title":"Consultation publique sur le financement additionnel du Projet de R\u00e9ponse d\u2019Urgence \u00e0 la S\u00e9curit\u00e9 Alimentaire (PRUSA) - Office des C\u00e9r\u00e9ales - Tunisie","description":"Office des C\u00e9r\u00e9ales","robots":{"index":"index","follow":"follow","max-snippet":"max-snippet:-1","max-image-preview":"max-image-preview:large","max-video-preview":"max-video-preview:-1"},"canonical":"https:\/\/www.oc.com.tn\/fr\/consultation-publique-sur-le-financement-additionnel-du-projet-initial-de-reponse-durgence-a-la-securite-alimentaire-prusa\/","og_locale":"fr_FR","og_type":"article","og_title":"Consultation publique sur le financement additionnel du Projet de R\u00e9ponse d\u2019Urgence \u00e0 la S\u00e9curit\u00e9 Alimentaire (PRUSA) - Office des C\u00e9r\u00e9ales - Tunisie","og_description":"Office des C\u00e9r\u00e9ales","og_url":"https:\/\/www.oc.com.tn\/fr\/consultation-publique-sur-le-financement-additionnel-du-projet-initial-de-reponse-durgence-a-la-securite-alimentaire-prusa\/","og_site_name":"Office des C\u00e9r\u00e9ales - Tunisie","article_publisher":"https:\/\/www.facebook.com\/profile.php?id=100069933501880","article_published_time":"2024-02-22T14:39:39+00:00","article_modified_time":"2024-02-23T14:08:10+00:00","og_image":[{"width":1024,"height":709,"url":"https:\/\/www.oc.com.tn\/wp-content\/uploads\/2024\/02\/2oc-1024x709.png","type":"image\/png"}],"author":"tender","twitter_card":"summary_large_image","twitter_misc":{"\u00c9crit par":"tender","Dur\u00e9e de lecture estim\u00e9e":"1 minute"},"schema":{"@context":"https:\/\/schema.org","@graph":[{"@type":"Article","@id":"https:\/\/www.oc.com.tn\/fr\/consultation-publique-sur-le-financement-additionnel-du-projet-initial-de-reponse-durgence-a-la-securite-alimentaire-prusa\/#article","isPartOf":{"@id":"https:\/\/www.oc.com.tn\/fr\/consultation-publique-sur-le-financement-additionnel-du-projet-initial-de-reponse-durgence-a-la-securite-alimentaire-prusa\/"},"author":{"name":"tender","@id":"https:\/\/www.oc.com.tn\/fr\/#\/schema\/person\/7d67e98c12dbea10942a0f7988e7f7ac"},"headline":"Consultation publique sur le financement additionnel du Projet de R\u00e9ponse d\u2019Urgence \u00e0 la S\u00e9curit\u00e9 Alimentaire (PRUSA)","datePublished":"2024-02-22T14:39:39+00:00","dateModified":"2024-02-23T14:08:10+00:00","mainEntityOfPage":{"@id":"https:\/\/www.oc.com.tn\/fr\/consultation-publique-sur-le-financement-additionnel-du-projet-initial-de-reponse-durgence-a-la-securite-alimentaire-prusa\/"},"wordCount":200,"publisher":{"@id":"https:\/\/www.oc.com.tn\/fr\/#organization"},"image":{"@id":"https:\/\/www.oc.com.tn\/fr\/consultation-publique-sur-le-financement-additionnel-du-projet-initial-de-reponse-durgence-a-la-securite-alimentaire-prusa\/#primaryimage"},"thumbnailUrl":"https:\/\/www.oc.com.tn\/wp-content\/uploads\/2024\/02\/2oc.png","articleSection":["Actualit\u00e9s"],"inLanguage":"fr-FR"},{"@type":"WebPage","@id":"https:\/\/www.oc.com.tn\/fr\/consultation-publique-sur-le-financement-additionnel-du-projet-initial-de-reponse-durgence-a-la-securite-alimentaire-prusa\/","url":"https:\/\/www.oc.com.tn\/fr\/consultation-publique-sur-le-financement-additionnel-du-projet-initial-de-reponse-durgence-a-la-securite-alimentaire-prusa\/","name":"Consultation publique sur le financement additionnel du Projet de R\u00e9ponse d\u2019Urgence \u00e0 la S\u00e9curit\u00e9 Alimentaire (PRUSA) - Office des C\u00e9r\u00e9ales - Tunisie","isPartOf":{"@id":"https:\/\/www.oc.com.tn\/fr\/#website"},"primaryImageOfPage":{"@id":"https:\/\/www.oc.com.tn\/fr\/consultation-publique-sur-le-financement-additionnel-du-projet-initial-de-reponse-durgence-a-la-securite-alimentaire-prusa\/#primaryimage"},"image":{"@id":"https:\/\/www.oc.com.tn\/fr\/consultation-publique-sur-le-financement-additionnel-du-projet-initial-de-reponse-durgence-a-la-securite-alimentaire-prusa\/#primaryimage"},"thumbnailUrl":"https:\/\/www.oc.com.tn\/wp-content\/uploads\/2024\/02\/2oc.png","datePublished":"2024-02-22T14:39:39+00:00","dateModified":"2024-02-23T14:08:10+00:00","description":"Office des C\u00e9r\u00e9ales","breadcrumb":{"@id":"https:\/\/www.oc.com.tn\/fr\/consultation-publique-sur-le-financement-additionnel-du-projet-initial-de-reponse-durgence-a-la-securite-alimentaire-prusa\/#breadcrumb"},"inLanguage":"fr-FR","potentialAction":[{"@type":"ReadAction","target":["https:\/\/www.oc.com.tn\/fr\/consultation-publique-sur-le-financement-additionnel-du-projet-initial-de-reponse-durgence-a-la-securite-alimentaire-prusa\/"]}]},{"@type":"ImageObject","inLanguage":"fr-FR","@id":"https:\/\/www.oc.com.tn\/fr\/consultation-publique-sur-le-financement-additionnel-du-projet-initial-de-reponse-durgence-a-la-securite-alimentaire-prusa\/#primaryimage","url":"https:\/\/www.oc.com.tn\/wp-content\/uploads\/2024\/02\/2oc.png","contentUrl":"https:\/\/www.oc.com.tn\/wp-content\/uploads\/2024\/02\/2oc.png","width":1245,"height":862},{"@type":"BreadcrumbList","@id":"https:\/\/www.oc.com.tn\/fr\/consultation-publique-sur-le-financement-additionnel-du-projet-initial-de-reponse-durgence-a-la-securite-alimentaire-prusa\/#breadcrumb","itemListElement":[{"@type":"ListItem","position":1,"name":"Accueil","item":"https:\/\/www.oc.com.tn\/fr\/"},{"@type":"ListItem","position":2,"name":"Consultation publique sur le financement additionnel du Projet de R\u00e9ponse d\u2019Urgence \u00e0 la S\u00e9curit\u00e9 Alimentaire (PRUSA)"}]},{"@type":"WebSite","@id":"https:\/\/www.oc.com.tn\/fr\/#website","url":"https:\/\/www.oc.com.tn\/fr\/","name":"Office des C\u00e9r\u00e9ales - Tunisie","description":"Office des C\u00e9r\u00e9ales - Tunisie","publisher":{"@id":"https:\/\/www.oc.com.tn\/fr\/#organization"},"alternateName":"Office des C\u00e9r\u00e9ales - Tunisie","potentialAction":[{"@type":"SearchAction","target":{"@type":"EntryPoint","urlTemplate":"https:\/\/www.oc.com.tn\/fr\/?s={search_term_string}"},"query-input":{"@type":"PropertyValueSpecification","valueRequired":true,"valueName":"search_term_string"}}],"inLanguage":"fr-FR"},{"@type":"Organization","@id":"https:\/\/www.oc.com.tn\/fr\/#organization","name":"Office des C\u00e9r\u00e9ales - Tunisie","url":"https:\/\/www.oc.com.tn\/fr\/","logo":{"@type":"ImageObject","inLanguage":"fr-FR","@id":"https:\/\/www.oc.com.tn\/fr\/#\/schema\/logo\/image\/","url":"https:\/\/www.oc.com.tn\/wp-content\/uploads\/2020\/07\/Logo.png","contentUrl":"https:\/\/www.oc.com.tn\/wp-content\/uploads\/2020\/07\/Logo.png","width":47,"height":74,"caption":"Office des C\u00e9r\u00e9ales - Tunisie"},"image":{"@id":"https:\/\/www.oc.com.tn\/fr\/#\/schema\/logo\/image\/"},"sameAs":["https:\/\/www.facebook.com\/profile.php?id=100069933501880"]},{"@type":"Person","@id":"https:\/\/www.oc.com.tn\/fr\/#\/schema\/person\/7d67e98c12dbea10942a0f7988e7f7ac","name":"tender","image":{"@type":"ImageObject","inLanguage":"fr-FR","@id":"https:\/\/www.oc.com.tn\/fr\/#\/schema\/person\/image\/","url":"https:\/\/secure.gravatar.com\/avatar\/61d83a4ac29a23ca8e4f6724b2138881ea510fe08034853f92679db97b103b3d?s=96&d=mm&r=g","contentUrl":"https:\/\/secure.gravatar.com\/avatar\/61d83a4ac29a23ca8e4f6724b2138881ea510fe08034853f92679db97b103b3d?s=96&d=mm&r=g","caption":"tender"},"url":"https:\/\/www.oc.com.tn\/fr\/author\/tender\/"}]}},"_links":{"self":[{"href":"https:\/\/www.oc.com.tn\/fr\/wp-json\/wp\/v2\/posts\/12449","targetHints":{"allow":["GET"]}}],"collection":[{"href":"https:\/\/www.oc.com.tn\/fr\/wp-json\/wp\/v2\/posts"}],"about":[{"href":"https:\/\/www.oc.com.tn\/fr\/wp-json\/wp\/v2\/types\/post"}],"author":[{"embeddable":true,"href":"https:\/\/www.oc.com.tn\/fr\/wp-json\/wp\/v2\/users\/5"}],"replies":[{"embeddable":true,"href":"https:\/\/www.oc.com.tn\/fr\/wp-json\/wp\/v2\/comments?post=12449"}],"version-history":[{"count":3,"href":"https:\/\/www.oc.com.tn\/fr\/wp-json\/wp\/v2\/posts\/12449\/revisions"}],"predecessor-version":[{"id":12469,"href":"https:\/\/www.oc.com.tn\/fr\/wp-json\/wp\/v2\/posts\/12449\/revisions\/12469"}],"wp:featuredmedia":[{"embeddable":true,"href":"https:\/\/www.oc.com.tn\/fr\/wp-json\/wp\/v2\/media\/12454"}],"wp:attachment":[{"href":"https:\/\/www.oc.com.tn\/fr\/wp-json\/wp\/v2\/media?parent=12449"}],"wp:term":[{"taxonomy":"category","embeddable":true,"href":"https:\/\/www.oc.com.tn\/fr\/wp-json\/wp\/v2\/categories?post=12449"},{"taxonomy":"post_tag","embeddable":true,"href":"https:\/\/www.oc.com.tn\/fr\/wp-json\/wp\/v2\/tags?post=12449"}],"curies":[{"name":"wp","href":"https:\/\/api.w.org\/{rel}","templated":true}]}}