

{"id":12414,"date":"2024-02-16T09:24:47","date_gmt":"2024-02-16T08:24:47","guid":{"rendered":"https:\/\/www.oc.com.tn\/?p=12414"},"modified":"2024-02-16T09:24:51","modified_gmt":"2024-02-16T08:24:51","slug":"visite-de-son-excellence-ambassadeur-de-la-republique-dargentine-a-loffice-des-cereales","status":"publish","type":"post","link":"https:\/\/www.oc.com.tn\/fr\/visite-de-son-excellence-ambassadeur-de-la-republique-dargentine-a-loffice-des-cereales\/","title":{"rendered":"Visite de son Excellence Ambassadeur de la R\u00e9publique d\u2019Argentine \u00e0 l\u2019Office des C\u00e9r\u00e9ales"},"content":{"rendered":"\n<p>Dans le cadre du renforcement des relations bilat\u00e9rales Tuniso-Argentine dans le domaine des c\u00e9r\u00e9ales, le Pr\u00e9sidente Directrice G\u00e9n\u00e9rale de l\u2019Office des C\u00e9r\u00e9ales a re\u00e7u le 14 f\u00e9vrier 2024 son Excellence l\u2019Ambassadeur de la R\u00e9publique Argentine en Tunisie Monsieur M. Jos\u00e9 Mar\u00eda Abilla.<\/p>\n\n\n\n<p>La r\u00e9union a port\u00e9 sur les moyens de renforcer le partenariat entre les deux pays dans le domaine des c\u00e9r\u00e9ales, \u00e9tant donn\u00e9 que la R\u00e9publique d\u2019Argentine est consid\u00e9r\u00e9e comme l&#8217;un des pays les plus importants au monde qui exporte du bl\u00e9 \u00e0 raison de 10 millions de tonnes par an. Il a aussi \u00e9voqu\u00e9 la possibilit\u00e9 de d\u00e9velopper le volet de la coop\u00e9ration technique dans les domaines du stockage et de la collecte pendant la saison des r\u00e9coltes.<\/p>\n\n\n\n<p>Il a \u00e9galement soulev\u00e9 un autre point important celui de la technologie de stockage \u00ab&nbsp;grands sacs de stockage de bl\u00e9&nbsp;\u00bb c\u2019est une m\u00e9thode qui consiste \u00e0 stocker le bl\u00e9 pendant les saisons de collecte dans des sacs de diff\u00e9rentes tailles. Ces sacs peuvent atteindre une capacit\u00e9 de 2000 quintaux et peuvent maintenir le stock en bon \u00e9tat pendant deux ann\u00e9es cons\u00e9cutives.<\/p>\n\n\n\n<p>De son c\u00f4t\u00e9 la Pr\u00e9sidente Directrice G\u00e9n\u00e9rale a soulign\u00e9 que cette technologie pourrait \u00eatre une solution pour r\u00e9duire l&#8217;entreposage ext\u00e9rieur pendant la saison de collecte.<\/p>\n","protected":false},"excerpt":{"rendered":"<p>Dans le cadre du renforcement des relations bilat\u00e9rales Tuniso-Argentine dans le domaine des c\u00e9r\u00e9ales, le Pr\u00e9sidente Directrice G\u00e9n\u00e9rale de l\u2019Office des C\u00e9r\u00e9ales a re\u00e7u le 14 f\u00e9vrier 2024 son Excellence l\u2019Ambassadeur de la R\u00e9publique Argentine en Tunisie Monsieur M. Jos\u00e9 Mar\u00eda Abilla. La r\u00e9union a port\u00e9 sur les moyens de renforcer le partenariat entre les [&hellip;]<\/p>\n","protected":false},"author":5,"featured_media":12415,"comment_status":"closed","ping_status":"open","sticky":false,"template":"","format":"standard","meta":{"_monsterinsights_skip_tracking":false,"_monsterinsights_sitenote_active":false,"_monsterinsights_sitenote_note":"","_monsterinsights_sitenote_category":0,"footnotes":""},"categories":[98],"tags":[],"class_list":["post-12414","post","type-post","status-publish","format-standard","has-post-thumbnail","hentry","category-actualites"],"yoast_head":"<!-- This site is optimized with the Yoast SEO plugin v25.5 - https:\/\/yoast.com\/wordpress\/plugins\/seo\/ -->\n<title>Visite de son Excellence Ambassadeur de la R\u00e9publique d\u2019Argentine \u00e0 l\u2019Office des C\u00e9r\u00e9ales - Office des C\u00e9r\u00e9ales - Tunisie<\/title>\n<meta name=\"description\" content=\"Office des C\u00e9r\u00e9ales\" \/>\n<meta name=\"robots\" content=\"index, follow, max-snippet:-1, max-image-preview:large, max-video-preview:-1\" \/>\n<link rel=\"canonical\" href=\"https:\/\/www.oc.com.tn\/fr\/visite-de-son-excellence-ambassadeur-de-la-republique-dargentine-a-loffice-des-cereales\/\" \/>\n<meta property=\"og:locale\" content=\"fr_FR\" \/>\n<meta property=\"og:type\" content=\"article\" \/>\n<meta property=\"og:title\" content=\"Visite de son Excellence Ambassadeur de la R\u00e9publique d\u2019Argentine \u00e0 l\u2019Office des C\u00e9r\u00e9ales - Office des C\u00e9r\u00e9ales - Tunisie\" \/>\n<meta property=\"og:description\" content=\"Office des C\u00e9r\u00e9ales\" \/>\n<meta property=\"og:url\" content=\"https:\/\/www.oc.com.tn\/fr\/visite-de-son-excellence-ambassadeur-de-la-republique-dargentine-a-loffice-des-cereales\/\" \/>\n<meta property=\"og:site_name\" content=\"Office des C\u00e9r\u00e9ales - Tunisie\" \/>\n<meta property=\"article:publisher\" content=\"https:\/\/www.facebook.com\/profile.php?id=100069933501880\" \/>\n<meta property=\"article:published_time\" content=\"2024-02-16T08:24:47+00:00\" \/>\n<meta property=\"article:modified_time\" content=\"2024-02-16T08:24:51+00:00\" \/>\n<meta property=\"og:image\" content=\"https:\/\/www.oc.com.tn\/wp-content\/uploads\/2024\/02\/image-8.png\" \/>\n\t<meta property=\"og:image:width\" content=\"1387\" \/>\n\t<meta property=\"og:image:height\" content=\"923\" \/>\n\t<meta property=\"og:image:type\" content=\"image\/png\" \/>\n<meta name=\"author\" content=\"tender\" \/>\n<meta name=\"twitter:card\" content=\"summary_large_image\" \/>\n<meta name=\"twitter:label1\" content=\"\u00c9crit par\" \/>\n\t<meta name=\"twitter:data1\" content=\"tender\" \/>\n\t<meta name=\"twitter:label2\" content=\"Dur\u00e9e de lecture estim\u00e9e\" \/>\n\t<meta name=\"twitter:data2\" content=\"1 minute\" \/>\n<script type=\"application\/ld+json\" class=\"yoast-schema-graph\">{\"@context\":\"https:\/\/schema.org\",\"@graph\":[{\"@type\":\"Article\",\"@id\":\"https:\/\/www.oc.com.tn\/fr\/visite-de-son-excellence-ambassadeur-de-la-republique-dargentine-a-loffice-des-cereales\/#article\",\"isPartOf\":{\"@id\":\"https:\/\/www.oc.com.tn\/fr\/visite-de-son-excellence-ambassadeur-de-la-republique-dargentine-a-loffice-des-cereales\/\"},\"author\":{\"name\":\"tender\",\"@id\":\"https:\/\/www.oc.com.tn\/fr\/#\/schema\/person\/7d67e98c12dbea10942a0f7988e7f7ac\"},\"headline\":\"Visite de son Excellence Ambassadeur de la R\u00e9publique d\u2019Argentine \u00e0 l\u2019Office des C\u00e9r\u00e9ales\",\"datePublished\":\"2024-02-16T08:24:47+00:00\",\"dateModified\":\"2024-02-16T08:24:51+00:00\",\"mainEntityOfPage\":{\"@id\":\"https:\/\/www.oc.com.tn\/fr\/visite-de-son-excellence-ambassadeur-de-la-republique-dargentine-a-loffice-des-cereales\/\"},\"wordCount\":254,\"publisher\":{\"@id\":\"https:\/\/www.oc.com.tn\/fr\/#organization\"},\"image\":{\"@id\":\"https:\/\/www.oc.com.tn\/fr\/visite-de-son-excellence-ambassadeur-de-la-republique-dargentine-a-loffice-des-cereales\/#primaryimage\"},\"thumbnailUrl\":\"https:\/\/www.oc.com.tn\/wp-content\/uploads\/2024\/02\/image-8.png\",\"articleSection\":[\"Actualit\u00e9s\"],\"inLanguage\":\"fr-FR\"},{\"@type\":\"WebPage\",\"@id\":\"https:\/\/www.oc.com.tn\/fr\/visite-de-son-excellence-ambassadeur-de-la-republique-dargentine-a-loffice-des-cereales\/\",\"url\":\"https:\/\/www.oc.com.tn\/fr\/visite-de-son-excellence-ambassadeur-de-la-republique-dargentine-a-loffice-des-cereales\/\",\"name\":\"Visite de son Excellence Ambassadeur de la R\u00e9publique d\u2019Argentine \u00e0 l\u2019Office des C\u00e9r\u00e9ales - Office des C\u00e9r\u00e9ales - Tunisie\",\"isPartOf\":{\"@id\":\"https:\/\/www.oc.com.tn\/fr\/#website\"},\"primaryImageOfPage\":{\"@id\":\"https:\/\/www.oc.com.tn\/fr\/visite-de-son-excellence-ambassadeur-de-la-republique-dargentine-a-loffice-des-cereales\/#primaryimage\"},\"image\":{\"@id\":\"https:\/\/www.oc.com.tn\/fr\/visite-de-son-excellence-ambassadeur-de-la-republique-dargentine-a-loffice-des-cereales\/#primaryimage\"},\"thumbnailUrl\":\"https:\/\/www.oc.com.tn\/wp-content\/uploads\/2024\/02\/image-8.png\",\"datePublished\":\"2024-02-16T08:24:47+00:00\",\"dateModified\":\"2024-02-16T08:24:51+00:00\",\"description\":\"Office des C\u00e9r\u00e9ales\",\"breadcrumb\":{\"@id\":\"https:\/\/www.oc.com.tn\/fr\/visite-de-son-excellence-ambassadeur-de-la-republique-dargentine-a-loffice-des-cereales\/#breadcrumb\"},\"inLanguage\":\"fr-FR\",\"potentialAction\":[{\"@type\":\"ReadAction\",\"target\":[\"https:\/\/www.oc.com.tn\/fr\/visite-de-son-excellence-ambassadeur-de-la-republique-dargentine-a-loffice-des-cereales\/\"]}]},{\"@type\":\"ImageObject\",\"inLanguage\":\"fr-FR\",\"@id\":\"https:\/\/www.oc.com.tn\/fr\/visite-de-son-excellence-ambassadeur-de-la-republique-dargentine-a-loffice-des-cereales\/#primaryimage\",\"url\":\"https:\/\/www.oc.com.tn\/wp-content\/uploads\/2024\/02\/image-8.png\",\"contentUrl\":\"https:\/\/www.oc.com.tn\/wp-content\/uploads\/2024\/02\/image-8.png\",\"width\":1387,\"height\":923},{\"@type\":\"BreadcrumbList\",\"@id\":\"https:\/\/www.oc.com.tn\/fr\/visite-de-son-excellence-ambassadeur-de-la-republique-dargentine-a-loffice-des-cereales\/#breadcrumb\",\"itemListElement\":[{\"@type\":\"ListItem\",\"position\":1,\"name\":\"Accueil\",\"item\":\"https:\/\/www.oc.com.tn\/fr\/\"},{\"@type\":\"ListItem\",\"position\":2,\"name\":\"Visite de son Excellence Ambassadeur de la R\u00e9publique d\u2019Argentine \u00e0 l\u2019Office des C\u00e9r\u00e9ales\"}]},{\"@type\":\"WebSite\",\"@id\":\"https:\/\/www.oc.com.tn\/fr\/#website\",\"url\":\"https:\/\/www.oc.com.tn\/fr\/\",\"name\":\"Office des C\u00e9r\u00e9ales - Tunisie\",\"description\":\"Office des C\u00e9r\u00e9ales - Tunisie\",\"publisher\":{\"@id\":\"https:\/\/www.oc.com.tn\/fr\/#organization\"},\"alternateName\":\"Office des C\u00e9r\u00e9ales - Tunisie\",\"potentialAction\":[{\"@type\":\"SearchAction\",\"target\":{\"@type\":\"EntryPoint\",\"urlTemplate\":\"https:\/\/www.oc.com.tn\/fr\/?s={search_term_string}\"},\"query-input\":{\"@type\":\"PropertyValueSpecification\",\"valueRequired\":true,\"valueName\":\"search_term_string\"}}],\"inLanguage\":\"fr-FR\"},{\"@type\":\"Organization\",\"@id\":\"https:\/\/www.oc.com.tn\/fr\/#organization\",\"name\":\"Office des C\u00e9r\u00e9ales - Tunisie\",\"url\":\"https:\/\/www.oc.com.tn\/fr\/\",\"logo\":{\"@type\":\"ImageObject\",\"inLanguage\":\"fr-FR\",\"@id\":\"https:\/\/www.oc.com.tn\/fr\/#\/schema\/logo\/image\/\",\"url\":\"https:\/\/www.oc.com.tn\/wp-content\/uploads\/2020\/07\/Logo.png\",\"contentUrl\":\"https:\/\/www.oc.com.tn\/wp-content\/uploads\/2020\/07\/Logo.png\",\"width\":47,\"height\":74,\"caption\":\"Office des C\u00e9r\u00e9ales - Tunisie\"},\"image\":{\"@id\":\"https:\/\/www.oc.com.tn\/fr\/#\/schema\/logo\/image\/\"},\"sameAs\":[\"https:\/\/www.facebook.com\/profile.php?id=100069933501880\"]},{\"@type\":\"Person\",\"@id\":\"https:\/\/www.oc.com.tn\/fr\/#\/schema\/person\/7d67e98c12dbea10942a0f7988e7f7ac\",\"name\":\"tender\",\"image\":{\"@type\":\"ImageObject\",\"inLanguage\":\"fr-FR\",\"@id\":\"https:\/\/www.oc.com.tn\/fr\/#\/schema\/person\/image\/\",\"url\":\"https:\/\/secure.gravatar.com\/avatar\/61d83a4ac29a23ca8e4f6724b2138881ea510fe08034853f92679db97b103b3d?s=96&d=mm&r=g\",\"contentUrl\":\"https:\/\/secure.gravatar.com\/avatar\/61d83a4ac29a23ca8e4f6724b2138881ea510fe08034853f92679db97b103b3d?s=96&d=mm&r=g\",\"caption\":\"tender\"},\"url\":\"https:\/\/www.oc.com.tn\/fr\/author\/tender\/\"}]}<\/script>\n<!-- \/ Yoast SEO plugin. -->","yoast_head_json":{"title":"Visite de son Excellence Ambassadeur de la R\u00e9publique d\u2019Argentine \u00e0 l\u2019Office des C\u00e9r\u00e9ales - Office des C\u00e9r\u00e9ales - Tunisie","description":"Office des C\u00e9r\u00e9ales","robots":{"index":"index","follow":"follow","max-snippet":"max-snippet:-1","max-image-preview":"max-image-preview:large","max-video-preview":"max-video-preview:-1"},"canonical":"https:\/\/www.oc.com.tn\/fr\/visite-de-son-excellence-ambassadeur-de-la-republique-dargentine-a-loffice-des-cereales\/","og_locale":"fr_FR","og_type":"article","og_title":"Visite de son Excellence Ambassadeur de la R\u00e9publique d\u2019Argentine \u00e0 l\u2019Office des C\u00e9r\u00e9ales - Office des C\u00e9r\u00e9ales - Tunisie","og_description":"Office des C\u00e9r\u00e9ales","og_url":"https:\/\/www.oc.com.tn\/fr\/visite-de-son-excellence-ambassadeur-de-la-republique-dargentine-a-loffice-des-cereales\/","og_site_name":"Office des C\u00e9r\u00e9ales - Tunisie","article_publisher":"https:\/\/www.facebook.com\/profile.php?id=100069933501880","article_published_time":"2024-02-16T08:24:47+00:00","article_modified_time":"2024-02-16T08:24:51+00:00","og_image":[{"width":1387,"height":923,"url":"https:\/\/www.oc.com.tn\/wp-content\/uploads\/2024\/02\/image-8.png","type":"image\/png"}],"author":"tender","twitter_card":"summary_large_image","twitter_misc":{"\u00c9crit par":"tender","Dur\u00e9e de lecture estim\u00e9e":"1 minute"},"schema":{"@context":"https:\/\/schema.org","@graph":[{"@type":"Article","@id":"https:\/\/www.oc.com.tn\/fr\/visite-de-son-excellence-ambassadeur-de-la-republique-dargentine-a-loffice-des-cereales\/#article","isPartOf":{"@id":"https:\/\/www.oc.com.tn\/fr\/visite-de-son-excellence-ambassadeur-de-la-republique-dargentine-a-loffice-des-cereales\/"},"author":{"name":"tender","@id":"https:\/\/www.oc.com.tn\/fr\/#\/schema\/person\/7d67e98c12dbea10942a0f7988e7f7ac"},"headline":"Visite de son Excellence Ambassadeur de la R\u00e9publique d\u2019Argentine \u00e0 l\u2019Office des C\u00e9r\u00e9ales","datePublished":"2024-02-16T08:24:47+00:00","dateModified":"2024-02-16T08:24:51+00:00","mainEntityOfPage":{"@id":"https:\/\/www.oc.com.tn\/fr\/visite-de-son-excellence-ambassadeur-de-la-republique-dargentine-a-loffice-des-cereales\/"},"wordCount":254,"publisher":{"@id":"https:\/\/www.oc.com.tn\/fr\/#organization"},"image":{"@id":"https:\/\/www.oc.com.tn\/fr\/visite-de-son-excellence-ambassadeur-de-la-republique-dargentine-a-loffice-des-cereales\/#primaryimage"},"thumbnailUrl":"https:\/\/www.oc.com.tn\/wp-content\/uploads\/2024\/02\/image-8.png","articleSection":["Actualit\u00e9s"],"inLanguage":"fr-FR"},{"@type":"WebPage","@id":"https:\/\/www.oc.com.tn\/fr\/visite-de-son-excellence-ambassadeur-de-la-republique-dargentine-a-loffice-des-cereales\/","url":"https:\/\/www.oc.com.tn\/fr\/visite-de-son-excellence-ambassadeur-de-la-republique-dargentine-a-loffice-des-cereales\/","name":"Visite de son Excellence Ambassadeur de la R\u00e9publique d\u2019Argentine \u00e0 l\u2019Office des C\u00e9r\u00e9ales - Office des C\u00e9r\u00e9ales - Tunisie","isPartOf":{"@id":"https:\/\/www.oc.com.tn\/fr\/#website"},"primaryImageOfPage":{"@id":"https:\/\/www.oc.com.tn\/fr\/visite-de-son-excellence-ambassadeur-de-la-republique-dargentine-a-loffice-des-cereales\/#primaryimage"},"image":{"@id":"https:\/\/www.oc.com.tn\/fr\/visite-de-son-excellence-ambassadeur-de-la-republique-dargentine-a-loffice-des-cereales\/#primaryimage"},"thumbnailUrl":"https:\/\/www.oc.com.tn\/wp-content\/uploads\/2024\/02\/image-8.png","datePublished":"2024-02-16T08:24:47+00:00","dateModified":"2024-02-16T08:24:51+00:00","description":"Office des C\u00e9r\u00e9ales","breadcrumb":{"@id":"https:\/\/www.oc.com.tn\/fr\/visite-de-son-excellence-ambassadeur-de-la-republique-dargentine-a-loffice-des-cereales\/#breadcrumb"},"inLanguage":"fr-FR","potentialAction":[{"@type":"ReadAction","target":["https:\/\/www.oc.com.tn\/fr\/visite-de-son-excellence-ambassadeur-de-la-republique-dargentine-a-loffice-des-cereales\/"]}]},{"@type":"ImageObject","inLanguage":"fr-FR","@id":"https:\/\/www.oc.com.tn\/fr\/visite-de-son-excellence-ambassadeur-de-la-republique-dargentine-a-loffice-des-cereales\/#primaryimage","url":"https:\/\/www.oc.com.tn\/wp-content\/uploads\/2024\/02\/image-8.png","contentUrl":"https:\/\/www.oc.com.tn\/wp-content\/uploads\/2024\/02\/image-8.png","width":1387,"height":923},{"@type":"BreadcrumbList","@id":"https:\/\/www.oc.com.tn\/fr\/visite-de-son-excellence-ambassadeur-de-la-republique-dargentine-a-loffice-des-cereales\/#breadcrumb","itemListElement":[{"@type":"ListItem","position":1,"name":"Accueil","item":"https:\/\/www.oc.com.tn\/fr\/"},{"@type":"ListItem","position":2,"name":"Visite de son Excellence Ambassadeur de la R\u00e9publique d\u2019Argentine \u00e0 l\u2019Office des C\u00e9r\u00e9ales"}]},{"@type":"WebSite","@id":"https:\/\/www.oc.com.tn\/fr\/#website","url":"https:\/\/www.oc.com.tn\/fr\/","name":"Office des C\u00e9r\u00e9ales - Tunisie","description":"Office des C\u00e9r\u00e9ales - Tunisie","publisher":{"@id":"https:\/\/www.oc.com.tn\/fr\/#organization"},"alternateName":"Office des C\u00e9r\u00e9ales - Tunisie","potentialAction":[{"@type":"SearchAction","target":{"@type":"EntryPoint","urlTemplate":"https:\/\/www.oc.com.tn\/fr\/?s={search_term_string}"},"query-input":{"@type":"PropertyValueSpecification","valueRequired":true,"valueName":"search_term_string"}}],"inLanguage":"fr-FR"},{"@type":"Organization","@id":"https:\/\/www.oc.com.tn\/fr\/#organization","name":"Office des C\u00e9r\u00e9ales - Tunisie","url":"https:\/\/www.oc.com.tn\/fr\/","logo":{"@type":"ImageObject","inLanguage":"fr-FR","@id":"https:\/\/www.oc.com.tn\/fr\/#\/schema\/logo\/image\/","url":"https:\/\/www.oc.com.tn\/wp-content\/uploads\/2020\/07\/Logo.png","contentUrl":"https:\/\/www.oc.com.tn\/wp-content\/uploads\/2020\/07\/Logo.png","width":47,"height":74,"caption":"Office des C\u00e9r\u00e9ales - Tunisie"},"image":{"@id":"https:\/\/www.oc.com.tn\/fr\/#\/schema\/logo\/image\/"},"sameAs":["https:\/\/www.facebook.com\/profile.php?id=100069933501880"]},{"@type":"Person","@id":"https:\/\/www.oc.com.tn\/fr\/#\/schema\/person\/7d67e98c12dbea10942a0f7988e7f7ac","name":"tender","image":{"@type":"ImageObject","inLanguage":"fr-FR","@id":"https:\/\/www.oc.com.tn\/fr\/#\/schema\/person\/image\/","url":"https:\/\/secure.gravatar.com\/avatar\/61d83a4ac29a23ca8e4f6724b2138881ea510fe08034853f92679db97b103b3d?s=96&d=mm&r=g","contentUrl":"https:\/\/secure.gravatar.com\/avatar\/61d83a4ac29a23ca8e4f6724b2138881ea510fe08034853f92679db97b103b3d?s=96&d=mm&r=g","caption":"tender"},"url":"https:\/\/www.oc.com.tn\/fr\/author\/tender\/"}]}},"_links":{"self":[{"href":"https:\/\/www.oc.com.tn\/fr\/wp-json\/wp\/v2\/posts\/12414","targetHints":{"allow":["GET"]}}],"collection":[{"href":"https:\/\/www.oc.com.tn\/fr\/wp-json\/wp\/v2\/posts"}],"about":[{"href":"https:\/\/www.oc.com.tn\/fr\/wp-json\/wp\/v2\/types\/post"}],"author":[{"embeddable":true,"href":"https:\/\/www.oc.com.tn\/fr\/wp-json\/wp\/v2\/users\/5"}],"replies":[{"embeddable":true,"href":"https:\/\/www.oc.com.tn\/fr\/wp-json\/wp\/v2\/comments?post=12414"}],"version-history":[{"count":1,"href":"https:\/\/www.oc.com.tn\/fr\/wp-json\/wp\/v2\/posts\/12414\/revisions"}],"predecessor-version":[{"id":12418,"href":"https:\/\/www.oc.com.tn\/fr\/wp-json\/wp\/v2\/posts\/12414\/revisions\/12418"}],"wp:featuredmedia":[{"embeddable":true,"href":"https:\/\/www.oc.com.tn\/fr\/wp-json\/wp\/v2\/media\/12415"}],"wp:attachment":[{"href":"https:\/\/www.oc.com.tn\/fr\/wp-json\/wp\/v2\/media?parent=12414"}],"wp:term":[{"taxonomy":"category","embeddable":true,"href":"https:\/\/www.oc.com.tn\/fr\/wp-json\/wp\/v2\/categories?post=12414"},{"taxonomy":"post_tag","embeddable":true,"href":"https:\/\/www.oc.com.tn\/fr\/wp-json\/wp\/v2\/tags?post=12414"}],"curies":[{"name":"wp","href":"https:\/\/api.w.org\/{rel}","templated":true}]}}