

{"id":12341,"date":"2024-02-09T16:45:53","date_gmt":"2024-02-09T15:45:53","guid":{"rendered":"https:\/\/www.oc.com.tn\/?p=12341"},"modified":"2024-02-09T16:45:56","modified_gmt":"2024-02-09T15:45:56","slug":"mission-devaluation-finale-du-second-financement-additionnel-et-de-la-restructuration-du-projet-de-reponses-durgence-a-la-securite-alimentaire-prusa","status":"publish","type":"post","link":"https:\/\/www.oc.com.tn\/fr\/mission-devaluation-finale-du-second-financement-additionnel-et-de-la-restructuration-du-projet-de-reponses-durgence-a-la-securite-alimentaire-prusa\/","title":{"rendered":"Mission d&#8217;\u00e9valuation finale du second financement additionnel et de la restructuration du Projet de R\u00e9ponses d\u2019Urgence \u00e0 la S\u00e9curit\u00e9 Alimentaire (PRUSA)"},"content":{"rendered":"\n<p>Dans le cadre de l&#8217;\u00e9valuation finale du second financement additionnel et de la restructuration du Projet de R\u00e9ponses d\u2019Urgence \u00e0 la S\u00e9curit\u00e9 Alimentaire (PRUSA), une d\u00e9l\u00e9gation de la Banque Mondiale a \u00e9t\u00e9 chaleureusement accueillie les 6 et 7 f\u00e9vrier 2024 par Madame Salwa Zouari, Pr\u00e9sidente Directrice G\u00e9n\u00e9rale de l\u2019Office des c\u00e9r\u00e9ales.<\/p>\n\n\n\n<p>Durant ces journ\u00e9es de travail, une atmosph\u00e8re collaborative et conviviale a r\u00e9gn\u00e9, favorisant un \u00e9change constructif et une coop\u00e9ration fructueuse entre les membres de la d\u00e9l\u00e9gation et les parties prenantes. Les discussions approfondies ont permis d&#8217;explorer de mani\u00e8re exhaustive les diff\u00e9rents aspects de ce financement additionnel.<\/p>\n\n\n\n<figure class=\"wp-block-image size-large\"><img fetchpriority=\"high\" decoding=\"async\" width=\"1024\" height=\"682\" src=\"https:\/\/www.oc.com.tn\/wp-content\/uploads\/2024\/02\/image-4-1024x682.png\" alt=\"\" class=\"wp-image-12345\" srcset=\"https:\/\/www.oc.com.tn\/wp-content\/uploads\/2024\/02\/image-4-1024x682.png 1024w, https:\/\/www.oc.com.tn\/wp-content\/uploads\/2024\/02\/image-4-300x200.png 300w, https:\/\/www.oc.com.tn\/wp-content\/uploads\/2024\/02\/image-4-768x512.png 768w, https:\/\/www.oc.com.tn\/wp-content\/uploads\/2024\/02\/image-4-730x486.png 730w, https:\/\/www.oc.com.tn\/wp-content\/uploads\/2024\/02\/image-4-1070x713.png 1070w, https:\/\/www.oc.com.tn\/wp-content\/uploads\/2024\/02\/image-4.png 1387w\" sizes=\"(max-width: 1024px) 100vw, 1024px\" \/><\/figure>\n\n\n\n<p>Les \u00e9changes ont ainsi \u00e9t\u00e9 enrichissants, permettant une compr\u00e9hension approfondie des enjeux et des d\u00e9fis \u00e0 relever dans le cadre de ce projet crucial.<\/p>\n","protected":false},"excerpt":{"rendered":"<p>Dans le cadre de l&#8217;\u00e9valuation finale du second financement additionnel et de la restructuration du Projet de R\u00e9ponses d\u2019Urgence \u00e0 la S\u00e9curit\u00e9 Alimentaire (PRUSA), une d\u00e9l\u00e9gation de la Banque Mondiale a \u00e9t\u00e9 chaleureusement accueillie les 6 et 7 f\u00e9vrier 2024 par Madame Salwa Zouari, Pr\u00e9sidente Directrice G\u00e9n\u00e9rale de l\u2019Office des c\u00e9r\u00e9ales. Durant ces journ\u00e9es de [&hellip;]<\/p>\n","protected":false},"author":5,"featured_media":12342,"comment_status":"closed","ping_status":"open","sticky":false,"template":"","format":"standard","meta":{"_monsterinsights_skip_tracking":false,"_monsterinsights_sitenote_active":false,"_monsterinsights_sitenote_note":"","_monsterinsights_sitenote_category":0,"footnotes":""},"categories":[98],"tags":[],"class_list":["post-12341","post","type-post","status-publish","format-standard","has-post-thumbnail","hentry","category-actualites"],"yoast_head":"<!-- This site is optimized with the Yoast SEO plugin v25.5 - https:\/\/yoast.com\/wordpress\/plugins\/seo\/ -->\n<title>Mission d&#039;\u00e9valuation finale du second financement additionnel et de la restructuration du Projet de R\u00e9ponses d\u2019Urgence \u00e0 la S\u00e9curit\u00e9 Alimentaire (PRUSA) - Office des C\u00e9r\u00e9ales - Tunisie<\/title>\n<meta name=\"description\" content=\"Office des C\u00e9r\u00e9ales\" \/>\n<meta name=\"robots\" content=\"index, follow, max-snippet:-1, max-image-preview:large, max-video-preview:-1\" \/>\n<link rel=\"canonical\" href=\"https:\/\/www.oc.com.tn\/fr\/mission-devaluation-finale-du-second-financement-additionnel-et-de-la-restructuration-du-projet-de-reponses-durgence-a-la-securite-alimentaire-prusa\/\" \/>\n<meta property=\"og:locale\" content=\"fr_FR\" \/>\n<meta property=\"og:type\" content=\"article\" \/>\n<meta property=\"og:title\" content=\"Mission d&#039;\u00e9valuation finale du second financement additionnel et de la restructuration du Projet de R\u00e9ponses d\u2019Urgence \u00e0 la S\u00e9curit\u00e9 Alimentaire (PRUSA) - Office des C\u00e9r\u00e9ales - Tunisie\" \/>\n<meta property=\"og:description\" content=\"Office des C\u00e9r\u00e9ales\" \/>\n<meta property=\"og:url\" content=\"https:\/\/www.oc.com.tn\/fr\/mission-devaluation-finale-du-second-financement-additionnel-et-de-la-restructuration-du-projet-de-reponses-durgence-a-la-securite-alimentaire-prusa\/\" \/>\n<meta property=\"og:site_name\" content=\"Office des C\u00e9r\u00e9ales - Tunisie\" \/>\n<meta property=\"article:publisher\" content=\"https:\/\/www.facebook.com\/profile.php?id=100069933501880\" \/>\n<meta property=\"article:published_time\" content=\"2024-02-09T15:45:53+00:00\" \/>\n<meta property=\"article:modified_time\" content=\"2024-02-09T15:45:56+00:00\" \/>\n<meta property=\"og:image\" content=\"https:\/\/www.oc.com.tn\/wp-content\/uploads\/2024\/02\/image-3.png\" \/>\n\t<meta property=\"og:image:width\" content=\"1387\" \/>\n\t<meta property=\"og:image:height\" content=\"924\" \/>\n\t<meta property=\"og:image:type\" content=\"image\/png\" \/>\n<meta name=\"author\" content=\"tender\" \/>\n<meta name=\"twitter:card\" content=\"summary_large_image\" \/>\n<meta name=\"twitter:label1\" content=\"\u00c9crit par\" \/>\n\t<meta name=\"twitter:data1\" content=\"tender\" \/>\n\t<meta name=\"twitter:label2\" content=\"Dur\u00e9e de lecture estim\u00e9e\" \/>\n\t<meta name=\"twitter:data2\" content=\"1 minute\" \/>\n<script type=\"application\/ld+json\" class=\"yoast-schema-graph\">{\"@context\":\"https:\/\/schema.org\",\"@graph\":[{\"@type\":\"Article\",\"@id\":\"https:\/\/www.oc.com.tn\/fr\/mission-devaluation-finale-du-second-financement-additionnel-et-de-la-restructuration-du-projet-de-reponses-durgence-a-la-securite-alimentaire-prusa\/#article\",\"isPartOf\":{\"@id\":\"https:\/\/www.oc.com.tn\/fr\/mission-devaluation-finale-du-second-financement-additionnel-et-de-la-restructuration-du-projet-de-reponses-durgence-a-la-securite-alimentaire-prusa\/\"},\"author\":{\"name\":\"tender\",\"@id\":\"https:\/\/www.oc.com.tn\/fr\/#\/schema\/person\/7d67e98c12dbea10942a0f7988e7f7ac\"},\"headline\":\"Mission d&#8217;\u00e9valuation finale du second financement additionnel et de la restructuration du Projet de R\u00e9ponses d\u2019Urgence \u00e0 la S\u00e9curit\u00e9 Alimentaire (PRUSA)\",\"datePublished\":\"2024-02-09T15:45:53+00:00\",\"dateModified\":\"2024-02-09T15:45:56+00:00\",\"mainEntityOfPage\":{\"@id\":\"https:\/\/www.oc.com.tn\/fr\/mission-devaluation-finale-du-second-financement-additionnel-et-de-la-restructuration-du-projet-de-reponses-durgence-a-la-securite-alimentaire-prusa\/\"},\"wordCount\":163,\"publisher\":{\"@id\":\"https:\/\/www.oc.com.tn\/fr\/#organization\"},\"image\":{\"@id\":\"https:\/\/www.oc.com.tn\/fr\/mission-devaluation-finale-du-second-financement-additionnel-et-de-la-restructuration-du-projet-de-reponses-durgence-a-la-securite-alimentaire-prusa\/#primaryimage\"},\"thumbnailUrl\":\"https:\/\/www.oc.com.tn\/wp-content\/uploads\/2024\/02\/image-3.png\",\"articleSection\":[\"Actualit\u00e9s\"],\"inLanguage\":\"fr-FR\"},{\"@type\":\"WebPage\",\"@id\":\"https:\/\/www.oc.com.tn\/fr\/mission-devaluation-finale-du-second-financement-additionnel-et-de-la-restructuration-du-projet-de-reponses-durgence-a-la-securite-alimentaire-prusa\/\",\"url\":\"https:\/\/www.oc.com.tn\/fr\/mission-devaluation-finale-du-second-financement-additionnel-et-de-la-restructuration-du-projet-de-reponses-durgence-a-la-securite-alimentaire-prusa\/\",\"name\":\"Mission d'\u00e9valuation finale du second financement additionnel et de la restructuration du Projet de R\u00e9ponses d\u2019Urgence \u00e0 la S\u00e9curit\u00e9 Alimentaire (PRUSA) - Office des C\u00e9r\u00e9ales - Tunisie\",\"isPartOf\":{\"@id\":\"https:\/\/www.oc.com.tn\/fr\/#website\"},\"primaryImageOfPage\":{\"@id\":\"https:\/\/www.oc.com.tn\/fr\/mission-devaluation-finale-du-second-financement-additionnel-et-de-la-restructuration-du-projet-de-reponses-durgence-a-la-securite-alimentaire-prusa\/#primaryimage\"},\"image\":{\"@id\":\"https:\/\/www.oc.com.tn\/fr\/mission-devaluation-finale-du-second-financement-additionnel-et-de-la-restructuration-du-projet-de-reponses-durgence-a-la-securite-alimentaire-prusa\/#primaryimage\"},\"thumbnailUrl\":\"https:\/\/www.oc.com.tn\/wp-content\/uploads\/2024\/02\/image-3.png\",\"datePublished\":\"2024-02-09T15:45:53+00:00\",\"dateModified\":\"2024-02-09T15:45:56+00:00\",\"description\":\"Office des C\u00e9r\u00e9ales\",\"breadcrumb\":{\"@id\":\"https:\/\/www.oc.com.tn\/fr\/mission-devaluation-finale-du-second-financement-additionnel-et-de-la-restructuration-du-projet-de-reponses-durgence-a-la-securite-alimentaire-prusa\/#breadcrumb\"},\"inLanguage\":\"fr-FR\",\"potentialAction\":[{\"@type\":\"ReadAction\",\"target\":[\"https:\/\/www.oc.com.tn\/fr\/mission-devaluation-finale-du-second-financement-additionnel-et-de-la-restructuration-du-projet-de-reponses-durgence-a-la-securite-alimentaire-prusa\/\"]}]},{\"@type\":\"ImageObject\",\"inLanguage\":\"fr-FR\",\"@id\":\"https:\/\/www.oc.com.tn\/fr\/mission-devaluation-finale-du-second-financement-additionnel-et-de-la-restructuration-du-projet-de-reponses-durgence-a-la-securite-alimentaire-prusa\/#primaryimage\",\"url\":\"https:\/\/www.oc.com.tn\/wp-content\/uploads\/2024\/02\/image-3.png\",\"contentUrl\":\"https:\/\/www.oc.com.tn\/wp-content\/uploads\/2024\/02\/image-3.png\",\"width\":1387,\"height\":924},{\"@type\":\"BreadcrumbList\",\"@id\":\"https:\/\/www.oc.com.tn\/fr\/mission-devaluation-finale-du-second-financement-additionnel-et-de-la-restructuration-du-projet-de-reponses-durgence-a-la-securite-alimentaire-prusa\/#breadcrumb\",\"itemListElement\":[{\"@type\":\"ListItem\",\"position\":1,\"name\":\"Accueil\",\"item\":\"https:\/\/www.oc.com.tn\/fr\/\"},{\"@type\":\"ListItem\",\"position\":2,\"name\":\"Mission d&rsquo;\u00e9valuation finale du second financement additionnel et de la restructuration du Projet de R\u00e9ponses d\u2019Urgence \u00e0 la S\u00e9curit\u00e9 Alimentaire (PRUSA)\"}]},{\"@type\":\"WebSite\",\"@id\":\"https:\/\/www.oc.com.tn\/fr\/#website\",\"url\":\"https:\/\/www.oc.com.tn\/fr\/\",\"name\":\"Office des C\u00e9r\u00e9ales - Tunisie\",\"description\":\"Office des C\u00e9r\u00e9ales - Tunisie\",\"publisher\":{\"@id\":\"https:\/\/www.oc.com.tn\/fr\/#organization\"},\"alternateName\":\"Office des C\u00e9r\u00e9ales - Tunisie\",\"potentialAction\":[{\"@type\":\"SearchAction\",\"target\":{\"@type\":\"EntryPoint\",\"urlTemplate\":\"https:\/\/www.oc.com.tn\/fr\/?s={search_term_string}\"},\"query-input\":{\"@type\":\"PropertyValueSpecification\",\"valueRequired\":true,\"valueName\":\"search_term_string\"}}],\"inLanguage\":\"fr-FR\"},{\"@type\":\"Organization\",\"@id\":\"https:\/\/www.oc.com.tn\/fr\/#organization\",\"name\":\"Office des C\u00e9r\u00e9ales - Tunisie\",\"url\":\"https:\/\/www.oc.com.tn\/fr\/\",\"logo\":{\"@type\":\"ImageObject\",\"inLanguage\":\"fr-FR\",\"@id\":\"https:\/\/www.oc.com.tn\/fr\/#\/schema\/logo\/image\/\",\"url\":\"https:\/\/www.oc.com.tn\/wp-content\/uploads\/2020\/07\/Logo.png\",\"contentUrl\":\"https:\/\/www.oc.com.tn\/wp-content\/uploads\/2020\/07\/Logo.png\",\"width\":47,\"height\":74,\"caption\":\"Office des C\u00e9r\u00e9ales - Tunisie\"},\"image\":{\"@id\":\"https:\/\/www.oc.com.tn\/fr\/#\/schema\/logo\/image\/\"},\"sameAs\":[\"https:\/\/www.facebook.com\/profile.php?id=100069933501880\"]},{\"@type\":\"Person\",\"@id\":\"https:\/\/www.oc.com.tn\/fr\/#\/schema\/person\/7d67e98c12dbea10942a0f7988e7f7ac\",\"name\":\"tender\",\"image\":{\"@type\":\"ImageObject\",\"inLanguage\":\"fr-FR\",\"@id\":\"https:\/\/www.oc.com.tn\/fr\/#\/schema\/person\/image\/\",\"url\":\"https:\/\/secure.gravatar.com\/avatar\/61d83a4ac29a23ca8e4f6724b2138881ea510fe08034853f92679db97b103b3d?s=96&d=mm&r=g\",\"contentUrl\":\"https:\/\/secure.gravatar.com\/avatar\/61d83a4ac29a23ca8e4f6724b2138881ea510fe08034853f92679db97b103b3d?s=96&d=mm&r=g\",\"caption\":\"tender\"},\"url\":\"https:\/\/www.oc.com.tn\/fr\/author\/tender\/\"}]}<\/script>\n<!-- \/ Yoast SEO plugin. -->","yoast_head_json":{"title":"Mission d'\u00e9valuation finale du second financement additionnel et de la restructuration du Projet de R\u00e9ponses d\u2019Urgence \u00e0 la S\u00e9curit\u00e9 Alimentaire (PRUSA) - Office des C\u00e9r\u00e9ales - Tunisie","description":"Office des C\u00e9r\u00e9ales","robots":{"index":"index","follow":"follow","max-snippet":"max-snippet:-1","max-image-preview":"max-image-preview:large","max-video-preview":"max-video-preview:-1"},"canonical":"https:\/\/www.oc.com.tn\/fr\/mission-devaluation-finale-du-second-financement-additionnel-et-de-la-restructuration-du-projet-de-reponses-durgence-a-la-securite-alimentaire-prusa\/","og_locale":"fr_FR","og_type":"article","og_title":"Mission d'\u00e9valuation finale du second financement additionnel et de la restructuration du Projet de R\u00e9ponses d\u2019Urgence \u00e0 la S\u00e9curit\u00e9 Alimentaire (PRUSA) - Office des C\u00e9r\u00e9ales - Tunisie","og_description":"Office des C\u00e9r\u00e9ales","og_url":"https:\/\/www.oc.com.tn\/fr\/mission-devaluation-finale-du-second-financement-additionnel-et-de-la-restructuration-du-projet-de-reponses-durgence-a-la-securite-alimentaire-prusa\/","og_site_name":"Office des C\u00e9r\u00e9ales - Tunisie","article_publisher":"https:\/\/www.facebook.com\/profile.php?id=100069933501880","article_published_time":"2024-02-09T15:45:53+00:00","article_modified_time":"2024-02-09T15:45:56+00:00","og_image":[{"width":1387,"height":924,"url":"https:\/\/www.oc.com.tn\/wp-content\/uploads\/2024\/02\/image-3.png","type":"image\/png"}],"author":"tender","twitter_card":"summary_large_image","twitter_misc":{"\u00c9crit par":"tender","Dur\u00e9e de lecture estim\u00e9e":"1 minute"},"schema":{"@context":"https:\/\/schema.org","@graph":[{"@type":"Article","@id":"https:\/\/www.oc.com.tn\/fr\/mission-devaluation-finale-du-second-financement-additionnel-et-de-la-restructuration-du-projet-de-reponses-durgence-a-la-securite-alimentaire-prusa\/#article","isPartOf":{"@id":"https:\/\/www.oc.com.tn\/fr\/mission-devaluation-finale-du-second-financement-additionnel-et-de-la-restructuration-du-projet-de-reponses-durgence-a-la-securite-alimentaire-prusa\/"},"author":{"name":"tender","@id":"https:\/\/www.oc.com.tn\/fr\/#\/schema\/person\/7d67e98c12dbea10942a0f7988e7f7ac"},"headline":"Mission d&#8217;\u00e9valuation finale du second financement additionnel et de la restructuration du Projet de R\u00e9ponses d\u2019Urgence \u00e0 la S\u00e9curit\u00e9 Alimentaire (PRUSA)","datePublished":"2024-02-09T15:45:53+00:00","dateModified":"2024-02-09T15:45:56+00:00","mainEntityOfPage":{"@id":"https:\/\/www.oc.com.tn\/fr\/mission-devaluation-finale-du-second-financement-additionnel-et-de-la-restructuration-du-projet-de-reponses-durgence-a-la-securite-alimentaire-prusa\/"},"wordCount":163,"publisher":{"@id":"https:\/\/www.oc.com.tn\/fr\/#organization"},"image":{"@id":"https:\/\/www.oc.com.tn\/fr\/mission-devaluation-finale-du-second-financement-additionnel-et-de-la-restructuration-du-projet-de-reponses-durgence-a-la-securite-alimentaire-prusa\/#primaryimage"},"thumbnailUrl":"https:\/\/www.oc.com.tn\/wp-content\/uploads\/2024\/02\/image-3.png","articleSection":["Actualit\u00e9s"],"inLanguage":"fr-FR"},{"@type":"WebPage","@id":"https:\/\/www.oc.com.tn\/fr\/mission-devaluation-finale-du-second-financement-additionnel-et-de-la-restructuration-du-projet-de-reponses-durgence-a-la-securite-alimentaire-prusa\/","url":"https:\/\/www.oc.com.tn\/fr\/mission-devaluation-finale-du-second-financement-additionnel-et-de-la-restructuration-du-projet-de-reponses-durgence-a-la-securite-alimentaire-prusa\/","name":"Mission d'\u00e9valuation finale du second financement additionnel et de la restructuration du Projet de R\u00e9ponses d\u2019Urgence \u00e0 la S\u00e9curit\u00e9 Alimentaire (PRUSA) - Office des C\u00e9r\u00e9ales - Tunisie","isPartOf":{"@id":"https:\/\/www.oc.com.tn\/fr\/#website"},"primaryImageOfPage":{"@id":"https:\/\/www.oc.com.tn\/fr\/mission-devaluation-finale-du-second-financement-additionnel-et-de-la-restructuration-du-projet-de-reponses-durgence-a-la-securite-alimentaire-prusa\/#primaryimage"},"image":{"@id":"https:\/\/www.oc.com.tn\/fr\/mission-devaluation-finale-du-second-financement-additionnel-et-de-la-restructuration-du-projet-de-reponses-durgence-a-la-securite-alimentaire-prusa\/#primaryimage"},"thumbnailUrl":"https:\/\/www.oc.com.tn\/wp-content\/uploads\/2024\/02\/image-3.png","datePublished":"2024-02-09T15:45:53+00:00","dateModified":"2024-02-09T15:45:56+00:00","description":"Office des C\u00e9r\u00e9ales","breadcrumb":{"@id":"https:\/\/www.oc.com.tn\/fr\/mission-devaluation-finale-du-second-financement-additionnel-et-de-la-restructuration-du-projet-de-reponses-durgence-a-la-securite-alimentaire-prusa\/#breadcrumb"},"inLanguage":"fr-FR","potentialAction":[{"@type":"ReadAction","target":["https:\/\/www.oc.com.tn\/fr\/mission-devaluation-finale-du-second-financement-additionnel-et-de-la-restructuration-du-projet-de-reponses-durgence-a-la-securite-alimentaire-prusa\/"]}]},{"@type":"ImageObject","inLanguage":"fr-FR","@id":"https:\/\/www.oc.com.tn\/fr\/mission-devaluation-finale-du-second-financement-additionnel-et-de-la-restructuration-du-projet-de-reponses-durgence-a-la-securite-alimentaire-prusa\/#primaryimage","url":"https:\/\/www.oc.com.tn\/wp-content\/uploads\/2024\/02\/image-3.png","contentUrl":"https:\/\/www.oc.com.tn\/wp-content\/uploads\/2024\/02\/image-3.png","width":1387,"height":924},{"@type":"BreadcrumbList","@id":"https:\/\/www.oc.com.tn\/fr\/mission-devaluation-finale-du-second-financement-additionnel-et-de-la-restructuration-du-projet-de-reponses-durgence-a-la-securite-alimentaire-prusa\/#breadcrumb","itemListElement":[{"@type":"ListItem","position":1,"name":"Accueil","item":"https:\/\/www.oc.com.tn\/fr\/"},{"@type":"ListItem","position":2,"name":"Mission d&rsquo;\u00e9valuation finale du second financement additionnel et de la restructuration du Projet de R\u00e9ponses d\u2019Urgence \u00e0 la S\u00e9curit\u00e9 Alimentaire (PRUSA)"}]},{"@type":"WebSite","@id":"https:\/\/www.oc.com.tn\/fr\/#website","url":"https:\/\/www.oc.com.tn\/fr\/","name":"Office des C\u00e9r\u00e9ales - Tunisie","description":"Office des C\u00e9r\u00e9ales - Tunisie","publisher":{"@id":"https:\/\/www.oc.com.tn\/fr\/#organization"},"alternateName":"Office des C\u00e9r\u00e9ales - Tunisie","potentialAction":[{"@type":"SearchAction","target":{"@type":"EntryPoint","urlTemplate":"https:\/\/www.oc.com.tn\/fr\/?s={search_term_string}"},"query-input":{"@type":"PropertyValueSpecification","valueRequired":true,"valueName":"search_term_string"}}],"inLanguage":"fr-FR"},{"@type":"Organization","@id":"https:\/\/www.oc.com.tn\/fr\/#organization","name":"Office des C\u00e9r\u00e9ales - Tunisie","url":"https:\/\/www.oc.com.tn\/fr\/","logo":{"@type":"ImageObject","inLanguage":"fr-FR","@id":"https:\/\/www.oc.com.tn\/fr\/#\/schema\/logo\/image\/","url":"https:\/\/www.oc.com.tn\/wp-content\/uploads\/2020\/07\/Logo.png","contentUrl":"https:\/\/www.oc.com.tn\/wp-content\/uploads\/2020\/07\/Logo.png","width":47,"height":74,"caption":"Office des C\u00e9r\u00e9ales - Tunisie"},"image":{"@id":"https:\/\/www.oc.com.tn\/fr\/#\/schema\/logo\/image\/"},"sameAs":["https:\/\/www.facebook.com\/profile.php?id=100069933501880"]},{"@type":"Person","@id":"https:\/\/www.oc.com.tn\/fr\/#\/schema\/person\/7d67e98c12dbea10942a0f7988e7f7ac","name":"tender","image":{"@type":"ImageObject","inLanguage":"fr-FR","@id":"https:\/\/www.oc.com.tn\/fr\/#\/schema\/person\/image\/","url":"https:\/\/secure.gravatar.com\/avatar\/61d83a4ac29a23ca8e4f6724b2138881ea510fe08034853f92679db97b103b3d?s=96&d=mm&r=g","contentUrl":"https:\/\/secure.gravatar.com\/avatar\/61d83a4ac29a23ca8e4f6724b2138881ea510fe08034853f92679db97b103b3d?s=96&d=mm&r=g","caption":"tender"},"url":"https:\/\/www.oc.com.tn\/fr\/author\/tender\/"}]}},"_links":{"self":[{"href":"https:\/\/www.oc.com.tn\/fr\/wp-json\/wp\/v2\/posts\/12341","targetHints":{"allow":["GET"]}}],"collection":[{"href":"https:\/\/www.oc.com.tn\/fr\/wp-json\/wp\/v2\/posts"}],"about":[{"href":"https:\/\/www.oc.com.tn\/fr\/wp-json\/wp\/v2\/types\/post"}],"author":[{"embeddable":true,"href":"https:\/\/www.oc.com.tn\/fr\/wp-json\/wp\/v2\/users\/5"}],"replies":[{"embeddable":true,"href":"https:\/\/www.oc.com.tn\/fr\/wp-json\/wp\/v2\/comments?post=12341"}],"version-history":[{"count":1,"href":"https:\/\/www.oc.com.tn\/fr\/wp-json\/wp\/v2\/posts\/12341\/revisions"}],"predecessor-version":[{"id":12348,"href":"https:\/\/www.oc.com.tn\/fr\/wp-json\/wp\/v2\/posts\/12341\/revisions\/12348"}],"wp:featuredmedia":[{"embeddable":true,"href":"https:\/\/www.oc.com.tn\/fr\/wp-json\/wp\/v2\/media\/12342"}],"wp:attachment":[{"href":"https:\/\/www.oc.com.tn\/fr\/wp-json\/wp\/v2\/media?parent=12341"}],"wp:term":[{"taxonomy":"category","embeddable":true,"href":"https:\/\/www.oc.com.tn\/fr\/wp-json\/wp\/v2\/categories?post=12341"},{"taxonomy":"post_tag","embeddable":true,"href":"https:\/\/www.oc.com.tn\/fr\/wp-json\/wp\/v2\/tags?post=12341"}],"curies":[{"name":"wp","href":"https:\/\/api.w.org\/{rel}","templated":true}]}}