

{"id":11592,"date":"2023-10-12T14:11:17","date_gmt":"2023-10-12T12:11:17","guid":{"rendered":"https:\/\/www.oc.com.tn\/?p=11592"},"modified":"2023-10-12T14:11:20","modified_gmt":"2023-10-12T12:11:20","slug":"atelier-de-travail-intitule-lancement-du-programme-daccompagnement-technique-pour-la-digitalisation-et-le-developpement-de-la-filiere-cerealiere-patdidfic","status":"publish","type":"post","link":"https:\/\/www.oc.com.tn\/fr\/atelier-de-travail-intitule-lancement-du-programme-daccompagnement-technique-pour-la-digitalisation-et-le-developpement-de-la-filiere-cerealiere-patdidfic\/","title":{"rendered":"Atelier de travail intitul\u00e9 &#8220;Lancement du Programme d&#8217;Accompagnement Technique pour la Digitalisation et le D\u00e9veloppement de la fili\u00e8re c\u00e9r\u00e9ali\u00e8re-PATDIDFIC."},"content":{"rendered":"\n<p>Sous le haut patronage de Monsieur le Ministre de l&#8217;Agriculture, des Ressources Hydrauliques et de la P\u00eache, un atelier de travail intitul\u00e9 &#8220;Lancement du Programme d&#8217;Accompagnement Technique pour la Digitalisation et le D\u00e9veloppement de la fili\u00e8re c\u00e9r\u00e9ali\u00e8re-PATDIDFIC&#8221; a \u00e9t\u00e9 organis\u00e9 par l&#8217;Office des C\u00e9r\u00e9ales le 10 octobre 2023. Cette initiative, b\u00e9n\u00e9ficiant d\u2019un financement de la Banque Africaine de D\u00e9veloppement, s&#8217;est tenue \u00e0 l&#8217;Institut National Agronomique de Tunisie et a rassembl\u00e9 une vari\u00e9t\u00e9 d&#8217;acteurs essentiels, dont notamment Madame la Pr\u00e9sidente Directrice G\u00e9n\u00e9rale de l&#8217;Office des C\u00e9r\u00e9ales, ainsi que des repr\u00e9sentants de la Banque Africaine de D\u00e9veloppement, divers Minist\u00e8res, Des collecteurs de c\u00e9r\u00e9ales et de semences, ainsi que des Cadres de l&#8217;Office des C\u00e9r\u00e9ales.<\/p>\n\n\n\n<figure class=\"wp-block-gallery aligncenter columns-3 is-cropped wp-block-gallery-1 is-layout-flex wp-block-gallery-is-layout-flex\"><ul class=\"blocks-gallery-grid\"><li class=\"blocks-gallery-item\"><figure><img fetchpriority=\"high\" decoding=\"async\" width=\"1024\" height=\"681\" src=\"https:\/\/www.oc.com.tn\/wp-content\/uploads\/2023\/10\/oc-3-1024x681.jpg\" alt=\"\" data-id=\"11593\" data-full-url=\"https:\/\/www.oc.com.tn\/wp-content\/uploads\/2023\/10\/oc-3.jpg\" data-link=\"https:\/\/www.oc.com.tn\/?attachment_id=11593\" class=\"wp-image-11593\" srcset=\"https:\/\/www.oc.com.tn\/wp-content\/uploads\/2023\/10\/oc-3-1024x681.jpg 1024w, https:\/\/www.oc.com.tn\/wp-content\/uploads\/2023\/10\/oc-3-300x200.jpg 300w, https:\/\/www.oc.com.tn\/wp-content\/uploads\/2023\/10\/oc-3-768x511.jpg 768w, https:\/\/www.oc.com.tn\/wp-content\/uploads\/2023\/10\/oc-3-1200x799.jpg 1200w, https:\/\/www.oc.com.tn\/wp-content\/uploads\/2023\/10\/oc-3-730x486.jpg 730w, https:\/\/www.oc.com.tn\/wp-content\/uploads\/2023\/10\/oc-3-1070x712.jpg 1070w, https:\/\/www.oc.com.tn\/wp-content\/uploads\/2023\/10\/oc-3.jpg 1387w\" sizes=\"(max-width: 1024px) 100vw, 1024px\" \/><\/figure><\/li><li class=\"blocks-gallery-item\"><figure><img decoding=\"async\" width=\"1024\" height=\"683\" data-src=\"https:\/\/www.oc.com.tn\/wp-content\/uploads\/2023\/10\/oc-2-1024x683.jpg\" alt=\"\" data-id=\"11596\" data-full-url=\"https:\/\/www.oc.com.tn\/wp-content\/uploads\/2023\/10\/oc-2.jpg\" data-link=\"https:\/\/www.oc.com.tn\/?attachment_id=11596\" class=\"wp-image-11596 lazyload\" data-srcset=\"https:\/\/www.oc.com.tn\/wp-content\/uploads\/2023\/10\/oc-2-1024x683.jpg 1024w, https:\/\/www.oc.com.tn\/wp-content\/uploads\/2023\/10\/oc-2-300x200.jpg 300w, https:\/\/www.oc.com.tn\/wp-content\/uploads\/2023\/10\/oc-2-768x512.jpg 768w, https:\/\/www.oc.com.tn\/wp-content\/uploads\/2023\/10\/oc-2-730x487.jpg 730w, https:\/\/www.oc.com.tn\/wp-content\/uploads\/2023\/10\/oc-2-1070x714.jpg 1070w, https:\/\/www.oc.com.tn\/wp-content\/uploads\/2023\/10\/oc-2.jpg 1189w\" data-sizes=\"(max-width: 1024px) 100vw, 1024px\" src=\"data:image\/svg+xml;base64,PHN2ZyB3aWR0aD0iMSIgaGVpZ2h0PSIxIiB4bWxucz0iaHR0cDovL3d3dy53My5vcmcvMjAwMC9zdmciPjwvc3ZnPg==\" style=\"--smush-placeholder-width: 1024px; --smush-placeholder-aspect-ratio: 1024\/683;\" \/><\/figure><\/li><li class=\"blocks-gallery-item\"><figure><img decoding=\"async\" width=\"708\" height=\"607\" data-src=\"https:\/\/www.oc.com.tn\/wp-content\/uploads\/2023\/10\/oc-1.jpg\" alt=\"\" data-id=\"11599\" data-full-url=\"https:\/\/www.oc.com.tn\/wp-content\/uploads\/2023\/10\/oc-1.jpg\" data-link=\"https:\/\/www.oc.com.tn\/?attachment_id=11599\" class=\"wp-image-11599 lazyload\" data-srcset=\"https:\/\/www.oc.com.tn\/wp-content\/uploads\/2023\/10\/oc-1.jpg 708w, https:\/\/www.oc.com.tn\/wp-content\/uploads\/2023\/10\/oc-1-300x257.jpg 300w\" data-sizes=\"(max-width: 708px) 100vw, 708px\" src=\"data:image\/svg+xml;base64,PHN2ZyB3aWR0aD0iMSIgaGVpZ2h0PSIxIiB4bWxucz0iaHR0cDovL3d3dy53My5vcmcvMjAwMC9zdmciPjwvc3ZnPg==\" style=\"--smush-placeholder-width: 708px; --smush-placeholder-aspect-ratio: 708\/607;\" \/><\/figure><\/li><\/ul><\/figure>\n","protected":false},"excerpt":{"rendered":"<p>Sous le haut patronage de Monsieur le Ministre de l&#8217;Agriculture, des Ressources Hydrauliques et de la P\u00eache, un atelier de travail intitul\u00e9 &#8220;Lancement du Programme d&#8217;Accompagnement Technique pour la Digitalisation et le D\u00e9veloppement de la fili\u00e8re c\u00e9r\u00e9ali\u00e8re-PATDIDFIC&#8221; a \u00e9t\u00e9 organis\u00e9 par l&#8217;Office des C\u00e9r\u00e9ales le 10 octobre 2023. Cette initiative, b\u00e9n\u00e9ficiant d\u2019un financement de la [&hellip;]<\/p>\n","protected":false},"author":5,"featured_media":11599,"comment_status":"closed","ping_status":"open","sticky":false,"template":"","format":"standard","meta":{"_monsterinsights_skip_tracking":false,"_monsterinsights_sitenote_active":false,"_monsterinsights_sitenote_note":"","_monsterinsights_sitenote_category":0,"footnotes":""},"categories":[98],"tags":[],"class_list":["post-11592","post","type-post","status-publish","format-standard","has-post-thumbnail","hentry","category-actualites"],"yoast_head":"<!-- This site is optimized with the Yoast SEO plugin v25.5 - https:\/\/yoast.com\/wordpress\/plugins\/seo\/ -->\n<title>Atelier de travail intitul\u00e9 &quot;Lancement du Programme d&#039;Accompagnement Technique pour la Digitalisation et le D\u00e9veloppement de la fili\u00e8re c\u00e9r\u00e9ali\u00e8re-PATDIDFIC. - Office des C\u00e9r\u00e9ales - Tunisie<\/title>\n<meta name=\"description\" content=\"Office des C\u00e9r\u00e9ales\" \/>\n<meta name=\"robots\" content=\"index, follow, max-snippet:-1, max-image-preview:large, max-video-preview:-1\" \/>\n<link rel=\"canonical\" href=\"https:\/\/www.oc.com.tn\/fr\/atelier-de-travail-intitule-lancement-du-programme-daccompagnement-technique-pour-la-digitalisation-et-le-developpement-de-la-filiere-cerealiere-patdidfic\/\" \/>\n<meta property=\"og:locale\" content=\"fr_FR\" \/>\n<meta property=\"og:type\" content=\"article\" \/>\n<meta property=\"og:title\" content=\"Atelier de travail intitul\u00e9 &quot;Lancement du Programme d&#039;Accompagnement Technique pour la Digitalisation et le D\u00e9veloppement de la fili\u00e8re c\u00e9r\u00e9ali\u00e8re-PATDIDFIC. - Office des C\u00e9r\u00e9ales - Tunisie\" \/>\n<meta property=\"og:description\" content=\"Office des C\u00e9r\u00e9ales\" \/>\n<meta property=\"og:url\" content=\"https:\/\/www.oc.com.tn\/fr\/atelier-de-travail-intitule-lancement-du-programme-daccompagnement-technique-pour-la-digitalisation-et-le-developpement-de-la-filiere-cerealiere-patdidfic\/\" \/>\n<meta property=\"og:site_name\" content=\"Office des C\u00e9r\u00e9ales - Tunisie\" \/>\n<meta property=\"article:publisher\" content=\"https:\/\/www.facebook.com\/profile.php?id=100069933501880\" \/>\n<meta property=\"article:published_time\" content=\"2023-10-12T12:11:17+00:00\" \/>\n<meta property=\"article:modified_time\" content=\"2023-10-12T12:11:20+00:00\" \/>\n<meta property=\"og:image\" content=\"https:\/\/www.oc.com.tn\/wp-content\/uploads\/2023\/10\/oc-1.jpg\" \/>\n\t<meta property=\"og:image:width\" content=\"708\" \/>\n\t<meta property=\"og:image:height\" content=\"607\" \/>\n\t<meta property=\"og:image:type\" content=\"image\/jpeg\" \/>\n<meta name=\"author\" content=\"tender\" \/>\n<meta name=\"twitter:card\" content=\"summary_large_image\" \/>\n<meta name=\"twitter:label1\" content=\"\u00c9crit par\" \/>\n\t<meta name=\"twitter:data1\" content=\"tender\" \/>\n\t<meta name=\"twitter:label2\" content=\"Dur\u00e9e de lecture estim\u00e9e\" \/>\n\t<meta name=\"twitter:data2\" content=\"2 minutes\" \/>\n<script type=\"application\/ld+json\" class=\"yoast-schema-graph\">{\"@context\":\"https:\/\/schema.org\",\"@graph\":[{\"@type\":\"Article\",\"@id\":\"https:\/\/www.oc.com.tn\/fr\/atelier-de-travail-intitule-lancement-du-programme-daccompagnement-technique-pour-la-digitalisation-et-le-developpement-de-la-filiere-cerealiere-patdidfic\/#article\",\"isPartOf\":{\"@id\":\"https:\/\/www.oc.com.tn\/fr\/atelier-de-travail-intitule-lancement-du-programme-daccompagnement-technique-pour-la-digitalisation-et-le-developpement-de-la-filiere-cerealiere-patdidfic\/\"},\"author\":{\"name\":\"tender\",\"@id\":\"https:\/\/www.oc.com.tn\/fr\/#\/schema\/person\/7d67e98c12dbea10942a0f7988e7f7ac\"},\"headline\":\"Atelier de travail intitul\u00e9 &#8220;Lancement du Programme d&#8217;Accompagnement Technique pour la Digitalisation et le D\u00e9veloppement de la fili\u00e8re c\u00e9r\u00e9ali\u00e8re-PATDIDFIC.\",\"datePublished\":\"2023-10-12T12:11:17+00:00\",\"dateModified\":\"2023-10-12T12:11:20+00:00\",\"mainEntityOfPage\":{\"@id\":\"https:\/\/www.oc.com.tn\/fr\/atelier-de-travail-intitule-lancement-du-programme-daccompagnement-technique-pour-la-digitalisation-et-le-developpement-de-la-filiere-cerealiere-patdidfic\/\"},\"wordCount\":158,\"publisher\":{\"@id\":\"https:\/\/www.oc.com.tn\/fr\/#organization\"},\"image\":{\"@id\":\"https:\/\/www.oc.com.tn\/fr\/atelier-de-travail-intitule-lancement-du-programme-daccompagnement-technique-pour-la-digitalisation-et-le-developpement-de-la-filiere-cerealiere-patdidfic\/#primaryimage\"},\"thumbnailUrl\":\"https:\/\/www.oc.com.tn\/wp-content\/uploads\/2023\/10\/oc-1.jpg\",\"articleSection\":[\"Actualit\u00e9s\"],\"inLanguage\":\"fr-FR\"},{\"@type\":\"WebPage\",\"@id\":\"https:\/\/www.oc.com.tn\/fr\/atelier-de-travail-intitule-lancement-du-programme-daccompagnement-technique-pour-la-digitalisation-et-le-developpement-de-la-filiere-cerealiere-patdidfic\/\",\"url\":\"https:\/\/www.oc.com.tn\/fr\/atelier-de-travail-intitule-lancement-du-programme-daccompagnement-technique-pour-la-digitalisation-et-le-developpement-de-la-filiere-cerealiere-patdidfic\/\",\"name\":\"Atelier de travail intitul\u00e9 \\\"Lancement du Programme d'Accompagnement Technique pour la Digitalisation et le D\u00e9veloppement de la fili\u00e8re c\u00e9r\u00e9ali\u00e8re-PATDIDFIC. - Office des C\u00e9r\u00e9ales - Tunisie\",\"isPartOf\":{\"@id\":\"https:\/\/www.oc.com.tn\/fr\/#website\"},\"primaryImageOfPage\":{\"@id\":\"https:\/\/www.oc.com.tn\/fr\/atelier-de-travail-intitule-lancement-du-programme-daccompagnement-technique-pour-la-digitalisation-et-le-developpement-de-la-filiere-cerealiere-patdidfic\/#primaryimage\"},\"image\":{\"@id\":\"https:\/\/www.oc.com.tn\/fr\/atelier-de-travail-intitule-lancement-du-programme-daccompagnement-technique-pour-la-digitalisation-et-le-developpement-de-la-filiere-cerealiere-patdidfic\/#primaryimage\"},\"thumbnailUrl\":\"https:\/\/www.oc.com.tn\/wp-content\/uploads\/2023\/10\/oc-1.jpg\",\"datePublished\":\"2023-10-12T12:11:17+00:00\",\"dateModified\":\"2023-10-12T12:11:20+00:00\",\"description\":\"Office des C\u00e9r\u00e9ales\",\"breadcrumb\":{\"@id\":\"https:\/\/www.oc.com.tn\/fr\/atelier-de-travail-intitule-lancement-du-programme-daccompagnement-technique-pour-la-digitalisation-et-le-developpement-de-la-filiere-cerealiere-patdidfic\/#breadcrumb\"},\"inLanguage\":\"fr-FR\",\"potentialAction\":[{\"@type\":\"ReadAction\",\"target\":[\"https:\/\/www.oc.com.tn\/fr\/atelier-de-travail-intitule-lancement-du-programme-daccompagnement-technique-pour-la-digitalisation-et-le-developpement-de-la-filiere-cerealiere-patdidfic\/\"]}]},{\"@type\":\"ImageObject\",\"inLanguage\":\"fr-FR\",\"@id\":\"https:\/\/www.oc.com.tn\/fr\/atelier-de-travail-intitule-lancement-du-programme-daccompagnement-technique-pour-la-digitalisation-et-le-developpement-de-la-filiere-cerealiere-patdidfic\/#primaryimage\",\"url\":\"https:\/\/www.oc.com.tn\/wp-content\/uploads\/2023\/10\/oc-1.jpg\",\"contentUrl\":\"https:\/\/www.oc.com.tn\/wp-content\/uploads\/2023\/10\/oc-1.jpg\",\"width\":708,\"height\":607},{\"@type\":\"BreadcrumbList\",\"@id\":\"https:\/\/www.oc.com.tn\/fr\/atelier-de-travail-intitule-lancement-du-programme-daccompagnement-technique-pour-la-digitalisation-et-le-developpement-de-la-filiere-cerealiere-patdidfic\/#breadcrumb\",\"itemListElement\":[{\"@type\":\"ListItem\",\"position\":1,\"name\":\"Accueil\",\"item\":\"https:\/\/www.oc.com.tn\/fr\/\"},{\"@type\":\"ListItem\",\"position\":2,\"name\":\"Atelier de travail intitul\u00e9 \u00ab\u00a0Lancement du Programme d&rsquo;Accompagnement Technique pour la Digitalisation et le D\u00e9veloppement de la fili\u00e8re c\u00e9r\u00e9ali\u00e8re-PATDIDFIC.\"}]},{\"@type\":\"WebSite\",\"@id\":\"https:\/\/www.oc.com.tn\/fr\/#website\",\"url\":\"https:\/\/www.oc.com.tn\/fr\/\",\"name\":\"Office des C\u00e9r\u00e9ales - Tunisie\",\"description\":\"Office des C\u00e9r\u00e9ales - Tunisie\",\"publisher\":{\"@id\":\"https:\/\/www.oc.com.tn\/fr\/#organization\"},\"alternateName\":\"Office des C\u00e9r\u00e9ales - Tunisie\",\"potentialAction\":[{\"@type\":\"SearchAction\",\"target\":{\"@type\":\"EntryPoint\",\"urlTemplate\":\"https:\/\/www.oc.com.tn\/fr\/?s={search_term_string}\"},\"query-input\":{\"@type\":\"PropertyValueSpecification\",\"valueRequired\":true,\"valueName\":\"search_term_string\"}}],\"inLanguage\":\"fr-FR\"},{\"@type\":\"Organization\",\"@id\":\"https:\/\/www.oc.com.tn\/fr\/#organization\",\"name\":\"Office des C\u00e9r\u00e9ales - Tunisie\",\"url\":\"https:\/\/www.oc.com.tn\/fr\/\",\"logo\":{\"@type\":\"ImageObject\",\"inLanguage\":\"fr-FR\",\"@id\":\"https:\/\/www.oc.com.tn\/fr\/#\/schema\/logo\/image\/\",\"url\":\"https:\/\/www.oc.com.tn\/wp-content\/uploads\/2020\/07\/Logo.png\",\"contentUrl\":\"https:\/\/www.oc.com.tn\/wp-content\/uploads\/2020\/07\/Logo.png\",\"width\":47,\"height\":74,\"caption\":\"Office des C\u00e9r\u00e9ales - Tunisie\"},\"image\":{\"@id\":\"https:\/\/www.oc.com.tn\/fr\/#\/schema\/logo\/image\/\"},\"sameAs\":[\"https:\/\/www.facebook.com\/profile.php?id=100069933501880\"]},{\"@type\":\"Person\",\"@id\":\"https:\/\/www.oc.com.tn\/fr\/#\/schema\/person\/7d67e98c12dbea10942a0f7988e7f7ac\",\"name\":\"tender\",\"image\":{\"@type\":\"ImageObject\",\"inLanguage\":\"fr-FR\",\"@id\":\"https:\/\/www.oc.com.tn\/fr\/#\/schema\/person\/image\/\",\"url\":\"https:\/\/secure.gravatar.com\/avatar\/61d83a4ac29a23ca8e4f6724b2138881ea510fe08034853f92679db97b103b3d?s=96&d=mm&r=g\",\"contentUrl\":\"https:\/\/secure.gravatar.com\/avatar\/61d83a4ac29a23ca8e4f6724b2138881ea510fe08034853f92679db97b103b3d?s=96&d=mm&r=g\",\"caption\":\"tender\"},\"url\":\"https:\/\/www.oc.com.tn\/fr\/author\/tender\/\"}]}<\/script>\n<!-- \/ Yoast SEO plugin. -->","yoast_head_json":{"title":"Atelier de travail intitul\u00e9 \"Lancement du Programme d'Accompagnement Technique pour la Digitalisation et le D\u00e9veloppement de la fili\u00e8re c\u00e9r\u00e9ali\u00e8re-PATDIDFIC. - Office des C\u00e9r\u00e9ales - Tunisie","description":"Office des C\u00e9r\u00e9ales","robots":{"index":"index","follow":"follow","max-snippet":"max-snippet:-1","max-image-preview":"max-image-preview:large","max-video-preview":"max-video-preview:-1"},"canonical":"https:\/\/www.oc.com.tn\/fr\/atelier-de-travail-intitule-lancement-du-programme-daccompagnement-technique-pour-la-digitalisation-et-le-developpement-de-la-filiere-cerealiere-patdidfic\/","og_locale":"fr_FR","og_type":"article","og_title":"Atelier de travail intitul\u00e9 \"Lancement du Programme d'Accompagnement Technique pour la Digitalisation et le D\u00e9veloppement de la fili\u00e8re c\u00e9r\u00e9ali\u00e8re-PATDIDFIC. - Office des C\u00e9r\u00e9ales - Tunisie","og_description":"Office des C\u00e9r\u00e9ales","og_url":"https:\/\/www.oc.com.tn\/fr\/atelier-de-travail-intitule-lancement-du-programme-daccompagnement-technique-pour-la-digitalisation-et-le-developpement-de-la-filiere-cerealiere-patdidfic\/","og_site_name":"Office des C\u00e9r\u00e9ales - Tunisie","article_publisher":"https:\/\/www.facebook.com\/profile.php?id=100069933501880","article_published_time":"2023-10-12T12:11:17+00:00","article_modified_time":"2023-10-12T12:11:20+00:00","og_image":[{"width":708,"height":607,"url":"https:\/\/www.oc.com.tn\/wp-content\/uploads\/2023\/10\/oc-1.jpg","type":"image\/jpeg"}],"author":"tender","twitter_card":"summary_large_image","twitter_misc":{"\u00c9crit par":"tender","Dur\u00e9e de lecture estim\u00e9e":"2 minutes"},"schema":{"@context":"https:\/\/schema.org","@graph":[{"@type":"Article","@id":"https:\/\/www.oc.com.tn\/fr\/atelier-de-travail-intitule-lancement-du-programme-daccompagnement-technique-pour-la-digitalisation-et-le-developpement-de-la-filiere-cerealiere-patdidfic\/#article","isPartOf":{"@id":"https:\/\/www.oc.com.tn\/fr\/atelier-de-travail-intitule-lancement-du-programme-daccompagnement-technique-pour-la-digitalisation-et-le-developpement-de-la-filiere-cerealiere-patdidfic\/"},"author":{"name":"tender","@id":"https:\/\/www.oc.com.tn\/fr\/#\/schema\/person\/7d67e98c12dbea10942a0f7988e7f7ac"},"headline":"Atelier de travail intitul\u00e9 &#8220;Lancement du Programme d&#8217;Accompagnement Technique pour la Digitalisation et le D\u00e9veloppement de la fili\u00e8re c\u00e9r\u00e9ali\u00e8re-PATDIDFIC.","datePublished":"2023-10-12T12:11:17+00:00","dateModified":"2023-10-12T12:11:20+00:00","mainEntityOfPage":{"@id":"https:\/\/www.oc.com.tn\/fr\/atelier-de-travail-intitule-lancement-du-programme-daccompagnement-technique-pour-la-digitalisation-et-le-developpement-de-la-filiere-cerealiere-patdidfic\/"},"wordCount":158,"publisher":{"@id":"https:\/\/www.oc.com.tn\/fr\/#organization"},"image":{"@id":"https:\/\/www.oc.com.tn\/fr\/atelier-de-travail-intitule-lancement-du-programme-daccompagnement-technique-pour-la-digitalisation-et-le-developpement-de-la-filiere-cerealiere-patdidfic\/#primaryimage"},"thumbnailUrl":"https:\/\/www.oc.com.tn\/wp-content\/uploads\/2023\/10\/oc-1.jpg","articleSection":["Actualit\u00e9s"],"inLanguage":"fr-FR"},{"@type":"WebPage","@id":"https:\/\/www.oc.com.tn\/fr\/atelier-de-travail-intitule-lancement-du-programme-daccompagnement-technique-pour-la-digitalisation-et-le-developpement-de-la-filiere-cerealiere-patdidfic\/","url":"https:\/\/www.oc.com.tn\/fr\/atelier-de-travail-intitule-lancement-du-programme-daccompagnement-technique-pour-la-digitalisation-et-le-developpement-de-la-filiere-cerealiere-patdidfic\/","name":"Atelier de travail intitul\u00e9 \"Lancement du Programme d'Accompagnement Technique pour la Digitalisation et le D\u00e9veloppement de la fili\u00e8re c\u00e9r\u00e9ali\u00e8re-PATDIDFIC. - Office des C\u00e9r\u00e9ales - Tunisie","isPartOf":{"@id":"https:\/\/www.oc.com.tn\/fr\/#website"},"primaryImageOfPage":{"@id":"https:\/\/www.oc.com.tn\/fr\/atelier-de-travail-intitule-lancement-du-programme-daccompagnement-technique-pour-la-digitalisation-et-le-developpement-de-la-filiere-cerealiere-patdidfic\/#primaryimage"},"image":{"@id":"https:\/\/www.oc.com.tn\/fr\/atelier-de-travail-intitule-lancement-du-programme-daccompagnement-technique-pour-la-digitalisation-et-le-developpement-de-la-filiere-cerealiere-patdidfic\/#primaryimage"},"thumbnailUrl":"https:\/\/www.oc.com.tn\/wp-content\/uploads\/2023\/10\/oc-1.jpg","datePublished":"2023-10-12T12:11:17+00:00","dateModified":"2023-10-12T12:11:20+00:00","description":"Office des C\u00e9r\u00e9ales","breadcrumb":{"@id":"https:\/\/www.oc.com.tn\/fr\/atelier-de-travail-intitule-lancement-du-programme-daccompagnement-technique-pour-la-digitalisation-et-le-developpement-de-la-filiere-cerealiere-patdidfic\/#breadcrumb"},"inLanguage":"fr-FR","potentialAction":[{"@type":"ReadAction","target":["https:\/\/www.oc.com.tn\/fr\/atelier-de-travail-intitule-lancement-du-programme-daccompagnement-technique-pour-la-digitalisation-et-le-developpement-de-la-filiere-cerealiere-patdidfic\/"]}]},{"@type":"ImageObject","inLanguage":"fr-FR","@id":"https:\/\/www.oc.com.tn\/fr\/atelier-de-travail-intitule-lancement-du-programme-daccompagnement-technique-pour-la-digitalisation-et-le-developpement-de-la-filiere-cerealiere-patdidfic\/#primaryimage","url":"https:\/\/www.oc.com.tn\/wp-content\/uploads\/2023\/10\/oc-1.jpg","contentUrl":"https:\/\/www.oc.com.tn\/wp-content\/uploads\/2023\/10\/oc-1.jpg","width":708,"height":607},{"@type":"BreadcrumbList","@id":"https:\/\/www.oc.com.tn\/fr\/atelier-de-travail-intitule-lancement-du-programme-daccompagnement-technique-pour-la-digitalisation-et-le-developpement-de-la-filiere-cerealiere-patdidfic\/#breadcrumb","itemListElement":[{"@type":"ListItem","position":1,"name":"Accueil","item":"https:\/\/www.oc.com.tn\/fr\/"},{"@type":"ListItem","position":2,"name":"Atelier de travail intitul\u00e9 \u00ab\u00a0Lancement du Programme d&rsquo;Accompagnement Technique pour la Digitalisation et le D\u00e9veloppement de la fili\u00e8re c\u00e9r\u00e9ali\u00e8re-PATDIDFIC."}]},{"@type":"WebSite","@id":"https:\/\/www.oc.com.tn\/fr\/#website","url":"https:\/\/www.oc.com.tn\/fr\/","name":"Office des C\u00e9r\u00e9ales - Tunisie","description":"Office des C\u00e9r\u00e9ales - Tunisie","publisher":{"@id":"https:\/\/www.oc.com.tn\/fr\/#organization"},"alternateName":"Office des C\u00e9r\u00e9ales - Tunisie","potentialAction":[{"@type":"SearchAction","target":{"@type":"EntryPoint","urlTemplate":"https:\/\/www.oc.com.tn\/fr\/?s={search_term_string}"},"query-input":{"@type":"PropertyValueSpecification","valueRequired":true,"valueName":"search_term_string"}}],"inLanguage":"fr-FR"},{"@type":"Organization","@id":"https:\/\/www.oc.com.tn\/fr\/#organization","name":"Office des C\u00e9r\u00e9ales - Tunisie","url":"https:\/\/www.oc.com.tn\/fr\/","logo":{"@type":"ImageObject","inLanguage":"fr-FR","@id":"https:\/\/www.oc.com.tn\/fr\/#\/schema\/logo\/image\/","url":"https:\/\/www.oc.com.tn\/wp-content\/uploads\/2020\/07\/Logo.png","contentUrl":"https:\/\/www.oc.com.tn\/wp-content\/uploads\/2020\/07\/Logo.png","width":47,"height":74,"caption":"Office des C\u00e9r\u00e9ales - Tunisie"},"image":{"@id":"https:\/\/www.oc.com.tn\/fr\/#\/schema\/logo\/image\/"},"sameAs":["https:\/\/www.facebook.com\/profile.php?id=100069933501880"]},{"@type":"Person","@id":"https:\/\/www.oc.com.tn\/fr\/#\/schema\/person\/7d67e98c12dbea10942a0f7988e7f7ac","name":"tender","image":{"@type":"ImageObject","inLanguage":"fr-FR","@id":"https:\/\/www.oc.com.tn\/fr\/#\/schema\/person\/image\/","url":"https:\/\/secure.gravatar.com\/avatar\/61d83a4ac29a23ca8e4f6724b2138881ea510fe08034853f92679db97b103b3d?s=96&d=mm&r=g","contentUrl":"https:\/\/secure.gravatar.com\/avatar\/61d83a4ac29a23ca8e4f6724b2138881ea510fe08034853f92679db97b103b3d?s=96&d=mm&r=g","caption":"tender"},"url":"https:\/\/www.oc.com.tn\/fr\/author\/tender\/"}]}},"_links":{"self":[{"href":"https:\/\/www.oc.com.tn\/fr\/wp-json\/wp\/v2\/posts\/11592","targetHints":{"allow":["GET"]}}],"collection":[{"href":"https:\/\/www.oc.com.tn\/fr\/wp-json\/wp\/v2\/posts"}],"about":[{"href":"https:\/\/www.oc.com.tn\/fr\/wp-json\/wp\/v2\/types\/post"}],"author":[{"embeddable":true,"href":"https:\/\/www.oc.com.tn\/fr\/wp-json\/wp\/v2\/users\/5"}],"replies":[{"embeddable":true,"href":"https:\/\/www.oc.com.tn\/fr\/wp-json\/wp\/v2\/comments?post=11592"}],"version-history":[{"count":2,"href":"https:\/\/www.oc.com.tn\/fr\/wp-json\/wp\/v2\/posts\/11592\/revisions"}],"predecessor-version":[{"id":11603,"href":"https:\/\/www.oc.com.tn\/fr\/wp-json\/wp\/v2\/posts\/11592\/revisions\/11603"}],"wp:featuredmedia":[{"embeddable":true,"href":"https:\/\/www.oc.com.tn\/fr\/wp-json\/wp\/v2\/media\/11599"}],"wp:attachment":[{"href":"https:\/\/www.oc.com.tn\/fr\/wp-json\/wp\/v2\/media?parent=11592"}],"wp:term":[{"taxonomy":"category","embeddable":true,"href":"https:\/\/www.oc.com.tn\/fr\/wp-json\/wp\/v2\/categories?post=11592"},{"taxonomy":"post_tag","embeddable":true,"href":"https:\/\/www.oc.com.tn\/fr\/wp-json\/wp\/v2\/tags?post=11592"}],"curies":[{"name":"wp","href":"https:\/\/api.w.org\/{rel}","templated":true}]}}