

{"id":11111,"date":"2023-06-21T16:45:42","date_gmt":"2023-06-21T14:45:42","guid":{"rendered":"https:\/\/www.oc.com.tn\/?p=11111"},"modified":"2023-06-23T16:23:34","modified_gmt":"2023-06-23T14:23:34","slug":"seance-de-travail-relative-au-lancement-des-travaux-du-cabinet-de-conseil-deloitte","status":"publish","type":"post","link":"https:\/\/www.oc.com.tn\/fr\/seance-de-travail-relative-au-lancement-des-travaux-du-cabinet-de-conseil-deloitte\/","title":{"rendered":"S\u00e9ance de travail relative au lancement des travaux du Cabinet de Conseil DELOITTE"},"content":{"rendered":"\n<p>Dans le cadre de la concr\u00e9tisation de la 1\u00e8re composante de la feuille de route relative au pr\u00eat accord\u00e9 par la Banque europ\u00e9enne pour la reconstruction et le d\u00e9veloppement (BERD), qui comprend une subvention d&#8217;environ 2 millions d&#8217;euros pour la mise en \u0153uvre du projet de r\u00e9formes visant \u00e0 am\u00e9liorer les performances de l&#8217;Office des c\u00e9r\u00e9ales et \u00e0 accro\u00eetre l&#8217;efficacit\u00e9 du secteur c\u00e9r\u00e9alier en Tunisie, et conform\u00e9ment au contrat conclu entre la BERD et le cabinet de conseil (DELOITTE) charg\u00e9 d&#8217;\u00e9valuer le projet et de proposer des solutions pertinentes, une s\u00e9ance de travail a \u00e9t\u00e9 tenue au si\u00e8ge de l&#8217;Office des c\u00e9r\u00e9ales pour marquer le lancement dudit projet.<\/p>\n\n\n\n<figure class=\"wp-block-image size-full is-resized\"><img fetchpriority=\"high\" decoding=\"async\" src=\"https:\/\/www.oc.com.tn\/wp-content\/uploads\/2023\/06\/occcccccccc4.jpg\" alt=\"\" class=\"wp-image-11201\" width=\"699\" height=\"466\"\/><\/figure>\n\n\n\n<figure class=\"wp-block-image alignwide size-full\"><img decoding=\"async\" width=\"240\" height=\"165\" data-src=\"http:\/\/www.oc.com.tn\/wp-content\/uploads\/2023\/06\/occccc1.jpg\" alt=\"\" class=\"wp-image-11118 lazyload\" src=\"data:image\/svg+xml;base64,PHN2ZyB3aWR0aD0iMSIgaGVpZ2h0PSIxIiB4bWxucz0iaHR0cDovL3d3dy53My5vcmcvMjAwMC9zdmciPjwvc3ZnPg==\" style=\"--smush-placeholder-width: 240px; --smush-placeholder-aspect-ratio: 240\/165;\" \/><\/figure>\n\n\n\n<figure class=\"wp-block-image alignwide size-large\"><img decoding=\"async\" width=\"240\" height=\"165\" data-src=\"http:\/\/www.oc.com.tn\/wp-content\/uploads\/2023\/06\/occccc2.jpg\" alt=\"\" class=\"wp-image-11115 lazyload\" src=\"data:image\/svg+xml;base64,PHN2ZyB3aWR0aD0iMSIgaGVpZ2h0PSIxIiB4bWxucz0iaHR0cDovL3d3dy53My5vcmcvMjAwMC9zdmciPjwvc3ZnPg==\" style=\"--smush-placeholder-width: 240px; --smush-placeholder-aspect-ratio: 240\/165;\" \/><\/figure>\n\n\n\n<figure class=\"wp-block-image alignwide size-large\"><img decoding=\"async\" width=\"240\" height=\"160\" data-src=\"http:\/\/www.oc.com.tn\/wp-content\/uploads\/2023\/06\/occccc3.jpg\" alt=\"\" class=\"wp-image-11112 lazyload\" src=\"data:image\/svg+xml;base64,PHN2ZyB3aWR0aD0iMSIgaGVpZ2h0PSIxIiB4bWxucz0iaHR0cDovL3d3dy53My5vcmcvMjAwMC9zdmciPjwvc3ZnPg==\" style=\"--smush-placeholder-width: 240px; --smush-placeholder-aspect-ratio: 240\/160;\" \/><\/figure>\n","protected":false},"excerpt":{"rendered":"<p>Dans le cadre de la concr\u00e9tisation de la 1\u00e8re composante de la feuille de route relative au pr\u00eat accord\u00e9 par la Banque europ\u00e9enne pour la reconstruction et le d\u00e9veloppement (BERD), qui comprend une subvention d&#8217;environ 2 millions d&#8217;euros pour la mise en \u0153uvre du projet de r\u00e9formes visant \u00e0 am\u00e9liorer les performances de l&#8217;Office des [&hellip;]<\/p>\n","protected":false},"author":5,"featured_media":11118,"comment_status":"closed","ping_status":"open","sticky":false,"template":"","format":"standard","meta":{"_monsterinsights_skip_tracking":false,"_monsterinsights_sitenote_active":false,"_monsterinsights_sitenote_note":"","_monsterinsights_sitenote_category":0,"footnotes":""},"categories":[98],"tags":[],"class_list":["post-11111","post","type-post","status-publish","format-standard","has-post-thumbnail","hentry","category-actualites"],"yoast_head":"<!-- This site is optimized with the Yoast SEO plugin v25.5 - https:\/\/yoast.com\/wordpress\/plugins\/seo\/ -->\n<title>S\u00e9ance de travail relative au lancement des travaux du Cabinet de Conseil DELOITTE - Office des C\u00e9r\u00e9ales - Tunisie<\/title>\n<meta name=\"description\" content=\"Office des C\u00e9r\u00e9ales\" \/>\n<meta name=\"robots\" content=\"index, follow, max-snippet:-1, max-image-preview:large, max-video-preview:-1\" \/>\n<link rel=\"canonical\" href=\"https:\/\/www.oc.com.tn\/fr\/seance-de-travail-relative-au-lancement-des-travaux-du-cabinet-de-conseil-deloitte\/\" \/>\n<meta property=\"og:locale\" content=\"fr_FR\" \/>\n<meta property=\"og:type\" content=\"article\" \/>\n<meta property=\"og:title\" content=\"S\u00e9ance de travail relative au lancement des travaux du Cabinet de Conseil DELOITTE - Office des C\u00e9r\u00e9ales - Tunisie\" \/>\n<meta property=\"og:description\" content=\"Office des C\u00e9r\u00e9ales\" \/>\n<meta property=\"og:url\" content=\"https:\/\/www.oc.com.tn\/fr\/seance-de-travail-relative-au-lancement-des-travaux-du-cabinet-de-conseil-deloitte\/\" \/>\n<meta property=\"og:site_name\" content=\"Office des C\u00e9r\u00e9ales - Tunisie\" \/>\n<meta property=\"article:publisher\" content=\"https:\/\/www.facebook.com\/profile.php?id=100069933501880\" \/>\n<meta property=\"article:published_time\" content=\"2023-06-21T14:45:42+00:00\" \/>\n<meta property=\"article:modified_time\" content=\"2023-06-23T14:23:34+00:00\" \/>\n<meta property=\"og:image\" content=\"https:\/\/www.oc.com.tn\/wp-content\/uploads\/2023\/06\/occccc1.jpg\" \/>\n\t<meta property=\"og:image:width\" content=\"240\" \/>\n\t<meta property=\"og:image:height\" content=\"165\" \/>\n\t<meta property=\"og:image:type\" content=\"image\/jpeg\" \/>\n<meta name=\"author\" content=\"tender\" \/>\n<meta name=\"twitter:card\" content=\"summary_large_image\" \/>\n<meta name=\"twitter:label1\" content=\"\u00c9crit par\" \/>\n\t<meta name=\"twitter:data1\" content=\"tender\" \/>\n\t<meta name=\"twitter:label2\" content=\"Dur\u00e9e de lecture estim\u00e9e\" \/>\n\t<meta name=\"twitter:data2\" content=\"2 minutes\" \/>\n<script type=\"application\/ld+json\" class=\"yoast-schema-graph\">{\"@context\":\"https:\/\/schema.org\",\"@graph\":[{\"@type\":\"Article\",\"@id\":\"https:\/\/www.oc.com.tn\/fr\/seance-de-travail-relative-au-lancement-des-travaux-du-cabinet-de-conseil-deloitte\/#article\",\"isPartOf\":{\"@id\":\"https:\/\/www.oc.com.tn\/fr\/seance-de-travail-relative-au-lancement-des-travaux-du-cabinet-de-conseil-deloitte\/\"},\"author\":{\"name\":\"tender\",\"@id\":\"https:\/\/www.oc.com.tn\/fr\/#\/schema\/person\/7d67e98c12dbea10942a0f7988e7f7ac\"},\"headline\":\"S\u00e9ance de travail relative au lancement des travaux du Cabinet de Conseil DELOITTE\",\"datePublished\":\"2023-06-21T14:45:42+00:00\",\"dateModified\":\"2023-06-23T14:23:34+00:00\",\"mainEntityOfPage\":{\"@id\":\"https:\/\/www.oc.com.tn\/fr\/seance-de-travail-relative-au-lancement-des-travaux-du-cabinet-de-conseil-deloitte\/\"},\"wordCount\":136,\"publisher\":{\"@id\":\"https:\/\/www.oc.com.tn\/fr\/#organization\"},\"image\":{\"@id\":\"https:\/\/www.oc.com.tn\/fr\/seance-de-travail-relative-au-lancement-des-travaux-du-cabinet-de-conseil-deloitte\/#primaryimage\"},\"thumbnailUrl\":\"https:\/\/www.oc.com.tn\/wp-content\/uploads\/2023\/06\/occccc1.jpg\",\"articleSection\":[\"Actualit\u00e9s\"],\"inLanguage\":\"fr-FR\"},{\"@type\":\"WebPage\",\"@id\":\"https:\/\/www.oc.com.tn\/fr\/seance-de-travail-relative-au-lancement-des-travaux-du-cabinet-de-conseil-deloitte\/\",\"url\":\"https:\/\/www.oc.com.tn\/fr\/seance-de-travail-relative-au-lancement-des-travaux-du-cabinet-de-conseil-deloitte\/\",\"name\":\"S\u00e9ance de travail relative au lancement des travaux du Cabinet de Conseil DELOITTE - Office des C\u00e9r\u00e9ales - Tunisie\",\"isPartOf\":{\"@id\":\"https:\/\/www.oc.com.tn\/fr\/#website\"},\"primaryImageOfPage\":{\"@id\":\"https:\/\/www.oc.com.tn\/fr\/seance-de-travail-relative-au-lancement-des-travaux-du-cabinet-de-conseil-deloitte\/#primaryimage\"},\"image\":{\"@id\":\"https:\/\/www.oc.com.tn\/fr\/seance-de-travail-relative-au-lancement-des-travaux-du-cabinet-de-conseil-deloitte\/#primaryimage\"},\"thumbnailUrl\":\"https:\/\/www.oc.com.tn\/wp-content\/uploads\/2023\/06\/occccc1.jpg\",\"datePublished\":\"2023-06-21T14:45:42+00:00\",\"dateModified\":\"2023-06-23T14:23:34+00:00\",\"description\":\"Office des C\u00e9r\u00e9ales\",\"breadcrumb\":{\"@id\":\"https:\/\/www.oc.com.tn\/fr\/seance-de-travail-relative-au-lancement-des-travaux-du-cabinet-de-conseil-deloitte\/#breadcrumb\"},\"inLanguage\":\"fr-FR\",\"potentialAction\":[{\"@type\":\"ReadAction\",\"target\":[\"https:\/\/www.oc.com.tn\/fr\/seance-de-travail-relative-au-lancement-des-travaux-du-cabinet-de-conseil-deloitte\/\"]}]},{\"@type\":\"ImageObject\",\"inLanguage\":\"fr-FR\",\"@id\":\"https:\/\/www.oc.com.tn\/fr\/seance-de-travail-relative-au-lancement-des-travaux-du-cabinet-de-conseil-deloitte\/#primaryimage\",\"url\":\"https:\/\/www.oc.com.tn\/wp-content\/uploads\/2023\/06\/occccc1.jpg\",\"contentUrl\":\"https:\/\/www.oc.com.tn\/wp-content\/uploads\/2023\/06\/occccc1.jpg\",\"width\":240,\"height\":165},{\"@type\":\"BreadcrumbList\",\"@id\":\"https:\/\/www.oc.com.tn\/fr\/seance-de-travail-relative-au-lancement-des-travaux-du-cabinet-de-conseil-deloitte\/#breadcrumb\",\"itemListElement\":[{\"@type\":\"ListItem\",\"position\":1,\"name\":\"Accueil\",\"item\":\"https:\/\/www.oc.com.tn\/fr\/\"},{\"@type\":\"ListItem\",\"position\":2,\"name\":\"S\u00e9ance de travail relative au lancement des travaux du Cabinet de Conseil DELOITTE\"}]},{\"@type\":\"WebSite\",\"@id\":\"https:\/\/www.oc.com.tn\/fr\/#website\",\"url\":\"https:\/\/www.oc.com.tn\/fr\/\",\"name\":\"Office des C\u00e9r\u00e9ales - Tunisie\",\"description\":\"Office des C\u00e9r\u00e9ales - Tunisie\",\"publisher\":{\"@id\":\"https:\/\/www.oc.com.tn\/fr\/#organization\"},\"alternateName\":\"Office des C\u00e9r\u00e9ales - Tunisie\",\"potentialAction\":[{\"@type\":\"SearchAction\",\"target\":{\"@type\":\"EntryPoint\",\"urlTemplate\":\"https:\/\/www.oc.com.tn\/fr\/?s={search_term_string}\"},\"query-input\":{\"@type\":\"PropertyValueSpecification\",\"valueRequired\":true,\"valueName\":\"search_term_string\"}}],\"inLanguage\":\"fr-FR\"},{\"@type\":\"Organization\",\"@id\":\"https:\/\/www.oc.com.tn\/fr\/#organization\",\"name\":\"Office des C\u00e9r\u00e9ales - Tunisie\",\"url\":\"https:\/\/www.oc.com.tn\/fr\/\",\"logo\":{\"@type\":\"ImageObject\",\"inLanguage\":\"fr-FR\",\"@id\":\"https:\/\/www.oc.com.tn\/fr\/#\/schema\/logo\/image\/\",\"url\":\"https:\/\/www.oc.com.tn\/wp-content\/uploads\/2020\/07\/Logo.png\",\"contentUrl\":\"https:\/\/www.oc.com.tn\/wp-content\/uploads\/2020\/07\/Logo.png\",\"width\":47,\"height\":74,\"caption\":\"Office des C\u00e9r\u00e9ales - Tunisie\"},\"image\":{\"@id\":\"https:\/\/www.oc.com.tn\/fr\/#\/schema\/logo\/image\/\"},\"sameAs\":[\"https:\/\/www.facebook.com\/profile.php?id=100069933501880\"]},{\"@type\":\"Person\",\"@id\":\"https:\/\/www.oc.com.tn\/fr\/#\/schema\/person\/7d67e98c12dbea10942a0f7988e7f7ac\",\"name\":\"tender\",\"image\":{\"@type\":\"ImageObject\",\"inLanguage\":\"fr-FR\",\"@id\":\"https:\/\/www.oc.com.tn\/fr\/#\/schema\/person\/image\/\",\"url\":\"https:\/\/secure.gravatar.com\/avatar\/61d83a4ac29a23ca8e4f6724b2138881ea510fe08034853f92679db97b103b3d?s=96&d=mm&r=g\",\"contentUrl\":\"https:\/\/secure.gravatar.com\/avatar\/61d83a4ac29a23ca8e4f6724b2138881ea510fe08034853f92679db97b103b3d?s=96&d=mm&r=g\",\"caption\":\"tender\"},\"url\":\"https:\/\/www.oc.com.tn\/fr\/author\/tender\/\"}]}<\/script>\n<!-- \/ Yoast SEO plugin. -->","yoast_head_json":{"title":"S\u00e9ance de travail relative au lancement des travaux du Cabinet de Conseil DELOITTE - Office des C\u00e9r\u00e9ales - Tunisie","description":"Office des C\u00e9r\u00e9ales","robots":{"index":"index","follow":"follow","max-snippet":"max-snippet:-1","max-image-preview":"max-image-preview:large","max-video-preview":"max-video-preview:-1"},"canonical":"https:\/\/www.oc.com.tn\/fr\/seance-de-travail-relative-au-lancement-des-travaux-du-cabinet-de-conseil-deloitte\/","og_locale":"fr_FR","og_type":"article","og_title":"S\u00e9ance de travail relative au lancement des travaux du Cabinet de Conseil DELOITTE - Office des C\u00e9r\u00e9ales - Tunisie","og_description":"Office des C\u00e9r\u00e9ales","og_url":"https:\/\/www.oc.com.tn\/fr\/seance-de-travail-relative-au-lancement-des-travaux-du-cabinet-de-conseil-deloitte\/","og_site_name":"Office des C\u00e9r\u00e9ales - Tunisie","article_publisher":"https:\/\/www.facebook.com\/profile.php?id=100069933501880","article_published_time":"2023-06-21T14:45:42+00:00","article_modified_time":"2023-06-23T14:23:34+00:00","og_image":[{"width":240,"height":165,"url":"https:\/\/www.oc.com.tn\/wp-content\/uploads\/2023\/06\/occccc1.jpg","type":"image\/jpeg"}],"author":"tender","twitter_card":"summary_large_image","twitter_misc":{"\u00c9crit par":"tender","Dur\u00e9e de lecture estim\u00e9e":"2 minutes"},"schema":{"@context":"https:\/\/schema.org","@graph":[{"@type":"Article","@id":"https:\/\/www.oc.com.tn\/fr\/seance-de-travail-relative-au-lancement-des-travaux-du-cabinet-de-conseil-deloitte\/#article","isPartOf":{"@id":"https:\/\/www.oc.com.tn\/fr\/seance-de-travail-relative-au-lancement-des-travaux-du-cabinet-de-conseil-deloitte\/"},"author":{"name":"tender","@id":"https:\/\/www.oc.com.tn\/fr\/#\/schema\/person\/7d67e98c12dbea10942a0f7988e7f7ac"},"headline":"S\u00e9ance de travail relative au lancement des travaux du Cabinet de Conseil DELOITTE","datePublished":"2023-06-21T14:45:42+00:00","dateModified":"2023-06-23T14:23:34+00:00","mainEntityOfPage":{"@id":"https:\/\/www.oc.com.tn\/fr\/seance-de-travail-relative-au-lancement-des-travaux-du-cabinet-de-conseil-deloitte\/"},"wordCount":136,"publisher":{"@id":"https:\/\/www.oc.com.tn\/fr\/#organization"},"image":{"@id":"https:\/\/www.oc.com.tn\/fr\/seance-de-travail-relative-au-lancement-des-travaux-du-cabinet-de-conseil-deloitte\/#primaryimage"},"thumbnailUrl":"https:\/\/www.oc.com.tn\/wp-content\/uploads\/2023\/06\/occccc1.jpg","articleSection":["Actualit\u00e9s"],"inLanguage":"fr-FR"},{"@type":"WebPage","@id":"https:\/\/www.oc.com.tn\/fr\/seance-de-travail-relative-au-lancement-des-travaux-du-cabinet-de-conseil-deloitte\/","url":"https:\/\/www.oc.com.tn\/fr\/seance-de-travail-relative-au-lancement-des-travaux-du-cabinet-de-conseil-deloitte\/","name":"S\u00e9ance de travail relative au lancement des travaux du Cabinet de Conseil DELOITTE - Office des C\u00e9r\u00e9ales - Tunisie","isPartOf":{"@id":"https:\/\/www.oc.com.tn\/fr\/#website"},"primaryImageOfPage":{"@id":"https:\/\/www.oc.com.tn\/fr\/seance-de-travail-relative-au-lancement-des-travaux-du-cabinet-de-conseil-deloitte\/#primaryimage"},"image":{"@id":"https:\/\/www.oc.com.tn\/fr\/seance-de-travail-relative-au-lancement-des-travaux-du-cabinet-de-conseil-deloitte\/#primaryimage"},"thumbnailUrl":"https:\/\/www.oc.com.tn\/wp-content\/uploads\/2023\/06\/occccc1.jpg","datePublished":"2023-06-21T14:45:42+00:00","dateModified":"2023-06-23T14:23:34+00:00","description":"Office des C\u00e9r\u00e9ales","breadcrumb":{"@id":"https:\/\/www.oc.com.tn\/fr\/seance-de-travail-relative-au-lancement-des-travaux-du-cabinet-de-conseil-deloitte\/#breadcrumb"},"inLanguage":"fr-FR","potentialAction":[{"@type":"ReadAction","target":["https:\/\/www.oc.com.tn\/fr\/seance-de-travail-relative-au-lancement-des-travaux-du-cabinet-de-conseil-deloitte\/"]}]},{"@type":"ImageObject","inLanguage":"fr-FR","@id":"https:\/\/www.oc.com.tn\/fr\/seance-de-travail-relative-au-lancement-des-travaux-du-cabinet-de-conseil-deloitte\/#primaryimage","url":"https:\/\/www.oc.com.tn\/wp-content\/uploads\/2023\/06\/occccc1.jpg","contentUrl":"https:\/\/www.oc.com.tn\/wp-content\/uploads\/2023\/06\/occccc1.jpg","width":240,"height":165},{"@type":"BreadcrumbList","@id":"https:\/\/www.oc.com.tn\/fr\/seance-de-travail-relative-au-lancement-des-travaux-du-cabinet-de-conseil-deloitte\/#breadcrumb","itemListElement":[{"@type":"ListItem","position":1,"name":"Accueil","item":"https:\/\/www.oc.com.tn\/fr\/"},{"@type":"ListItem","position":2,"name":"S\u00e9ance de travail relative au lancement des travaux du Cabinet de Conseil DELOITTE"}]},{"@type":"WebSite","@id":"https:\/\/www.oc.com.tn\/fr\/#website","url":"https:\/\/www.oc.com.tn\/fr\/","name":"Office des C\u00e9r\u00e9ales - Tunisie","description":"Office des C\u00e9r\u00e9ales - Tunisie","publisher":{"@id":"https:\/\/www.oc.com.tn\/fr\/#organization"},"alternateName":"Office des C\u00e9r\u00e9ales - Tunisie","potentialAction":[{"@type":"SearchAction","target":{"@type":"EntryPoint","urlTemplate":"https:\/\/www.oc.com.tn\/fr\/?s={search_term_string}"},"query-input":{"@type":"PropertyValueSpecification","valueRequired":true,"valueName":"search_term_string"}}],"inLanguage":"fr-FR"},{"@type":"Organization","@id":"https:\/\/www.oc.com.tn\/fr\/#organization","name":"Office des C\u00e9r\u00e9ales - Tunisie","url":"https:\/\/www.oc.com.tn\/fr\/","logo":{"@type":"ImageObject","inLanguage":"fr-FR","@id":"https:\/\/www.oc.com.tn\/fr\/#\/schema\/logo\/image\/","url":"https:\/\/www.oc.com.tn\/wp-content\/uploads\/2020\/07\/Logo.png","contentUrl":"https:\/\/www.oc.com.tn\/wp-content\/uploads\/2020\/07\/Logo.png","width":47,"height":74,"caption":"Office des C\u00e9r\u00e9ales - Tunisie"},"image":{"@id":"https:\/\/www.oc.com.tn\/fr\/#\/schema\/logo\/image\/"},"sameAs":["https:\/\/www.facebook.com\/profile.php?id=100069933501880"]},{"@type":"Person","@id":"https:\/\/www.oc.com.tn\/fr\/#\/schema\/person\/7d67e98c12dbea10942a0f7988e7f7ac","name":"tender","image":{"@type":"ImageObject","inLanguage":"fr-FR","@id":"https:\/\/www.oc.com.tn\/fr\/#\/schema\/person\/image\/","url":"https:\/\/secure.gravatar.com\/avatar\/61d83a4ac29a23ca8e4f6724b2138881ea510fe08034853f92679db97b103b3d?s=96&d=mm&r=g","contentUrl":"https:\/\/secure.gravatar.com\/avatar\/61d83a4ac29a23ca8e4f6724b2138881ea510fe08034853f92679db97b103b3d?s=96&d=mm&r=g","caption":"tender"},"url":"https:\/\/www.oc.com.tn\/fr\/author\/tender\/"}]}},"_links":{"self":[{"href":"https:\/\/www.oc.com.tn\/fr\/wp-json\/wp\/v2\/posts\/11111","targetHints":{"allow":["GET"]}}],"collection":[{"href":"https:\/\/www.oc.com.tn\/fr\/wp-json\/wp\/v2\/posts"}],"about":[{"href":"https:\/\/www.oc.com.tn\/fr\/wp-json\/wp\/v2\/types\/post"}],"author":[{"embeddable":true,"href":"https:\/\/www.oc.com.tn\/fr\/wp-json\/wp\/v2\/users\/5"}],"replies":[{"embeddable":true,"href":"https:\/\/www.oc.com.tn\/fr\/wp-json\/wp\/v2\/comments?post=11111"}],"version-history":[{"count":6,"href":"https:\/\/www.oc.com.tn\/fr\/wp-json\/wp\/v2\/posts\/11111\/revisions"}],"predecessor-version":[{"id":11204,"href":"https:\/\/www.oc.com.tn\/fr\/wp-json\/wp\/v2\/posts\/11111\/revisions\/11204"}],"wp:featuredmedia":[{"embeddable":true,"href":"https:\/\/www.oc.com.tn\/fr\/wp-json\/wp\/v2\/media\/11118"}],"wp:attachment":[{"href":"https:\/\/www.oc.com.tn\/fr\/wp-json\/wp\/v2\/media?parent=11111"}],"wp:term":[{"taxonomy":"category","embeddable":true,"href":"https:\/\/www.oc.com.tn\/fr\/wp-json\/wp\/v2\/categories?post=11111"},{"taxonomy":"post_tag","embeddable":true,"href":"https:\/\/www.oc.com.tn\/fr\/wp-json\/wp\/v2\/tags?post=11111"}],"curies":[{"name":"wp","href":"https:\/\/api.w.org\/{rel}","templated":true}]}}